{"id":217934,"date":"2016-07-21T15:29:41","date_gmt":"2016-07-21T15:29:41","guid":{"rendered":"http:\/\/diariodominicano.ddns.net\/?p=217934"},"modified":"2016-07-21T15:29:41","modified_gmt":"2016-07-21T15:29:41","slug":"mescyt-y-centro-universitario-ceste-firman-convenio","status":"publish","type":"post","link":"https:\/\/diariodominicano.com\/?p=217934","title":{"rendered":"MESCyT y Centro Universitario CESTE firman convenio"},"content":{"rendered":"<p><body><\/p>\n<p><img decoding=\"async\" src=\"img3\/32708dd6-94d9-4527-8a76-d0ad9cb700a8.jpg\" \/>  <\/p>\n<p><span class=\"text1noticias\">Santo Domingo,R.D., 21 de julio.- El Ministerio de Educaci\u00f3n Superior, Ciencia y Tecnolog\u00eda (MESCyT) y el Centro Universitario CESTE firmaron hoy un convenio donde acuerdan colaborar para el desarrollo de un programa de capacitaci\u00f3n dirigida a la formaci\u00f3n y mejora de las competencias de los estudiantes y profesores en materia de emprendimiento e innovaci\u00f3n que posibilite un mayor crecimiento del Sistema de Emprendimiento de la Rep\u00fablica Dominicana.<\/span><\/p>\n<\/p>\n<p><span class=\"text1noticias\"> El acuerdo fue firmado por la Ministra de Educaci\u00f3n Superior, Ciencia y Tecnolog\u00eda, doctora Ligia Amada Melo; y el Director Acad\u00e9mico del CESTE, Manuel J. Badal Barrachina.<\/span><\/p>\n<\/p>\n<p><span class=\"text1noticias\">El Programa \u00abTalleres de Emprendimiento: Turismo, Desarrollo e Innovaci\u00f3n Social\u00bb, contempla realizar un m\u00e1ximo de tres talleres en las zonas de Hig\u00fcey, Barahona y Santiago, y alcanzar\u00e1 hasta 40 participantes en cada uno de ellos, con la finalidad de impulsar la creaci\u00f3n de emprendimientos dirigidos a generar valor agregado en las comunidades locales aprovechando el impulso de sectores estrat\u00e9gicos como el turismo y otros,  apoy\u00e1ndose en el uso de las tecnolog\u00edas y la econom\u00eda digital.<\/span><\/p>\n<\/p>\n<p><span class=\"text1noticias\">Cada programa comprende una duraci\u00f3n de 16 horas presenciales, que se realizar\u00e1n a lo largo de una semana en sesiones de grupo completo o en seminarios y talleres, para lo cual se podr\u00e1 dividir el grupo de los participantes en tandas.<\/span><\/p>\n<p><span class=\"text1noticias\">Este acuerdo forma parte las acciones que viene desarrollando el MESCyT, como parte de las pol\u00edticas del gobierno que encabeza el Presidente Danilo Medina.<\/span><\/p>\n<h6> 2016-07-21 15:29:41 <\/h6>\n<p><!--\n<link rel=\"stylesheet\" href=\"css\/bootstrap.min.css\">\n\n\n<ul class=\"pagination\">\n\t    \n\t\n\n<li >\n\t<a href='?page_no=12405'>Previous<\/a>\n\t<\/li>\n\n\n       \n    \n\n<li><a href='?page_no=1'>1<\/a><\/li>\n\n\n\n<li><a href='?page_no=2'>2<\/a><\/li>\n\n\n\n<li><a>...<\/a><\/li>\n\n\n\n<li><a href='?page_no=12404'>12404<\/a><\/li>\n\n\n\n<li><a href='?page_no=12405'>12405<\/a><\/li>\n\n\n\n<li class='active'><a>12406<\/a><\/li>\n\n\n\n<li><a href='?page_no=12407'>12407<\/a><\/li>\n\n\n\n<li><a href='?page_no=12408'>12408<\/a><\/li>\n\n\n\n<li><a>...<\/a><\/li>\n\n\n\n<li><a href='?page_no=56169'>56169<\/a><\/li>\n\n\n\n<li><a href='?page_no=56170'>56170<\/a><\/li>\n\n    \n\t\n\n<li >\n\t<a href='?page_no=12407'>Next<\/a>\n\t<\/li>\n\n\n    \n\n<li><a href='?page_no=56170'>Last &rsaquo;&rsaquo;<\/a><\/li>\n\n<\/ul>\n\n\n--><br \/>\n<\/body><\/p>\n","protected":false},"excerpt":{"rendered":"<p>Santo Domingo,R.D., 21 de julio.- El Ministerio de Educaci\u00f3n Superior, Ciencia y Tecnolog\u00eda (MESCyT) y el Centro Universitario CESTE firmaron hoy un convenio donde acuerdan colaborar para el desarrollo de un programa de capacitaci\u00f3n dirigida a la formaci\u00f3n y mejora de las competencias de los estudiantes y profesores en materia de emprendimiento e innovaci\u00f3n que [&hellip;]<\/p>\n","protected":false},"author":3,"featured_media":0,"comment_status":"open","ping_status":"open","sticky":false,"template":"","format":"standard","meta":{"footnotes":""},"categories":[20],"tags":[],"class_list":["post-217934","post","type-post","status-publish","format-standard","hentry","category-dominicana-hoy"],"_links":{"self":[{"href":"https:\/\/diariodominicano.com\/index.php?rest_route=\/wp\/v2\/posts\/217934","targetHints":{"allow":["GET"]}}],"collection":[{"href":"https:\/\/diariodominicano.com\/index.php?rest_route=\/wp\/v2\/posts"}],"about":[{"href":"https:\/\/diariodominicano.com\/index.php?rest_route=\/wp\/v2\/types\/post"}],"author":[{"embeddable":true,"href":"https:\/\/diariodominicano.com\/index.php?rest_route=\/wp\/v2\/users\/3"}],"replies":[{"embeddable":true,"href":"https:\/\/diariodominicano.com\/index.php?rest_route=%2Fwp%2Fv2%2Fcomments&post=217934"}],"version-history":[{"count":0,"href":"https:\/\/diariodominicano.com\/index.php?rest_route=\/wp\/v2\/posts\/217934\/revisions"}],"wp:attachment":[{"href":"https:\/\/diariodominicano.com\/index.php?rest_route=%2Fwp%2Fv2%2Fmedia&parent=217934"}],"wp:term":[{"taxonomy":"category","embeddable":true,"href":"https:\/\/diariodominicano.com\/index.php?rest_route=%2Fwp%2Fv2%2Fcategories&post=217934"},{"taxonomy":"post_tag","embeddable":true,"href":"https:\/\/diariodominicano.com\/index.php?rest_route=%2Fwp%2Fv2%2Ftags&post=217934"}],"curies":[{"name":"wp","href":"https:\/\/api.w.org\/{rel}","templated":true}]}}