{"id":217933,"date":"2016-07-21T16:08:17","date_gmt":"2016-07-21T16:08:17","guid":{"rendered":"http:\/\/diariodominicano.ddns.net\/?p=217933"},"modified":"2016-07-21T16:08:17","modified_gmt":"2016-07-21T16:08:17","slug":"cnss-juramenta-al-director-del-idss-y-viceministra-de-salud","status":"publish","type":"post","link":"https:\/\/diariodominicano.com\/?p=217933","title":{"rendered":"&#13;CNSS juramenta al director del IDSS y viceministra de salud"},"content":{"rendered":"<p><body><\/p>\n<p><img decoding=\"async\" src=\"img3\/fdbe0317-fc97-4f24-9867-007f11d46fe9.jpg\" \/>  <\/p>\n<p><strong><span class=\"text1noticias\">Santo Domingo, R.D., 21 de julio.-<\/span><\/strong><span class=\"text1noticias\">El Consejo Nacional de Seguridad Social (CNSS) jurament\u00f3 este jueves al director general del Instituto Dominicano de Seguros Sociales (IDSS), C\u00e9sar Mella y a la viceministra de Salud P\u00fablica, Mercedes Rodr\u00edguez como nuevos miembros representantes del sector gubernamental.<\/span><\/p>\n<\/p>\n<p><span class=\"text1noticias\">La juramentaci\u00f3n estuvo a cargo de la ministra de Trabajo y presidenta del CNSS,  Maritza Hern\u00e1ndez, durante una sesi\u00f3n ordinaria del Consejo ante la presencia de representantes de todos los sectores que conforman el ente rector del Sistema Dominicano de Seguridad Social (SDSS).<\/span><\/p>\n<\/p>\n<p><span class=\"text1noticias\">El director general del IDSS, C\u00e9sar Mella, fungir\u00e1 como titular representante del Sector Gubernamental y la viceministra de Salud P\u00fablica, Mercedes Rodr\u00edguez como suplente de la Ministra de Salud P\u00fablica.<\/span><\/p>\n<\/p>\n<p><span class=\"text1noticias\">Luego de ser juramentado el director general del IDSS, C\u00e9sar Mella agradeci\u00f3 la acogida de los miembros del CNSS y su gerencia general al tiempo que manifest\u00f3 su inter\u00e9s de colaborar en el fortalecimiento de la implementaci\u00f3n de la Ley 87-01.<\/span><\/p>\n<\/p>\n<p><span class=\"text1noticias\">En tanto que la Viceministra de Salud P\u00fablica, Mercedes Rodr\u00edguez expres\u00f3 que est\u00e1 en la disposici\u00f3n de trabajar y espera seguir trabajando en la eliminaci\u00f3n de la inequidades en el sector salud.<\/span><\/p>\n<\/p>\n<p><span class=\"text1noticias\">El acto de juramentaci\u00f3n se realiz\u00f3 en el sal\u00f3n de reuniones del CNSS, ante la presencia de los miembros del CNSS y del gerente general del Consejo, Rafael P\u00e9rez Modesto.<\/span><\/p>\n<\/p>\n<p><span class=\"text1noticias\">Durante la reuni\u00f3n los consejeros les dieron la bienvenida a nuevos miembros que se integran a la entidad que tiene a su cargo la direcci\u00f3n y conducci\u00f3n del SDSS y responsable de establecer las pol\u00edticas, regular el funcionamiento del Sistema y sus instituciones.<\/span><\/p>\n<\/p>\n<p><span class=\"text1noticias\">El doctor C\u00e9sar Mella sustituye al doctor Sabino B\u00e1ez y la viceministra de Salud P\u00fablica, Mercedes Rodr\u00edguez sustituye a Nelson Rodr\u00edguez Monegro, actual director del Servicio Nacional de Salud (SNS).<\/span><\/p>\n<\/p>\n<p><span class=\"text1noticias\">Seg\u00fan los establece la Ley 87-01 que crea el Sistema Dominicano de Seguridad Social (SDSS) en el art\u00edculo 23, la representaci\u00f3n de los sectores con dos o m\u00e1s titulares debe garantizar la participaci\u00f3n de ambos g\u00e9neros. En los casos de una sola representaci\u00f3n, el suplente corresponde al g\u00e9nero opuesto.<\/span><\/p>\n<\/p>\n<p><span class=\"text1noticias\">Cada miembro titular tiene un suplente. En caso de los representantes del sector p\u00fablico, s\u00f3lo podr\u00e1n serlo aquellos que ostentan la posici\u00f3n de Viceministros o equivalente. Los titulares y suplente durar\u00e1n dos a\u00f1os cesar\u00e1n en forma escalonada en el ejercicio de sus funciones, pudiendo ser reelegidos s\u00f3lo por un nuevo per\u00edodo de igual duraci\u00f3n.<\/span><\/p>\n<\/p>\n<h6> 2016-07-21 16:08:17 <\/h6>\n<p><!--\n<link rel=\"stylesheet\" href=\"css\/bootstrap.min.css\">\n\n\n<ul class=\"pagination\">\n\t    \n\t\n\n<li >\n\t<a href='?page_no=12404'>Previous<\/a>\n\t<\/li>\n\n\n       \n    \n\n<li><a href='?page_no=1'>1<\/a><\/li>\n\n\n\n<li><a href='?page_no=2'>2<\/a><\/li>\n\n\n\n<li><a>...<\/a><\/li>\n\n\n\n<li><a href='?page_no=12403'>12403<\/a><\/li>\n\n\n\n<li><a href='?page_no=12404'>12404<\/a><\/li>\n\n\n\n<li class='active'><a>12405<\/a><\/li>\n\n\n\n<li><a href='?page_no=12406'>12406<\/a><\/li>\n\n\n\n<li><a href='?page_no=12407'>12407<\/a><\/li>\n\n\n\n<li><a>...<\/a><\/li>\n\n\n\n<li><a href='?page_no=56169'>56169<\/a><\/li>\n\n\n\n<li><a href='?page_no=56170'>56170<\/a><\/li>\n\n    \n\t\n\n<li >\n\t<a href='?page_no=12406'>Next<\/a>\n\t<\/li>\n\n\n    \n\n<li><a href='?page_no=56170'>Last &rsaquo;&rsaquo;<\/a><\/li>\n\n<\/ul>\n\n\n--><br \/>\n<\/body><\/p>\n","protected":false},"excerpt":{"rendered":"<p>Santo Domingo, R.D., 21 de julio.-El Consejo Nacional de Seguridad Social (CNSS) jurament\u00f3 este jueves al director general del Instituto Dominicano de Seguros Sociales (IDSS), C\u00e9sar Mella y a la viceministra de Salud P\u00fablica, Mercedes Rodr\u00edguez como nuevos miembros representantes del sector gubernamental. La juramentaci\u00f3n estuvo a cargo de la ministra de Trabajo y presidenta [&hellip;]<\/p>\n","protected":false},"author":3,"featured_media":0,"comment_status":"open","ping_status":"open","sticky":false,"template":"","format":"standard","meta":{"footnotes":""},"categories":[20],"tags":[],"class_list":["post-217933","post","type-post","status-publish","format-standard","hentry","category-dominicana-hoy"],"_links":{"self":[{"href":"https:\/\/diariodominicano.com\/index.php?rest_route=\/wp\/v2\/posts\/217933","targetHints":{"allow":["GET"]}}],"collection":[{"href":"https:\/\/diariodominicano.com\/index.php?rest_route=\/wp\/v2\/posts"}],"about":[{"href":"https:\/\/diariodominicano.com\/index.php?rest_route=\/wp\/v2\/types\/post"}],"author":[{"embeddable":true,"href":"https:\/\/diariodominicano.com\/index.php?rest_route=\/wp\/v2\/users\/3"}],"replies":[{"embeddable":true,"href":"https:\/\/diariodominicano.com\/index.php?rest_route=%2Fwp%2Fv2%2Fcomments&post=217933"}],"version-history":[{"count":0,"href":"https:\/\/diariodominicano.com\/index.php?rest_route=\/wp\/v2\/posts\/217933\/revisions"}],"wp:attachment":[{"href":"https:\/\/diariodominicano.com\/index.php?rest_route=%2Fwp%2Fv2%2Fmedia&parent=217933"}],"wp:term":[{"taxonomy":"category","embeddable":true,"href":"https:\/\/diariodominicano.com\/index.php?rest_route=%2Fwp%2Fv2%2Fcategories&post=217933"},{"taxonomy":"post_tag","embeddable":true,"href":"https:\/\/diariodominicano.com\/index.php?rest_route=%2Fwp%2Fv2%2Ftags&post=217933"}],"curies":[{"name":"wp","href":"https:\/\/api.w.org\/{rel}","templated":true}]}}