{"id":217931,"date":"2016-07-21T16:17:22","date_gmt":"2016-07-21T16:17:22","guid":{"rendered":"http:\/\/diariodominicano.ddns.net\/?p=217931"},"modified":"2016-07-21T16:17:22","modified_gmt":"2016-07-21T16:17:22","slug":"gobierno-de-haiti-aplicara-como-modelo-a-quisqueya-aprende-contigo","status":"publish","type":"post","link":"https:\/\/diariodominicano.com\/?p=217931","title":{"rendered":"Gobierno de Hait\u00ed aplicar\u00e1 como modelo a Quisqueya Aprende Contigo"},"content":{"rendered":"<p><body><\/p>\n<p><img decoding=\"async\" src=\"img3\/7c11833c-4542-4d89-8c20-4cdf7925ce15.jpg\" \/><br \/><img decoding=\"async\" src=\"img3\/85cd87c3-5fcd-4f71-ab45-b820aebce888.jpg\" \/>  <\/p>\n<p><span class=\"text1noticias\">Santo Domingo, R.D., 21 de julio.- La Direcci\u00f3n General de Programas Especiales de la Presidencia recibi\u00f3 este jueves a una comitiva del gobierno de Hait\u00ed, encabezada por la Secretaria de Estado del Plan de Alfabetizaci\u00f3n en la Rep\u00fablica de Hait\u00ed, Paula Brutus,  quienes manifestaron inter\u00e9s  en conocer los lineamientos y avances del Plan Nacional de Alfabetizaci\u00f3n, con el fin de emular el modelo de Quisqueya Aprende Contigo para la alfabetizaci\u00f3n de personas adultas en su pa\u00eds. <\/span><\/p>\n<\/p>\n<p><span class=\"text1noticias\">En una reuni\u00f3n de trabajo realizada en el sal\u00f3n de conferencias de Digepep, su director General, Lidio Cadet, ofreci\u00f3 las palabras de bienvenida y present\u00f3 a la comitiva la Estrategia de Gobierno Quisqueya Sin Miseria y los planes que la componen.   <\/span><\/p>\n<\/p>\n<p><span class=\"text1noticias\">\u00abCon estos tres planes sociales: Qusisqueya Aprende Contigo, Quisqueya Empieza Contigo y Quisqueya Somos Todos, el Presidente de la Rep\u00fablica Danilo Medina, persigue el objetivo fundamental de disminuir la pobreza y las desigualdades, principales  retos para el desarrollo de la sociedad dominicana y tambi\u00e9n en la vecina naci\u00f3n de Hait\u00ed.\u00bb<\/span><\/p>\n<\/p>\n<p><span class=\"text1noticias\">As\u00ed mismo, la se\u00f1ora Paula Brutus expres\u00f3 las expectativas del gobierno de Hait\u00ed por la alfabetizaci\u00f3n de personas mayores de 15 a\u00f1os tomando como modelo de referencia  al Plan Quisqueya Aprende Contigo.<\/span><\/p>\n<\/p>\n<p><span class=\"text1noticias\">\u00abEstamos conscientes de que el Estado de Hait\u00ed no podr\u00e1 resolver por s\u00ed solo el flagelo que representa el analfabetismo en nuestra naci\u00f3n; esto nos motiv\u00f3 a dirigirnos a la directiva de este plan para establecer lazos de cooperaci\u00f3n, compartir nuestra visi\u00f3n, y fortalecer la solidaridad entre ambas naciones por la alfabetizaci\u00f3n\u00bb. Expres\u00f3 Brutus. <\/span><\/p>\n<\/p>\n<p><span class=\"text1noticias\">La presentaci\u00f3n sobre los distintos aspectos en la ejecuci\u00f3n y resultados del  Plan Nacional de Alfabetizaci\u00f3n Quisqueya Aprende Contigo, estuvo a cargo de Luis Holgu\u00edn-Veras, director del plan, quien en su intervenci\u00f3n destac\u00f3 que  este plan va m\u00e1s all\u00e1 de la alfabetizaci\u00f3n, tambi\u00e9n se trabaja la preparaci\u00f3n de los alfabetizados para el acceso a actividades productivas con la capacitaci\u00f3n t\u00e9cnica o vocacional, y la continuidad educativa con el Programa de Educaci\u00f3n B\u00e1sica y Flexible.<\/span><\/p>\n<\/p>\n<p><span class=\"text1noticias\">En la reuni\u00f3n estuvieron presentes los miembros del Equipo T\u00e9cnico Nacional del Plan de Alfabetizaci\u00f3n, representantes de la Canciller\u00eda Dominicana y siete t\u00e9cnicos que acompa\u00f1aron a la funcionaria del Estado de Hait\u00ed.  <\/span><\/p>\n<\/p>\n<p><span class=\"text1noticias\">Posteriormente al acto de bienvenida y  presentaci\u00f3n de la estrategia, se organiz\u00f3 una visita con la delegaci\u00f3n haitiana a uno de los n\u00facleos de aprendizaje que funciona en el KM 11 de la Autopista Duarte, donde gran parte sus integrantes son de procedencia haitiana regularizados en la Rep\u00fablica Dominicana. <\/span><\/p>\n<\/p>\n<p><span class=\"text1noticias\">El Plan de Alfabetizaci\u00f3n que impulsa  la Presidencia de  Hait\u00ed ser\u00e1 ejecutado en el per\u00edodo 2016-2021 y estar\u00e1 dirigido a las personas iletradas entre 16 a 50 a\u00f1os de edad. Este programa  cuenta actualmente con el  apoyo log\u00edstico y econ\u00f3mico de organismos internacionales como la UNESCO, la FAO, la Uni\u00f3n de Estados Africanos y del gobierno cubano. <\/span><\/p>\n<h6> 2016-07-21 16:17:22 <\/h6>\n<p><!--\n<link rel=\"stylesheet\" href=\"css\/bootstrap.min.css\">\n\n\n<ul class=\"pagination\">\n\t    \n\t\n\n<li >\n\t<a href='?page_no=12402'>Previous<\/a>\n\t<\/li>\n\n\n       \n    \n\n<li><a href='?page_no=1'>1<\/a><\/li>\n\n\n\n<li><a href='?page_no=2'>2<\/a><\/li>\n\n\n\n<li><a>...<\/a><\/li>\n\n\n\n<li><a href='?page_no=12401'>12401<\/a><\/li>\n\n\n\n<li><a href='?page_no=12402'>12402<\/a><\/li>\n\n\n\n<li class='active'><a>12403<\/a><\/li>\n\n\n\n<li><a href='?page_no=12404'>12404<\/a><\/li>\n\n\n\n<li><a href='?page_no=12405'>12405<\/a><\/li>\n\n\n\n<li><a>...<\/a><\/li>\n\n\n\n<li><a href='?page_no=56169'>56169<\/a><\/li>\n\n\n\n<li><a href='?page_no=56170'>56170<\/a><\/li>\n\n    \n\t\n\n<li >\n\t<a href='?page_no=12404'>Next<\/a>\n\t<\/li>\n\n\n    \n\n<li><a href='?page_no=56170'>Last &rsaquo;&rsaquo;<\/a><\/li>\n\n<\/ul>\n\n\n--><br \/>\n<\/body><\/p>\n","protected":false},"excerpt":{"rendered":"<p>Santo Domingo, R.D., 21 de julio.- La Direcci\u00f3n General de Programas Especiales de la Presidencia recibi\u00f3 este jueves a una comitiva del gobierno de Hait\u00ed, encabezada por la Secretaria de Estado del Plan de Alfabetizaci\u00f3n en la Rep\u00fablica de Hait\u00ed, Paula Brutus, quienes manifestaron inter\u00e9s en conocer los lineamientos y avances del Plan Nacional de [&hellip;]<\/p>\n","protected":false},"author":3,"featured_media":0,"comment_status":"open","ping_status":"open","sticky":false,"template":"","format":"standard","meta":{"footnotes":""},"categories":[20],"tags":[],"class_list":["post-217931","post","type-post","status-publish","format-standard","hentry","category-dominicana-hoy"],"_links":{"self":[{"href":"https:\/\/diariodominicano.com\/index.php?rest_route=\/wp\/v2\/posts\/217931","targetHints":{"allow":["GET"]}}],"collection":[{"href":"https:\/\/diariodominicano.com\/index.php?rest_route=\/wp\/v2\/posts"}],"about":[{"href":"https:\/\/diariodominicano.com\/index.php?rest_route=\/wp\/v2\/types\/post"}],"author":[{"embeddable":true,"href":"https:\/\/diariodominicano.com\/index.php?rest_route=\/wp\/v2\/users\/3"}],"replies":[{"embeddable":true,"href":"https:\/\/diariodominicano.com\/index.php?rest_route=%2Fwp%2Fv2%2Fcomments&post=217931"}],"version-history":[{"count":0,"href":"https:\/\/diariodominicano.com\/index.php?rest_route=\/wp\/v2\/posts\/217931\/revisions"}],"wp:attachment":[{"href":"https:\/\/diariodominicano.com\/index.php?rest_route=%2Fwp%2Fv2%2Fmedia&parent=217931"}],"wp:term":[{"taxonomy":"category","embeddable":true,"href":"https:\/\/diariodominicano.com\/index.php?rest_route=%2Fwp%2Fv2%2Fcategories&post=217931"},{"taxonomy":"post_tag","embeddable":true,"href":"https:\/\/diariodominicano.com\/index.php?rest_route=%2Fwp%2Fv2%2Ftags&post=217931"}],"curies":[{"name":"wp","href":"https:\/\/api.w.org\/{rel}","templated":true}]}}