{"id":217930,"date":"2016-07-21T16:55:20","date_gmt":"2016-07-21T16:55:20","guid":{"rendered":"http:\/\/diariodominicano.ddns.net\/?p=217930"},"modified":"2016-07-21T16:55:20","modified_gmt":"2016-07-21T16:55:20","slug":"consul-selman-resalta-organizacion-del-desfile-dominicano-de-nueva-york","status":"publish","type":"post","link":"https:\/\/diariodominicano.com\/?p=217930","title":{"rendered":"C\u00f3nsul Selman resalta organizaci\u00f3n del Desfile Dominicano de Nueva York"},"content":{"rendered":"<p><body><\/p>\n<p><img decoding=\"async\" src=\"img3\/f25e68b3-1322-4ac0-bb5e-48d792af37a8.png\" \/>  <\/p>\n<p><strong><span class=\"text1noticias\">Nueva York, R.D., 21 de julio.-<\/span><\/strong><span class=\"text1noticias\">El c\u00f3nsul general de la Rep\u00fablica Dominicana en esta ciudad expres\u00f3 su satisfacci\u00f3n y orgullo por la calidad humana y profesional, as\u00ed como la probidad de los integrantes de la Junta Directiva del Desfile Dominicano de Nueva York (DDP) por dedicarlo este a\u00f1o a la mujer dominicana.  <\/span><\/p>\n<\/p>\n<p><span class=\"text1noticias\">Eduardo Selman  expres\u00f3 satisfacci\u00f3n por el uso transparente y apropiado que les dan los directivos del desfile a los fondos recaudados, ya que se utilizan para otorgar becas a j\u00f3venes dominicanos para estudiar aqu\u00ed en distintas universidades estatales y municipales.<\/span><\/p>\n<\/p>\n<p><span class=\"text1noticias\">Sus consideraciones fueron expuestas durante una conferencia de prensa que ofrecieron en el restaurante 809 en el alto Manhattan, los directivos del Desfile Dominicano de Nueva York, cuya Junta es presidida por la abogada \u00c1ngela Fern\u00e1ndez, quien anunci\u00f3 que ser\u00e1n reconocidas 25 dominicanas que se han destacado cambiando y contribuyendo grandemente en los campos de la ciencia, los servicios p\u00fablicos, las artes y los negocios.<\/span><\/p>\n<\/p>\n<p><span class=\"text1noticias\">El desfile que se realizar\u00e1 el domingo 14 de agosto tendr\u00e1 como madrina internacional a la periodista investigadora Alicia Ortega, mientras que el cantautor Juan Luis Guerra ser\u00e1 el Gran Mariscal y el artista Fernando Villal\u00f3n ser\u00e1 el  M\u00fasico Oficial en la Gala Anual que tendr\u00e1 lugar en el Terrace On The Park en Queens, el viernes 12 de agosto.<\/span><\/p>\n<\/p>\n<p><span class=\"text1noticias\">Felicit\u00f3 a los directivos del DDP \u00abporque toman parte de su tiempo y de sus actividades cotidianas para realizar una labor encomiable para preservar, propagar y difundir nuestros valores culturales, poniendo m\u00e1s en alto la dominicanidad en el exterior\u00bb.<\/span><\/p>\n<p><span class=\"text1noticias\">Selman dijo que la seriedad con que ha sido dirigido el Desfile Dominicano de Nueva York ha servido para que la comunidad dominicana se sienta orgullosa y resalt\u00f3 que la honestidad de los directivos qued\u00f3 demostrada con el desfile realizado el a\u00f1o pasado, del cual \u00e9l  fue Padrino Internacional junto al pelotero Pedro Mart\u00ednez, quien fue Gran Mariscal.<\/span><\/p>\n<\/p>\n<p><span class=\"text1noticias\">\u00abComo c\u00f3nsul de la Rep\u00fablica Dominicana en Nueva York me siento honrado y orgulloso de este grupo de dominicanas y dominicanos que hacen un grande esfuerzo a favor de enaltecer el nombre de nuestro pa\u00eds a trav\u00e9s de las manifestaciones culturales\u00bb, puntualiz\u00f3.<\/span><\/p>\n<\/p>\n<p><span class=\"text1noticias\">Sobre el reconocimiento a las mujeres dijo que \u00abel hecho de que la Junta Defectiva del desfile dedique la edici\u00f3n del evento correspondiente a este a\u00f1o a la mujer dominicana, merece el apoyo de toda la comunidad; me siento regocijado de que sea enaltecida la mujer de nuestro pa\u00eds que dedica su tiempo no s\u00f3lo a educar a sus hijos y construir una familia, sino tambi\u00e9n a trabajar para sostenerla\u00bb.<\/span><\/p>\n<\/p>\n<p><span class=\"text1noticias\">\u00abYo vengo de un matriarcado, mi madre enviud\u00f3 a los treinta y cuatro a\u00f1os de edad, tuvo cuatro hijos y los cuatro hemos sido profesionales con el esfuerzo de una mujer\u00bb, proclam\u00f3 al exponer su orgullo y agradecimiento a su progenitora por la educaci\u00f3n que ha podido alcanzar.  <\/span><\/p>\n<\/p>\n<p><span class=\"text1noticias\">Durante la conferencia de prensa, la activista comunitaria \u00c1ngela Fern\u00e1ndez dijo que la Junta Directiva del desfile est\u00e1 altamente agradecida por el apoyo que le ha dado el c\u00f3nsul Selman para que el evento anual al que asisten m\u00e1s dominicanos realizado en los Estados Unidos, sea m\u00e1s exitoso cada a\u00f1o.<\/span><\/p>\n<\/p>\n<p><span class=\"text1noticias\">\u00abDebemos aprovechar la presencia de periodistas y comunicadores para expresar nuestro agradecimiento al honorable c\u00f3nsul Eduardo Selman por su apoyo incondicional que ha ofrecido para que el desfile dominicano se fortalezca m\u00e1s cada d\u00eda y se proyecte a\u00fan m\u00e1s la cultura dominicana en el exterior\u00bb, dijo.<\/span><\/p>\n<\/p>\n<p><span class=\"text1noticias\">A\u00f1adi\u00f3 que tambi\u00e9n \u00abestamos m\u00e1s que agradecidos de tener a Juan Luis Guerra y a Daisy Auger-Dom\u00ednguez, as\u00ed como a la periodista Alicia Ortega, distinguidos l\u00edderes, apoyando nuestra misi\u00f3n de honrar a las mujeres dominicanas, que son la piedra angular de nuestras comunidades\u00bb. Auger-Dom\u00ednguez es Directora Internacional de la Diversidad de Empleados en Google.<\/span><\/p>\n<\/p>\n<p><span class=\"text1noticias\">Entre las 25 mujeres que ser\u00e1n homenajeadas por el desfile que este a\u00f1o se celebra con el tema \u00abHonrando y empoderando a la mujer dominicana\u00bb, se destacan ?adem\u00e1s- Ana Ofelia Rodr\u00edguez, quien se ha destacado por la protecci\u00f3n de las familias y la proyecci\u00f3n de la cultura dominicana, Amarilys Jacobo, Yulissa Ferreras, Nurys  D?Oleo, Zenaida M\u00e9ndez, Rosita Romero, Carolina Contreras, Diomary Pe\u00f1a, Rosanna Vargas, Yorka Ralwins, Iliana Emilia Garc\u00eda Ubi\u00f1as, Patria L\u00f3pez, Milagros Batista, Luc\u00eda Rodr\u00edguez, \u00c1ngela D\u00edaz, Daysi Medina Lebr\u00f3n, Margarita Santana, Mar\u00eda Abreu y Karina Edmons.<\/span><\/p>\n<h6> 2016-07-21 16:55:20 <\/h6>\n<p><!--\n<link rel=\"stylesheet\" href=\"css\/bootstrap.min.css\">\n\n\n<ul class=\"pagination\">\n\t    \n\t\n\n<li >\n\t<a href='?page_no=12401'>Previous<\/a>\n\t<\/li>\n\n\n       \n    \n\n<li><a href='?page_no=1'>1<\/a><\/li>\n\n\n\n<li><a href='?page_no=2'>2<\/a><\/li>\n\n\n\n<li><a>...<\/a><\/li>\n\n\n\n<li><a href='?page_no=12400'>12400<\/a><\/li>\n\n\n\n<li><a href='?page_no=12401'>12401<\/a><\/li>\n\n\n\n<li class='active'><a>12402<\/a><\/li>\n\n\n\n<li><a href='?page_no=12403'>12403<\/a><\/li>\n\n\n\n<li><a href='?page_no=12404'>12404<\/a><\/li>\n\n\n\n<li><a>...<\/a><\/li>\n\n\n\n<li><a href='?page_no=56169'>56169<\/a><\/li>\n\n\n\n<li><a href='?page_no=56170'>56170<\/a><\/li>\n\n    \n\t\n\n<li >\n\t<a href='?page_no=12403'>Next<\/a>\n\t<\/li>\n\n\n    \n\n<li><a href='?page_no=56170'>Last &rsaquo;&rsaquo;<\/a><\/li>\n\n<\/ul>\n\n\n--><br \/>\n<\/body><\/p>\n","protected":false},"excerpt":{"rendered":"<p>Nueva York, R.D., 21 de julio.-El c\u00f3nsul general de la Rep\u00fablica Dominicana en esta ciudad expres\u00f3 su satisfacci\u00f3n y orgullo por la calidad humana y profesional, as\u00ed como la probidad de los integrantes de la Junta Directiva del Desfile Dominicano de Nueva York (DDP) por dedicarlo este a\u00f1o a la mujer dominicana. Eduardo Selman expres\u00f3 [&hellip;]<\/p>\n","protected":false},"author":3,"featured_media":0,"comment_status":"open","ping_status":"open","sticky":false,"template":"","format":"standard","meta":{"footnotes":""},"categories":[20],"tags":[],"class_list":["post-217930","post","type-post","status-publish","format-standard","hentry","category-dominicana-hoy"],"_links":{"self":[{"href":"https:\/\/diariodominicano.com\/index.php?rest_route=\/wp\/v2\/posts\/217930","targetHints":{"allow":["GET"]}}],"collection":[{"href":"https:\/\/diariodominicano.com\/index.php?rest_route=\/wp\/v2\/posts"}],"about":[{"href":"https:\/\/diariodominicano.com\/index.php?rest_route=\/wp\/v2\/types\/post"}],"author":[{"embeddable":true,"href":"https:\/\/diariodominicano.com\/index.php?rest_route=\/wp\/v2\/users\/3"}],"replies":[{"embeddable":true,"href":"https:\/\/diariodominicano.com\/index.php?rest_route=%2Fwp%2Fv2%2Fcomments&post=217930"}],"version-history":[{"count":0,"href":"https:\/\/diariodominicano.com\/index.php?rest_route=\/wp\/v2\/posts\/217930\/revisions"}],"wp:attachment":[{"href":"https:\/\/diariodominicano.com\/index.php?rest_route=%2Fwp%2Fv2%2Fmedia&parent=217930"}],"wp:term":[{"taxonomy":"category","embeddable":true,"href":"https:\/\/diariodominicano.com\/index.php?rest_route=%2Fwp%2Fv2%2Fcategories&post=217930"},{"taxonomy":"post_tag","embeddable":true,"href":"https:\/\/diariodominicano.com\/index.php?rest_route=%2Fwp%2Fv2%2Ftags&post=217930"}],"curies":[{"name":"wp","href":"https:\/\/api.w.org\/{rel}","templated":true}]}}