{"id":217929,"date":"2016-07-21T17:15:00","date_gmt":"2016-07-21T17:15:00","guid":{"rendered":"http:\/\/diariodominicano.ddns.net\/?p=217929"},"modified":"2016-07-21T17:15:00","modified_gmt":"2016-07-21T17:15:00","slug":"presidente-de-cocesna-valora-instalaciones-complejo-aeronautico-norge-botello","status":"publish","type":"post","link":"https:\/\/diariodominicano.com\/?p=217929","title":{"rendered":"&#13;Presidente de COCESNA valora instalaciones complejo aeron\u00e1utico Norge Botello"},"content":{"rendered":"<p><body><\/p>\n<p><img decoding=\"async\" src=\"img3\/pteaero.jpg\" \/><br \/><img decoding=\"async\" src=\"img3\/ptemesa.jpg\" \/>  <\/p>\n<p><span class=\"text1noticias\"> <\/span><\/p>\n<p><span class=\"text1noticias\"> <\/span><\/p>\n<p><span class=\"text1noticias\">Punta Caucedo, 21 de julio.- El presidente ejecutivo de la Corporaci\u00f3n Centroamericana de Navegaci\u00f3n A\u00e9rea (COCESNA), Jorge Antonio Vargas Araya, valor\u00f3 los avances tecnol\u00f3gicos y las modernas instalaciones del complejo aeron\u00e1utico Norge Botello, en su visita oficial este d\u00eda al complejo aeron\u00e1utico ubicado en esta localidad de la provincia Santo Domingo.<\/span><\/p>\n<p><span class=\"text1noticias\"> <\/span><\/p>\n<p><span class=\"text1noticias\">Vargas Araya arrib\u00f3 a Rep\u00fablica Dominicana a media ma\u00f1ana del jueves para cumplir una agenda de dos d\u00edas en la que incluye una visita   a las oficinas t\u00e9cnicas de la aviaci\u00f3n civil, a la Academia Superior de Ciencias Aeronauticas (ASCA), y una entrevista con  director general del Instituto Dominicano de Aviaci\u00f3n Civil (IDAC), Dr. Alejandro Herrera.<\/span><\/p>\n<p><span class=\"text1noticias\"> <\/span><\/p>\n<p><span class=\"text1noticias\">En  su recorrido por las instalaciones del IDAC en Punta Caucedo, el presidente de COCESNA  manifest\u00f3 que Rep\u00fablica Dominicana est\u00e1 varios pasos por delante de muchos pa\u00edses del \u00e1rea en los que los profesionales todav\u00eda trabajan en condiciones considerables.<\/span><\/p>\n<p><span class=\"text1noticias\"> <\/span><\/p>\n<p><span class=\"text1noticias\">COCESNA, con sede en Honduras, es el  organismo internacional centroamericano de integraci\u00f3n que  presta servicios en las \u00e1reas de Navegaci\u00f3n A\u00e9rea, Capacitaci\u00f3n Aeron\u00e1utica y Seguridad Aeron\u00e1utica. Es una entidad sin fines de lucro.<\/span><\/p>\n<p><span class=\"text1noticias\"> <\/span><\/p>\n<p><span class=\"text1noticias\">En un conversatorio  con el equipo directivo del IDAC le record\u00f3 el objetivo integracionista  de COCESNA, que va m\u00e1s all\u00e1 de la regi\u00f3n donde est\u00e1 enclavada   para incluir los pa\u00edses  de todo el continente. Resalt\u00f3 el  especial esfuerzo en la investigaci\u00f3n, en el desarrollo de la navegaci\u00f3n a\u00e9rea y en generar riquezas.<\/span><\/p>\n<p><span class=\"text1noticias\"> <\/span><\/p>\n<p><span class=\"text1noticias\">\u00abProcuramos  la posibilidad de establecer un convenio entre el COCESNA y Rep\u00fablica Dominicana y Cuba como Estados del Caribe, para tener un proceso m\u00e1s completo de integraci\u00f3n internacional. Nuestro prop\u00f3sito es sumar como equipo, para hacer entender a los Estados miembros que adem\u00e1s de ser una entidad que brinda servicios, podemos ser capaces de devolverles los recursos que disponen\u00bb, coment\u00f3.<\/span><\/p>\n<p><span class=\"text1noticias\"> <\/span><\/p>\n<p><span class=\"text1noticias\">Vargas Araya, costarricense de nacimiento, sostuvo que los pa\u00edses deben ver la capacitaci\u00f3n como una inversi\u00f3n y en ese punto destac\u00f3 el esfuerzo que desde la Academia Superior de Ciencias Aeron\u00e1uticas  (ASCA) realizan el Estado dominicano y el IDAC.<\/span><\/p>\n<p><span class=\"text1noticias\"> <\/span><\/p>\n<p><span class=\"text1noticias\">Durante el encuentro en el sal\u00f3n de reuniones de la Direcci\u00f3n de Normas de Vuelo (DINA) del IDAC, el presidente de COCESNA recibi\u00f3 una breve instrucci\u00f3n de cu\u00e1les han sido los progresos obtenidos por el organismo estatal durante los \u00faltimos a\u00f1os, sus avances en cuesti\u00f3n de operaciones a\u00e9reas, adem\u00e1s de los aportes de la ASCA en  la formaci\u00f3n de nuevos profesionales del control de tr\u00e1nsito a\u00e9reo.<\/span><\/p>\n<h6> 2016-07-21 17:15:00 <\/h6>\n<p><!--\n<link rel=\"stylesheet\" href=\"css\/bootstrap.min.css\">\n\n\n<ul class=\"pagination\">\n\t    \n\t\n\n<li >\n\t<a href='?page_no=12400'>Previous<\/a>\n\t<\/li>\n\n\n       \n    \n\n<li><a href='?page_no=1'>1<\/a><\/li>\n\n\n\n<li><a href='?page_no=2'>2<\/a><\/li>\n\n\n\n<li><a>...<\/a><\/li>\n\n\n\n<li><a href='?page_no=12399'>12399<\/a><\/li>\n\n\n\n<li><a href='?page_no=12400'>12400<\/a><\/li>\n\n\n\n<li class='active'><a>12401<\/a><\/li>\n\n\n\n<li><a href='?page_no=12402'>12402<\/a><\/li>\n\n\n\n<li><a href='?page_no=12403'>12403<\/a><\/li>\n\n\n\n<li><a>...<\/a><\/li>\n\n\n\n<li><a href='?page_no=56169'>56169<\/a><\/li>\n\n\n\n<li><a href='?page_no=56170'>56170<\/a><\/li>\n\n    \n\t\n\n<li >\n\t<a href='?page_no=12402'>Next<\/a>\n\t<\/li>\n\n\n    \n\n<li><a href='?page_no=56170'>Last &rsaquo;&rsaquo;<\/a><\/li>\n\n<\/ul>\n\n\n--><br \/>\n<\/body><\/p>\n","protected":false},"excerpt":{"rendered":"<p>Punta Caucedo, 21 de julio.- El presidente ejecutivo de la Corporaci\u00f3n Centroamericana de Navegaci\u00f3n A\u00e9rea (COCESNA), Jorge Antonio Vargas Araya, valor\u00f3 los avances tecnol\u00f3gicos y las modernas instalaciones del complejo aeron\u00e1utico Norge Botello, en su visita oficial este d\u00eda al complejo aeron\u00e1utico ubicado en esta localidad de la provincia Santo Domingo. Vargas Araya arrib\u00f3 a [&hellip;]<\/p>\n","protected":false},"author":3,"featured_media":0,"comment_status":"open","ping_status":"open","sticky":false,"template":"","format":"standard","meta":{"footnotes":""},"categories":[20],"tags":[],"class_list":["post-217929","post","type-post","status-publish","format-standard","hentry","category-dominicana-hoy"],"_links":{"self":[{"href":"https:\/\/diariodominicano.com\/index.php?rest_route=\/wp\/v2\/posts\/217929","targetHints":{"allow":["GET"]}}],"collection":[{"href":"https:\/\/diariodominicano.com\/index.php?rest_route=\/wp\/v2\/posts"}],"about":[{"href":"https:\/\/diariodominicano.com\/index.php?rest_route=\/wp\/v2\/types\/post"}],"author":[{"embeddable":true,"href":"https:\/\/diariodominicano.com\/index.php?rest_route=\/wp\/v2\/users\/3"}],"replies":[{"embeddable":true,"href":"https:\/\/diariodominicano.com\/index.php?rest_route=%2Fwp%2Fv2%2Fcomments&post=217929"}],"version-history":[{"count":0,"href":"https:\/\/diariodominicano.com\/index.php?rest_route=\/wp\/v2\/posts\/217929\/revisions"}],"wp:attachment":[{"href":"https:\/\/diariodominicano.com\/index.php?rest_route=%2Fwp%2Fv2%2Fmedia&parent=217929"}],"wp:term":[{"taxonomy":"category","embeddable":true,"href":"https:\/\/diariodominicano.com\/index.php?rest_route=%2Fwp%2Fv2%2Fcategories&post=217929"},{"taxonomy":"post_tag","embeddable":true,"href":"https:\/\/diariodominicano.com\/index.php?rest_route=%2Fwp%2Fv2%2Ftags&post=217929"}],"curies":[{"name":"wp","href":"https:\/\/api.w.org\/{rel}","templated":true}]}}