{"id":217924,"date":"2016-07-22T10:30:16","date_gmt":"2016-07-22T10:30:16","guid":{"rendered":"http:\/\/diariodominicano.ddns.net\/?p=217924"},"modified":"2016-07-22T10:30:16","modified_gmt":"2016-07-22T10:30:16","slug":"director-idac-resalta-designacion-de-andres-marranzini-en-asonahores","status":"publish","type":"post","link":"https:\/\/diariodominicano.com\/?p=217924","title":{"rendered":"Director IDAC resalta  designaci\u00f3n de Andr\u00e9s Marranzini en ASONAHORES"},"content":{"rendered":"<p><body><\/p>\n<p><img decoding=\"async\" src=\"img3\/Idac22-7.jpg\" \/>  <\/p>\n<p><span class=\"text1noticias\">Santo Domingo, R. D., 22 de julio.- El Director del Instituto Dominicano de Aviaci\u00f3n Civil (IDAC), Doctor Alejandro Herrera,  recibi\u00f3 en su despacho en la sede central de la instituci\u00f3n  al reci\u00e9n designado vicepresidente Ejecutivo de  la Asociaci\u00f3n de Hoteles y Turismo de la Rep\u00fablica Dominicana (ASONAHORES),  Andr\u00e9s Marranzini.<\/span><\/p>\n<p><span class=\"text1noticias\"> <\/span><\/p>\n<p><span class=\"text1noticias\">Herrera comparti\u00f3 con Marranzini,  en el encuentro en el cual ofreci\u00f3 detalles  propios de las responsabilidades de ambos como el flujo tur\u00edstico que tiene en la aviaci\u00f3n civil un gran componente que se demuestra con el alto n\u00famero de pasajeros no residentes a Rep\u00fablica Dominicana por v\u00eda a\u00e9rea  que en  mayo de 2016 alcanz\u00f3 un total de 437,338 viajeros, incluyendo extranjeros y dominicanos, aumentando en 20,354 pasajeros con respecto al mismo mes del a\u00f1o anterior 2015, seg\u00fan estad\u00edsticas del Banco Central.<\/span><\/p>\n<p><span class=\"text1noticias\"> <\/span><\/p>\n<p><span class=\"text1noticias\">\u00abHa sido una reuni\u00f3n bastante productiva perfilando posibles acuerdos de cooperaci\u00f3n entre ambas entidades. Aprovechamos la ocasi\u00f3n para felicitar  Andr\u00e9s Marranzani por su designaci\u00f3n,  les expresamos  nuestro incondicional respaldo y   deseamos  el mayor de los \u00e9xitos en las responsabilidades asignadas\u00bb dijo Herrera al finalizar el encuentro.<\/span><\/p>\n<p><span class=\"text1noticias\"> <\/span><\/p>\n<p><span class=\"text1noticias\">A finales del pasado mes de junio Asociaci\u00f3n de Hoteles y Turismo de la Rep\u00fablica Dominicana (ASONAHORES) anunci\u00f3  la designaci\u00f3n de Andr\u00e9s Marranzini como nuevo vicepresidente Ejecutivo de la entidad, para el per\u00edodo 2016-2021.<\/span><\/p>\n<p><span class=\"text1noticias\"> <\/span><\/p>\n<p><span class=\"text1noticias\">En bolet\u00edn de prensa en el que se  confirm\u00f3 su designaci\u00f3n se explic\u00f3 que el vicepresidente Ejecutivo de ASONAHORSES, es   abogado  y se ha especializado en desarrollo de proyectos tur\u00edsticos e inmobiliarios, en derecho corporativo y ambiental, con \u00e9nfasis en contratos, y planificaci\u00f3n fiscal; adem\u00e1s es y ha sido miembro de consejos de administraci\u00f3n de empresas del sector financiero y de tecnolog\u00eda.<\/span><\/p>\n<h6> 2016-07-22 10:30:16 <\/h6>\n<p><!--\n<link rel=\"stylesheet\" href=\"css\/bootstrap.min.css\">\n\n\n<ul class=\"pagination\">\n\t    \n\t\n\n<li >\n\t<a href='?page_no=12397'>Previous<\/a>\n\t<\/li>\n\n\n       \n    \n\n<li><a href='?page_no=1'>1<\/a><\/li>\n\n\n\n<li><a href='?page_no=2'>2<\/a><\/li>\n\n\n\n<li><a>...<\/a><\/li>\n\n\n\n<li><a href='?page_no=12396'>12396<\/a><\/li>\n\n\n\n<li><a href='?page_no=12397'>12397<\/a><\/li>\n\n\n\n<li class='active'><a>12398<\/a><\/li>\n\n\n\n<li><a href='?page_no=12399'>12399<\/a><\/li>\n\n\n\n<li><a href='?page_no=12400'>12400<\/a><\/li>\n\n\n\n<li><a>...<\/a><\/li>\n\n\n\n<li><a href='?page_no=56169'>56169<\/a><\/li>\n\n\n\n<li><a href='?page_no=56170'>56170<\/a><\/li>\n\n    \n\t\n\n<li >\n\t<a href='?page_no=12399'>Next<\/a>\n\t<\/li>\n\n\n    \n\n<li><a href='?page_no=56170'>Last &rsaquo;&rsaquo;<\/a><\/li>\n\n<\/ul>\n\n\n--><br \/>\n<\/body><\/p>\n","protected":false},"excerpt":{"rendered":"<p>Santo Domingo, R. D., 22 de julio.- El Director del Instituto Dominicano de Aviaci\u00f3n Civil (IDAC), Doctor Alejandro Herrera, recibi\u00f3 en su despacho en la sede central de la instituci\u00f3n al reci\u00e9n designado vicepresidente Ejecutivo de la Asociaci\u00f3n de Hoteles y Turismo de la Rep\u00fablica Dominicana (ASONAHORES), Andr\u00e9s Marranzini. Herrera comparti\u00f3 con Marranzini, en el [&hellip;]<\/p>\n","protected":false},"author":3,"featured_media":0,"comment_status":"open","ping_status":"open","sticky":false,"template":"","format":"standard","meta":{"footnotes":""},"categories":[20],"tags":[],"class_list":["post-217924","post","type-post","status-publish","format-standard","hentry","category-dominicana-hoy"],"_links":{"self":[{"href":"https:\/\/diariodominicano.com\/index.php?rest_route=\/wp\/v2\/posts\/217924","targetHints":{"allow":["GET"]}}],"collection":[{"href":"https:\/\/diariodominicano.com\/index.php?rest_route=\/wp\/v2\/posts"}],"about":[{"href":"https:\/\/diariodominicano.com\/index.php?rest_route=\/wp\/v2\/types\/post"}],"author":[{"embeddable":true,"href":"https:\/\/diariodominicano.com\/index.php?rest_route=\/wp\/v2\/users\/3"}],"replies":[{"embeddable":true,"href":"https:\/\/diariodominicano.com\/index.php?rest_route=%2Fwp%2Fv2%2Fcomments&post=217924"}],"version-history":[{"count":0,"href":"https:\/\/diariodominicano.com\/index.php?rest_route=\/wp\/v2\/posts\/217924\/revisions"}],"wp:attachment":[{"href":"https:\/\/diariodominicano.com\/index.php?rest_route=%2Fwp%2Fv2%2Fmedia&parent=217924"}],"wp:term":[{"taxonomy":"category","embeddable":true,"href":"https:\/\/diariodominicano.com\/index.php?rest_route=%2Fwp%2Fv2%2Fcategories&post=217924"},{"taxonomy":"post_tag","embeddable":true,"href":"https:\/\/diariodominicano.com\/index.php?rest_route=%2Fwp%2Fv2%2Ftags&post=217924"}],"curies":[{"name":"wp","href":"https:\/\/api.w.org\/{rel}","templated":true}]}}