{"id":217923,"date":"2016-07-22T13:12:54","date_gmt":"2016-07-22T13:12:54","guid":{"rendered":"http:\/\/diariodominicano.ddns.net\/?p=217923"},"modified":"2016-07-22T13:12:54","modified_gmt":"2016-07-22T13:12:54","slug":"procuraduria-y-salud-publica-cierran-dos-procesadoras-de-hielo","status":"publish","type":"post","link":"https:\/\/diariodominicano.com\/?p=217923","title":{"rendered":"Procuradur\u00eda y Salud P\u00fablica cierran dos procesadoras de hielo"},"content":{"rendered":"<p><body><\/p>\n<p><img decoding=\"async\" src=\"img3\/Hielo22-7.jpg\" \/>  <\/p>\n<p><strong><span class=\"text1noticias\">Santo Domingo, R. D., 22 de julio.-<\/span><\/strong><span class=\"text1noticias\"> En una operaci\u00f3n ejecutada por miembros de la Procuradur\u00eda Especializada de Cr\u00edmenes y Delitos contra la Salud y el Ministerio de Salud P\u00fablica, fueron clausuradas, provisionalmente, dos procesadoras de hielo en el municipio Santo Domingo Este, por no cumplir con los requisitos de etiquetados y registros sanitarios correspondientes, lo cual pone en riesgo la salud de los consumidores.<\/span><\/p>\n<p><span class=\"text1noticias\"> <\/span><\/p>\n<p><span class=\"text1noticias\">Los establecimientos cerrados son las procesadoras de hielo \u00abAlejo\u00bb y \u00abBriand\u00bb, que funcionan en las calles Horacio Ortiz (Los Mina Sur), y en la calle 2 (Invi-Los Mina), respectivamente.<\/span><\/p>\n<p><span class=\"text1noticias\"> <\/span><\/p>\n<p><span class=\"text1noticias\">El titular de la Procuradur\u00eda Especializada de Cr\u00edmenes y Delitos contra la Salud, Rafael Brito Pe\u00f1a, dijo que las envasadoras fueron clausuradas temporalmente hasta que cumplan con los requisitos de etiquetado, registro sanitario y buenas pr\u00e1cticas con las que deben operar.<\/span><\/p>\n<p><span class=\"text1noticias\"> <\/span><\/p>\n<p><span class=\"text1noticias\">En ese orden, indic\u00f3 que la decisi\u00f3n estuvo basada en la presunta violaci\u00f3n de la Ley General de Salud (42-01), la norma Nordom 53 sobre el Etiquetado  y el Reglamento 528-01 sobre Alimentos.<\/span><\/p>\n<p><span class=\"text1noticias\"> <\/span><\/p>\n<p><span class=\"text1noticias\">Brito Pe\u00f1a dijo que las acciones tienen como sustento la orden judicial 1888-ME-2016, de fecha 17 de julio de 2016, de la jueza del Juzgado de la Instrucci\u00f3n del Departamento Judicial de Santo Domingo, Milagros Mercedes Ram\u00edrez.<\/span><\/p>\n<p><span class=\"text1noticias\"> <\/span><\/p>\n<p><span class=\"text1noticias\">\u00abEl Ministerio P\u00fablico junto al Ministerio de Salud P\u00fablica trabaja permanentemente en la persecuci\u00f3n y combate de ese tipo de actividad il\u00edcita, con el prop\u00f3sito de que se cumplan con las normas y evitar que se perjudique la salud de los ciudadanos\u00bb, expres\u00f3.<\/span><\/p>\n<p><span class=\"text1noticias\"> <\/span><\/p>\n<p><span class=\"text1noticias\">En la operaci\u00f3n particip\u00f3 el magistrado Joselito Cuevas, de la Procuradur\u00eda Especializada de Cr\u00edmenes y Delitos contra la Salud, y un equipo de inspectores del Ministerio de Salud P\u00fablica, dirigido por el ingeniero Steven Pe\u00f1a.<\/span><\/p>\n<h6> 2016-07-22 13:12:54 <\/h6>\n<p><!--\n<link rel=\"stylesheet\" href=\"css\/bootstrap.min.css\">\n\n\n<ul class=\"pagination\">\n\t    \n\t\n\n<li >\n\t<a href='?page_no=12396'>Previous<\/a>\n\t<\/li>\n\n\n       \n    \n\n<li><a href='?page_no=1'>1<\/a><\/li>\n\n\n\n<li><a href='?page_no=2'>2<\/a><\/li>\n\n\n\n<li><a>...<\/a><\/li>\n\n\n\n<li><a href='?page_no=12395'>12395<\/a><\/li>\n\n\n\n<li><a href='?page_no=12396'>12396<\/a><\/li>\n\n\n\n<li class='active'><a>12397<\/a><\/li>\n\n\n\n<li><a href='?page_no=12398'>12398<\/a><\/li>\n\n\n\n<li><a href='?page_no=12399'>12399<\/a><\/li>\n\n\n\n<li><a>...<\/a><\/li>\n\n\n\n<li><a href='?page_no=56169'>56169<\/a><\/li>\n\n\n\n<li><a href='?page_no=56170'>56170<\/a><\/li>\n\n    \n\t\n\n<li >\n\t<a href='?page_no=12398'>Next<\/a>\n\t<\/li>\n\n\n    \n\n<li><a href='?page_no=56170'>Last &rsaquo;&rsaquo;<\/a><\/li>\n\n<\/ul>\n\n\n--><br \/>\n<\/body><\/p>\n","protected":false},"excerpt":{"rendered":"<p>Santo Domingo, R. D., 22 de julio.- En una operaci\u00f3n ejecutada por miembros de la Procuradur\u00eda Especializada de Cr\u00edmenes y Delitos contra la Salud y el Ministerio de Salud P\u00fablica, fueron clausuradas, provisionalmente, dos procesadoras de hielo en el municipio Santo Domingo Este, por no cumplir con los requisitos de etiquetados y registros sanitarios correspondientes, [&hellip;]<\/p>\n","protected":false},"author":3,"featured_media":0,"comment_status":"open","ping_status":"open","sticky":false,"template":"","format":"standard","meta":{"footnotes":""},"categories":[20],"tags":[],"class_list":["post-217923","post","type-post","status-publish","format-standard","hentry","category-dominicana-hoy"],"_links":{"self":[{"href":"https:\/\/diariodominicano.com\/index.php?rest_route=\/wp\/v2\/posts\/217923","targetHints":{"allow":["GET"]}}],"collection":[{"href":"https:\/\/diariodominicano.com\/index.php?rest_route=\/wp\/v2\/posts"}],"about":[{"href":"https:\/\/diariodominicano.com\/index.php?rest_route=\/wp\/v2\/types\/post"}],"author":[{"embeddable":true,"href":"https:\/\/diariodominicano.com\/index.php?rest_route=\/wp\/v2\/users\/3"}],"replies":[{"embeddable":true,"href":"https:\/\/diariodominicano.com\/index.php?rest_route=%2Fwp%2Fv2%2Fcomments&post=217923"}],"version-history":[{"count":0,"href":"https:\/\/diariodominicano.com\/index.php?rest_route=\/wp\/v2\/posts\/217923\/revisions"}],"wp:attachment":[{"href":"https:\/\/diariodominicano.com\/index.php?rest_route=%2Fwp%2Fv2%2Fmedia&parent=217923"}],"wp:term":[{"taxonomy":"category","embeddable":true,"href":"https:\/\/diariodominicano.com\/index.php?rest_route=%2Fwp%2Fv2%2Fcategories&post=217923"},{"taxonomy":"post_tag","embeddable":true,"href":"https:\/\/diariodominicano.com\/index.php?rest_route=%2Fwp%2Fv2%2Ftags&post=217923"}],"curies":[{"name":"wp","href":"https:\/\/api.w.org\/{rel}","templated":true}]}}