{"id":217922,"date":"2016-07-22T14:15:13","date_gmt":"2016-07-22T14:15:13","guid":{"rendered":"http:\/\/diariodominicano.ddns.net\/?p=217922"},"modified":"2016-07-22T14:15:13","modified_gmt":"2016-07-22T14:15:13","slug":"mepyd-y-otros-actores-buscan-alianzas-publico-privadas","status":"publish","type":"post","link":"https:\/\/diariodominicano.com\/?p=217922","title":{"rendered":"MEPyD y otros actores buscan alianzas p\u00fablico-privadas"},"content":{"rendered":"<p><body><\/p>\n<p><img decoding=\"async\" src=\"img3\/0a42758c-3206-4dbe-99dd-56817bdeb0fd.jpg\" \/><br \/><img decoding=\"async\" src=\"img3\/026e297a-3c8e-4898-bc7a-884135b85633.jpg\" \/>  <\/p>\n<p>Santo Domingo, R.D., 22 de julio.- El Ministerio de Econom\u00eda, Planificaci\u00f3n y Desarrollo (MEPyD) y otros actores iniciaron un proceso de b\u00fasqueda de f\u00f3rmulas para promover una participaci\u00f3n m\u00e1s estrat\u00e9gica de la empresa privada junto al sector p\u00fablico en el impulso de los Objetivos de Desarrollo Sostenibles (ODS) en el pa\u00eds.<\/p>\n<p>Durante un encuentro de representantes de ambos sectores que se inici\u00f3 el jueves en la sede del MEPyD y concluy\u00f3 este  viernes, se present\u00f3 un diagn\u00f3stico que retrata la situaci\u00f3n  actual de la alianza p\u00fablico-privada, as\u00ed como los retos y oportunidades para la cooperaci\u00f3n rec\u00edproca.<\/p>\n<\/p>\n<p>El \u00abProyecto de Fortalecimiento de las Capacidades del Viceministerio de Cooperaci\u00f3n Internacional para la Construcci\u00f3n de Alianzas P\u00fablico-Privadas de Desarrollo Sostenible (APPDS)\u00bb en la Rep\u00fablica Dominicana, que se lleva a cabo con el apoyo de la Agencia Espa\u00f1ola de Cooperaci\u00f3n Internacional para el Desarrollo (AECID), est\u00e1 dentro de la Agenda 2030 de Naciones Unidas que plantea el fortalecimiento de una alianza mundial para el desarrollo sostenible, inform\u00f3 la Unidad de Comunicaciones del Ministerio.<\/p>\n<\/p>\n<p>La reuni\u00f3n fue introducida por el viceministro de Cooperaci\u00f3n Internacional, Inocencio Garc\u00eda Javier, acompa\u00f1ado por la directora general de Cooperaci\u00f3n Bilateral, Mar\u00eda Fernanda Ortega G\u00e1mez y por Antonio Vargas, director general de Cooperaci\u00f3n Multilateral (Digecoom).<\/p>\n<\/p>\n<p>Tambi\u00e9n por Roberto Liz, director general de Desarrollo Econ\u00f3mico y Social; Am\u00e9rica Bastidas, asesora del Ministerio, y Maira Espinal, directora de la Unidad Institucional de Planificaci\u00f3n y Desarrollo del MEPyD.<\/p>\n<\/p>\n<p>Garc\u00eda Javier declar\u00f3 el proyecto como una respuesta a la complejidad actual de la arquitectura de la cooperaci\u00f3n internacional al desarrollo, la cual se caracteriza por la integraci\u00f3n de un mayor n\u00famero de actores a los esfuerzos por la consecuci\u00f3n de metas de desarrollo sostenible y, en particular, de m\u00e1s participaci\u00f3n de la empresa privada.<\/p>\n<\/p>\n<p>Refiri\u00f3 que esta iniciativa es coherente con el objetivo 17 de la Agenda 2030 de las Naciones Unidas, un plan de acci\u00f3n en el que los pa\u00edses miembros reconocen que sin erradicaci\u00f3n de la pobreza no habr\u00e1 desarrollo sostenible.<\/p>\n<\/p>\n<p>De ah\u00ed que se plantee fortalecer la alianza mundial para el desarrollo sostenible, como una meta complementada por alianzas entre m\u00faltiples actores interesados en movilizar y promover el intercambio de conocimientos, la capacidad t\u00e9cnica, la tecnolog\u00eda y los recursos financieros, a fin de contribuir a que sean logrados los Objetivos de Desarrollo Sostenibles.<\/p>\n<\/p>\n<p>\u00abAs\u00ed como (tambi\u00e9n) alentar y promover la constituci\u00f3n de alianzas eficaces en las esferas p\u00fablica, p\u00fablico-privada y de la sociedad civil, aprovechando la experiencia y las estrategias de obtenci\u00f3n de recursos de las asociaciones.<\/p>\n<\/p>\n<p>El funcionario se\u00f1al\u00f3 que tanto el fomento de las Alianzas P\u00fablico-Privadas para el Desarrollo Sostenible, como instrumento para impulsar la Estrategia Nacional de Desarrollo a 2030, como los Objetivos de Desarrollo Sostenibles (ODS),est\u00e1n enmarcados en la Pol\u00edtica de Cooperaci\u00f3n Internacional para el Desarrollo (PCID) que la Rep\u00fablica Dominicana tiene en vigor.<\/p>\n<\/p>\n<p>Esa pol\u00edtica tiene por objetivo aumentar la diversificaci\u00f3n y la captaci\u00f3n de recursos financieros de cooperaci\u00f3n, para producir un mayor aprovechamiento de las oportunidades de cooperaci\u00f3n existentes, adem\u00e1s identifica como su l\u00ednea de acci\u00f3n el fomento de las APPDS.<\/p>\n<\/p>\n<p>En la exposici\u00f3n para abrir el encuentro que se realiz\u00f3 durante dos d\u00edas, el viceministro Garc\u00eda Javier habl\u00f3 sobre el proceso de fortalecimiento institucional apoyado por la cooperaci\u00f3n espa\u00f1ola, sobre las normas t\u00e9cnicas, acerca del Sistema Nacional de Capacidades para la Cooperaci\u00f3n Sur-Sur, y su vinculaci\u00f3n con la Ley de Estrategia Nacional de Desarrollo.<\/p>\n<\/p>\n<p>En el acto fueron presentados algunos resultados del diagn\u00f3stico para la elaboraci\u00f3n del proyecto, entre los cuales se incluy\u00f3 el contexto institucional, legal y socio-econ\u00f3mico, como referentes para el establecimiento y promoci\u00f3n de las alianzas.<\/p>\n<p>Posteriormente se pas\u00f3 a conocer las propuestas de impulso de estos instrumentos, entre ellos una gu\u00eda de implementaci\u00f3n de los OPPDS, los pasos para conformarlos y la puesta en pr\u00e1ctica de criterios.<\/p>\n<\/p>\n<p>Tambi\u00e9n la propuesta de creaci\u00f3n de un fondo de financiaci\u00f3n para las Alianzas P\u00fablico-Privadas de Desarrollo Sostenible y otra para el impulso de espacios de coordinaci\u00f3n y articulaci\u00f3n entre actores.<\/p>\n<\/p>\n<p>El diagn\u00f3stico incluy\u00f3 un mapa de actores representativos del sector p\u00fablico, privado y la sociedad civil, los cuales fueron consultados mediante entrevistas, encuestas y grupos focales, adem\u00e1s una hoja de ruta como propuesta para el inicio de definici\u00f3n de una estrategia para el impulso de las APPDS en el pa\u00eds, identificando las \u00e1reas y actores que en un primer momento ser\u00edan sus impulsores.<\/p>\n<\/p>\n<p>Asimismo otra propuesta de un plan de capacitaci\u00f3n para formar profesionales para contar en una primera fase con un n\u00facleo de formadores que se convertir\u00edan en promotores de las alianzas, as\u00ed como la identificaci\u00f3n de programas de apoyo e impulso de las alianzas en agencias de cooperaci\u00f3n y organismos multilaterales.<\/p>\n<h6> 2016-07-22 14:15:13 <\/h6>\n<p><!--\n<link rel=\"stylesheet\" href=\"css\/bootstrap.min.css\">\n\n\n<ul class=\"pagination\">\n\t    \n\t\n\n<li >\n\t<a href='?page_no=12395'>Previous<\/a>\n\t<\/li>\n\n\n       \n    \n\n<li><a href='?page_no=1'>1<\/a><\/li>\n\n\n\n<li><a href='?page_no=2'>2<\/a><\/li>\n\n\n\n<li><a>...<\/a><\/li>\n\n\n\n<li><a href='?page_no=12394'>12394<\/a><\/li>\n\n\n\n<li><a href='?page_no=12395'>12395<\/a><\/li>\n\n\n\n<li class='active'><a>12396<\/a><\/li>\n\n\n\n<li><a href='?page_no=12397'>12397<\/a><\/li>\n\n\n\n<li><a href='?page_no=12398'>12398<\/a><\/li>\n\n\n\n<li><a>...<\/a><\/li>\n\n\n\n<li><a href='?page_no=56169'>56169<\/a><\/li>\n\n\n\n<li><a href='?page_no=56170'>56170<\/a><\/li>\n\n    \n\t\n\n<li >\n\t<a href='?page_no=12397'>Next<\/a>\n\t<\/li>\n\n\n    \n\n<li><a href='?page_no=56170'>Last &rsaquo;&rsaquo;<\/a><\/li>\n\n<\/ul>\n\n\n--><br \/>\n<\/body><\/p>\n","protected":false},"excerpt":{"rendered":"<p>Santo Domingo, R.D., 22 de julio.- El Ministerio de Econom\u00eda, Planificaci\u00f3n y Desarrollo (MEPyD) y otros actores iniciaron un proceso de b\u00fasqueda de f\u00f3rmulas para promover una participaci\u00f3n m\u00e1s estrat\u00e9gica de la empresa privada junto al sector p\u00fablico en el impulso de los Objetivos de Desarrollo Sostenibles (ODS) en el pa\u00eds. Durante un encuentro de [&hellip;]<\/p>\n","protected":false},"author":3,"featured_media":0,"comment_status":"open","ping_status":"open","sticky":false,"template":"","format":"standard","meta":{"footnotes":""},"categories":[20],"tags":[],"class_list":["post-217922","post","type-post","status-publish","format-standard","hentry","category-dominicana-hoy"],"_links":{"self":[{"href":"https:\/\/diariodominicano.com\/index.php?rest_route=\/wp\/v2\/posts\/217922","targetHints":{"allow":["GET"]}}],"collection":[{"href":"https:\/\/diariodominicano.com\/index.php?rest_route=\/wp\/v2\/posts"}],"about":[{"href":"https:\/\/diariodominicano.com\/index.php?rest_route=\/wp\/v2\/types\/post"}],"author":[{"embeddable":true,"href":"https:\/\/diariodominicano.com\/index.php?rest_route=\/wp\/v2\/users\/3"}],"replies":[{"embeddable":true,"href":"https:\/\/diariodominicano.com\/index.php?rest_route=%2Fwp%2Fv2%2Fcomments&post=217922"}],"version-history":[{"count":0,"href":"https:\/\/diariodominicano.com\/index.php?rest_route=\/wp\/v2\/posts\/217922\/revisions"}],"wp:attachment":[{"href":"https:\/\/diariodominicano.com\/index.php?rest_route=%2Fwp%2Fv2%2Fmedia&parent=217922"}],"wp:term":[{"taxonomy":"category","embeddable":true,"href":"https:\/\/diariodominicano.com\/index.php?rest_route=%2Fwp%2Fv2%2Fcategories&post=217922"},{"taxonomy":"post_tag","embeddable":true,"href":"https:\/\/diariodominicano.com\/index.php?rest_route=%2Fwp%2Fv2%2Ftags&post=217922"}],"curies":[{"name":"wp","href":"https:\/\/api.w.org\/{rel}","templated":true}]}}