{"id":217921,"date":"2016-07-22T15:00:32","date_gmt":"2016-07-22T15:00:32","guid":{"rendered":"http:\/\/diariodominicano.ddns.net\/?p=217921"},"modified":"2016-07-22T15:00:32","modified_gmt":"2016-07-22T15:00:32","slug":"elaboran-plan-para-sembrar-25-mil-tareas-de-cafe-y-cacao","status":"publish","type":"post","link":"https:\/\/diariodominicano.com\/?p=217921","title":{"rendered":"Elaboran plan para sembrar 25 mil tareas de caf\u00e9 y cacao &#13;"},"content":{"rendered":"<p><body><\/p>\n<p><img decoding=\"async\" src=\"img3\/83922be4-8cd4-40b1-a5e6-65316d628fec.jpg\" \/>  <\/p>\n<p><span class=\"text1noticias\">Hoyo del Pino, Bonao, R.D., 22 de julio.-  El Instituto Agrario Dominicano (IAD) en coordinaci\u00f3n con las instituciones del sector agropecuario trabaja en la elaboraci\u00f3n de un plan de siembra de 25 mil tareas de caf\u00e9 y cacao en comunidades de la provincia Monse\u00f1or Nouel.<\/span><\/p>\n<\/p>\n<p><span class=\"text1noticias\">El director del IAD, Emilio Toribio Olivo encabez\u00f3 la comisi\u00f3n de seguimiento designada por el presidente Danilo Medina durante Visita Sorpresa del pasado domingo 17 de julio.<\/span><\/p>\n<\/p>\n<p><span class=\"text1noticias\">Toribio Olivo explic\u00f3 que este plan de siembra es a 4 a\u00f1os y tiene como objetivo rehabilitar y fomentar los cultivos de caf\u00e9 y cacao, con la finalidad de proteger las cuencas de los r\u00edos Yuna, Yuboa, Avispa, Colarado, Tireo y Blanco.<\/span><\/p>\n<p><span class=\"text1noticias\">\u00abEste plan fortalecer\u00e1 el turismo rural y mejorar\u00e1 la calidad de vida de los productores, sus familias y las comunidades\u00bb, indic\u00f3 el funcionario.<\/span><\/p>\n<\/p>\n<p><span class=\"text1noticias\">El director del IAD dijo tambi\u00e9n que el plan contempla la ampliaci\u00f3n de los viveros existentes y la construcci\u00f3n de nuevos. <\/span><\/p>\n<p><span class=\"text1noticias\">M\u00e1s de 1500 productores y m\u00e1s de 10 mil personas de las comunidades Juan Adri\u00e1n, Sabana del Puerto, La Cueva, El chorro, Pozo Blanco, La Ensenada, El Rodeo, La Ceyba, entre otras, ser\u00e1n beneficiadas con la iniciativa del Gobierno.<\/span><\/p>\n<\/p>\n<p><span class=\"text1noticias\">Durante una reuni\u00f3n con miembros de la Federaci\u00f3n de Campesinos Hacia el Progreso y de la Asociaci\u00f3n de Caficultores la Independencia (ASOCAIN), los funcionarios acordaron la siembra de 20 mil tareas de caf\u00e9 y el fomento y renovaci\u00f3n de 5 mil de cacao.<\/span><\/p>\n<\/p>\n<p><span class=\"text1noticias\">Luego de presentar el informe al presidente Danilo Medina, en lo inmediato se comenzar\u00e1n las labores en la zona con el fin de reforestar, para tal efecto se formar\u00e1n brigadas coordinadas por el IAD.<\/span><\/p>\n<h6> 2016-07-22 15:00:32 <\/h6>\n<p><!--\n<link rel=\"stylesheet\" href=\"css\/bootstrap.min.css\">\n\n\n<ul class=\"pagination\">\n\t    \n\t\n\n<li >\n\t<a href='?page_no=12394'>Previous<\/a>\n\t<\/li>\n\n\n       \n    \n\n<li><a href='?page_no=1'>1<\/a><\/li>\n\n\n\n<li><a href='?page_no=2'>2<\/a><\/li>\n\n\n\n<li><a>...<\/a><\/li>\n\n\n\n<li><a href='?page_no=12393'>12393<\/a><\/li>\n\n\n\n<li><a href='?page_no=12394'>12394<\/a><\/li>\n\n\n\n<li class='active'><a>12395<\/a><\/li>\n\n\n\n<li><a href='?page_no=12396'>12396<\/a><\/li>\n\n\n\n<li><a href='?page_no=12397'>12397<\/a><\/li>\n\n\n\n<li><a>...<\/a><\/li>\n\n\n\n<li><a href='?page_no=56169'>56169<\/a><\/li>\n\n\n\n<li><a href='?page_no=56170'>56170<\/a><\/li>\n\n    \n\t\n\n<li >\n\t<a href='?page_no=12396'>Next<\/a>\n\t<\/li>\n\n\n    \n\n<li><a href='?page_no=56170'>Last &rsaquo;&rsaquo;<\/a><\/li>\n\n<\/ul>\n\n\n--><br \/>\n<\/body><\/p>\n","protected":false},"excerpt":{"rendered":"<p>Hoyo del Pino, Bonao, R.D., 22 de julio.- El Instituto Agrario Dominicano (IAD) en coordinaci\u00f3n con las instituciones del sector agropecuario trabaja en la elaboraci\u00f3n de un plan de siembra de 25 mil tareas de caf\u00e9 y cacao en comunidades de la provincia Monse\u00f1or Nouel. El director del IAD, Emilio Toribio Olivo encabez\u00f3 la comisi\u00f3n [&hellip;]<\/p>\n","protected":false},"author":3,"featured_media":0,"comment_status":"open","ping_status":"open","sticky":false,"template":"","format":"standard","meta":{"footnotes":""},"categories":[20],"tags":[],"class_list":["post-217921","post","type-post","status-publish","format-standard","hentry","category-dominicana-hoy"],"_links":{"self":[{"href":"https:\/\/diariodominicano.com\/index.php?rest_route=\/wp\/v2\/posts\/217921","targetHints":{"allow":["GET"]}}],"collection":[{"href":"https:\/\/diariodominicano.com\/index.php?rest_route=\/wp\/v2\/posts"}],"about":[{"href":"https:\/\/diariodominicano.com\/index.php?rest_route=\/wp\/v2\/types\/post"}],"author":[{"embeddable":true,"href":"https:\/\/diariodominicano.com\/index.php?rest_route=\/wp\/v2\/users\/3"}],"replies":[{"embeddable":true,"href":"https:\/\/diariodominicano.com\/index.php?rest_route=%2Fwp%2Fv2%2Fcomments&post=217921"}],"version-history":[{"count":0,"href":"https:\/\/diariodominicano.com\/index.php?rest_route=\/wp\/v2\/posts\/217921\/revisions"}],"wp:attachment":[{"href":"https:\/\/diariodominicano.com\/index.php?rest_route=%2Fwp%2Fv2%2Fmedia&parent=217921"}],"wp:term":[{"taxonomy":"category","embeddable":true,"href":"https:\/\/diariodominicano.com\/index.php?rest_route=%2Fwp%2Fv2%2Fcategories&post=217921"},{"taxonomy":"post_tag","embeddable":true,"href":"https:\/\/diariodominicano.com\/index.php?rest_route=%2Fwp%2Fv2%2Ftags&post=217921"}],"curies":[{"name":"wp","href":"https:\/\/api.w.org\/{rel}","templated":true}]}}