{"id":217920,"date":"2016-07-22T15:45:47","date_gmt":"2016-07-22T15:45:47","guid":{"rendered":"http:\/\/diariodominicano.ddns.net\/?p=217920"},"modified":"2016-07-22T15:45:47","modified_gmt":"2016-07-22T15:45:47","slug":"quisqueya-empieza-contigo-promueve-participacion","status":"publish","type":"post","link":"https:\/\/diariodominicano.com\/?p=217920","title":{"rendered":"Quisqueya Empieza Contigo promueve participaci\u00f3n"},"content":{"rendered":"<p><body><\/p>\n<p><img decoding=\"async\" src=\"img3\/f5f126ea-0120-4310-b51f-3b710257e514.jpg\" \/>  <\/p>\n<p><span class=\"text1noticias\">Azua, R.D., 22 de julio.- Con el fin de propiciar la participaci\u00f3n activa de las comunidades, las familias y gobiernos locales, el Plan Nacional de Protecci\u00f3n y Atenci\u00f3n Integral a la Primera Infancia, Quisqueya Empieza Contigo, realiz\u00f3 este jueves un encuentro con autoridades del casco urbano de esta provincia para presentar la estrategia de movilizaci\u00f3n comunitaria en favor de la primera infancia. <\/span><\/p>\n<\/p>\n<p><span class=\"text1noticias\">El Plan contempla beneficiar a 1,600 familias y m\u00e1s de 1,800 ni\u00f1os y ni\u00f1as de diversos sectores. En el casco urbano de esta provincia, est\u00e1n en proceso de construcci\u00f3n tres estancias infantiles, las cuales servir\u00e1n como un espacio para el cuidado y la atenci\u00f3n integral en salud, nutrici\u00f3n y desarrollo de habilidades motoras de los ni\u00f1os y ni\u00f1as en edades de 0 a 5 a\u00f1os. <\/span><\/p>\n<\/p>\n<p><span class=\"text1noticias\">Actualmente est\u00e1n operando en este territorio, un centro de atenci\u00f3n integral a la primera infancia y cinco centros comunitarios de atenci\u00f3n a la infancia y la familia. <\/span><\/p>\n<\/p>\n<p><span class=\"text1noticias\">A la actividad asistieron t\u00e9cnicos de la Direcci\u00f3n General de Programas Especiales de la Presidencia, encabezados por la directora del Plan Quisqueya Empieza Contigo, Lic. Larissa Pumarol y las m\u00e1ximas autoridades locales.<\/span><\/p>\n<\/p>\n<p><span class=\"text1noticias\">El Plan Quisqueya Empieza Contigo, en el marco de la Estrategia de Gobierno Quisqueya Sin Miseria, promueve la participaci\u00f3n de las familias y comunidades en la red de servicio integral que busca beneficiar a ni\u00f1os y ni\u00f1as que viven en condici\u00f3n de pobreza.<\/span><\/p>\n<\/p>\n<h6> 2016-07-22 15:45:47 <\/h6>\n<p><!--\n<link rel=\"stylesheet\" href=\"css\/bootstrap.min.css\">\n\n\n<ul class=\"pagination\">\n\t    \n\t\n\n<li >\n\t<a href='?page_no=12393'>Previous<\/a>\n\t<\/li>\n\n\n       \n    \n\n<li><a href='?page_no=1'>1<\/a><\/li>\n\n\n\n<li><a href='?page_no=2'>2<\/a><\/li>\n\n\n\n<li><a>...<\/a><\/li>\n\n\n\n<li><a href='?page_no=12392'>12392<\/a><\/li>\n\n\n\n<li><a href='?page_no=12393'>12393<\/a><\/li>\n\n\n\n<li class='active'><a>12394<\/a><\/li>\n\n\n\n<li><a href='?page_no=12395'>12395<\/a><\/li>\n\n\n\n<li><a href='?page_no=12396'>12396<\/a><\/li>\n\n\n\n<li><a>...<\/a><\/li>\n\n\n\n<li><a href='?page_no=56169'>56169<\/a><\/li>\n\n\n\n<li><a href='?page_no=56170'>56170<\/a><\/li>\n\n    \n\t\n\n<li >\n\t<a href='?page_no=12395'>Next<\/a>\n\t<\/li>\n\n\n    \n\n<li><a href='?page_no=56170'>Last &rsaquo;&rsaquo;<\/a><\/li>\n\n<\/ul>\n\n\n--><br \/>\n<\/body><\/p>\n","protected":false},"excerpt":{"rendered":"<p>Azua, R.D., 22 de julio.- Con el fin de propiciar la participaci\u00f3n activa de las comunidades, las familias y gobiernos locales, el Plan Nacional de Protecci\u00f3n y Atenci\u00f3n Integral a la Primera Infancia, Quisqueya Empieza Contigo, realiz\u00f3 este jueves un encuentro con autoridades del casco urbano de esta provincia para presentar la estrategia de movilizaci\u00f3n [&hellip;]<\/p>\n","protected":false},"author":3,"featured_media":0,"comment_status":"open","ping_status":"open","sticky":false,"template":"","format":"standard","meta":{"footnotes":""},"categories":[20],"tags":[],"class_list":["post-217920","post","type-post","status-publish","format-standard","hentry","category-dominicana-hoy"],"_links":{"self":[{"href":"https:\/\/diariodominicano.com\/index.php?rest_route=\/wp\/v2\/posts\/217920","targetHints":{"allow":["GET"]}}],"collection":[{"href":"https:\/\/diariodominicano.com\/index.php?rest_route=\/wp\/v2\/posts"}],"about":[{"href":"https:\/\/diariodominicano.com\/index.php?rest_route=\/wp\/v2\/types\/post"}],"author":[{"embeddable":true,"href":"https:\/\/diariodominicano.com\/index.php?rest_route=\/wp\/v2\/users\/3"}],"replies":[{"embeddable":true,"href":"https:\/\/diariodominicano.com\/index.php?rest_route=%2Fwp%2Fv2%2Fcomments&post=217920"}],"version-history":[{"count":0,"href":"https:\/\/diariodominicano.com\/index.php?rest_route=\/wp\/v2\/posts\/217920\/revisions"}],"wp:attachment":[{"href":"https:\/\/diariodominicano.com\/index.php?rest_route=%2Fwp%2Fv2%2Fmedia&parent=217920"}],"wp:term":[{"taxonomy":"category","embeddable":true,"href":"https:\/\/diariodominicano.com\/index.php?rest_route=%2Fwp%2Fv2%2Fcategories&post=217920"},{"taxonomy":"post_tag","embeddable":true,"href":"https:\/\/diariodominicano.com\/index.php?rest_route=%2Fwp%2Fv2%2Ftags&post=217920"}],"curies":[{"name":"wp","href":"https:\/\/api.w.org\/{rel}","templated":true}]}}