{"id":217918,"date":"2016-07-22T16:02:31","date_gmt":"2016-07-22T16:02:31","guid":{"rendered":"http:\/\/diariodominicano.ddns.net\/?p=217918"},"modified":"2016-07-22T16:02:31","modified_gmt":"2016-07-22T16:02:31","slug":"cesar-mella-propuesta-gobierno-es-revolucionaria-llama-medicos-a-razonar","status":"publish","type":"post","link":"https:\/\/diariodominicano.com\/?p=217918","title":{"rendered":"&#13;C\u00e9sar Mella: propuesta Gobierno es revolucionaria; llama m\u00e9dicos a razonar"},"content":{"rendered":"<p><body><\/p>\n<p><img decoding=\"async\" src=\"img3\/cesarmella2.jpg\" \/>  <\/p>\n<\/p>\n<\/p>\n<p><span class=\"text1noticias\">Santo Domingo, RD, 22 de julio.- El director del Instituto Dominicano de Seguros Sociales (IDSS), C\u00e9sar Mella, calific\u00f3 como revolucionaria la propuesta presentada por el Gobierno a los gremios del sector salud, ya que propone una reestructuraci\u00f3n del sistema sanitario.<\/span><\/p>\n<\/p>\n<p><span class=\"text1noticias\">Humanizaci\u00f3n de los servicios<\/span><\/p>\n<\/p>\n<p><span class=\"text1noticias\">\u00abPor primera vez en toda la historia las reivindicaciones gremiales del sector salud es el Gobierno quien propone una reestructuraci\u00f3n del sistema sanitario para llevar servicios de salud de calidad a la poblaci\u00f3n, no solo toca el tema salarial, se procura la humanizaci\u00f3n de los servicios\u00bb, dijo.<\/span><\/p>\n<\/p>\n<p><span class=\"text1noticias\">Al ser entrevistado en el programa Matinal, que se transmite por en el canal 5, explic\u00f3 que para la aplicaci\u00f3n de esta tercera propuesta el Estado estar\u00eda invirtiendo m\u00e1s de 8 mil millones de pesos en 18 meses.<\/span><\/p>\n<\/p>\n<p><span class=\"text1noticias\">Dos salarios en un solo turno<\/span><\/p>\n<\/p>\n<p><span class=\"text1noticias\">\u00abLa propuesta presentada ayer por el Gobierno fusiona los salarios e incentivos, casi dos mil m\u00e9dicos tienen dos empleos, uno en Salud P\u00fablica y otro en el IDSS\u00bb, dijo C\u00e9sar Mella. <\/span><\/p>\n<\/p>\n<p><span class=\"text1noticias\">Esto significa que los que est\u00e9n en la Red \u00danica de Atenci\u00f3n dejar\u00e1n de tener jornadas laborales de 16 horas y pasar\u00edan a tener una de 8 horas, sin reducci\u00f3n de ingresos y en su solo centro de trabajo.<\/span><\/p>\n<\/p>\n<p><span class=\"text1noticias\">Puso como ejemplo que aquellos que ganan 40 mil pesos en cada lugar, ahora ganar\u00eda 80 mil en un solo horario.<\/span><\/p>\n<\/p>\n<p><span class=\"text1noticias\">\u00abEn estos momentos hay m\u00e1s de 500 m\u00e9dicos a nivel nacional que est\u00e1n cobrando en su casa, por edad, por enfermedad, \u00abla medicina ejercida intensamente desgasta laboralmente al sujeto, por ello se est\u00e1 procurando hacer una red sanitaria \u00fanica de salud\u00bb, dijo.<\/span><\/p>\n<\/p>\n<p><span class=\"text1noticias\">Eficientizar el sistema sanitario<\/span><\/p>\n<\/p>\n<p><span class=\"text1noticias\">Insiste en la necesidad del cumplimiento de horario para llevar atenci\u00f3n oportuna y humana a los pacientes, \u00abda pena que despu\u00e9s de las 11:00 de la ma\u00f1ana en los hospitales p\u00fablicos y en los del IDSS la gente llega por emergencia porque no hay forma de encontrar un m\u00e9dico\u00bb.<\/span><\/p>\n<\/p>\n<p><span class=\"text1noticias\">En ese sentido, la decisi\u00f3n del Gobierno es cumplir con la normativa legal en cuanto a la jornada de trabajo, que establece en el art\u00edculo 44 de la ley de carrera sanitaria 395-14 y los art\u00edculos 51, 52 y 79 de la Ley 41-08 de Funci\u00f3n P\u00fablica, un m\u00ednimo de 30 horas semanales y un m\u00e1ximo de 40.<\/span><\/p>\n<\/p>\n<p><span class=\"text1noticias\">Aumento podr\u00eda alcanzar hasta un 85%<\/span><\/p>\n<\/p>\n<p><span class=\"text1noticias\">La propuesta contempla aumento en el ingreso que puede alcanzar entre un 75% y 85%.<\/span><\/p>\n<\/p>\n<p><span class=\"text1noticias\">Indic\u00f3 que el aumento al personal m\u00e9dico est\u00e1 formado por dos componentes, un aumento general de 25% y aumentos por incentivos de hasta un 50% y 60%.  \u00abLa suma de ambas partes representa un aumento que puede alcanzar un 85%\u00bb, se\u00f1al\u00f3.<\/span><\/p>\n<\/p>\n<p><span class=\"text1noticias\">Tres partidas de aumento salarial en 2017<\/span><\/p>\n<\/p>\n<p><span class=\"text1noticias\">Explic\u00f3 que el aumento salarial se realizar\u00e1 en tres paridas en el 2017, dos de 10% y una de 5%.<\/span><\/p>\n<\/p>\n<p><span class=\"text1noticias\">Incentivos<\/span><\/p>\n<\/p>\n<p><span class=\"text1noticias\">Hay incentivos por distancia de m\u00e1s de 200 kil\u00f3metros de la ciudad; por trabajar en la frontera; por recertificaci\u00f3n, es decir el que tiene una especialidad, post grado; por desempe\u00f1o; por Atenci\u00f3n Primaria; tambi\u00e9n el que trabaja bajo riesgo laboral, como los cirujanos, los intensivistas.<\/span><\/p>\n<\/p>\n<p><span class=\"text1noticias\">Nombramiento mediante concurso<\/span><\/p>\n<p><span class=\"text1noticias\">Otro punto justo que tiene la propuesta es que los cargos de directores, subdirectores y otros ser\u00e1n Escogidos mediante concurso p\u00fablico de credenciales, no ser\u00e1 un puesto pol\u00edtico, \u00abse est\u00e1 buscando la calidad del recurso humano\u00bb, se\u00f1al\u00f3.<\/span><\/p>\n<\/p>\n<p><span class=\"text1noticias\">Nivelaci\u00f3n salarial<\/span><\/p>\n<\/p>\n<p><span class=\"text1noticias\">C\u00e9sar Mella refiri\u00f3 que hist\u00f3ricamente los salarios del IDSS han sido mayores entre un 10 y un 40% a los de Salud P\u00fablica, por lo que es justo lo que el Gobierno propone de equiparar.<\/span><\/p>\n<\/p>\n<p><span class=\"text1noticias\">Puso como ejemplo que un odont\u00f3logo en Salud P\u00fablica gana 29 mil pesos y en el IDSS cobra 39 mil pesos. La nivelaci\u00f3n consiste en equiparar entre 2 a 3 mil empleados del sistema sanitario para eliminar esa desigualdad.<\/span><\/p>\n<\/p>\n<p><span class=\"text1noticias\">Propuesta integral<\/span><\/p>\n<\/p>\n<p><span class=\"text1noticias\">El director del IDSS dijo que por primera vez un Gobierno hace una propuesta integral que ofrece aumento a farmac\u00e9uticos, auxiliares de farmacia, odont\u00f3logos, bioanalistas, enfermeras graduadas, auxiliares de enfermer\u00eda y personal administrativo, como camilleros, conserjes, entre otros.<\/span><\/p>\n<\/p>\n<p><span class=\"text1noticias\">Pensiones en base a \u00faltimo salario.<\/span><\/p>\n<\/p>\n<p><span class=\"text1noticias\">\u00abLa propuesta reciente contempla que salgan m\u00e1s de 8 mil pensiones que ten\u00edan a\u00f1os esperando, se otorgar\u00e1n en base a su \u00faltimo salario incluyendo incentivos y seguro de salud\u00bb, dijo, al explicar que antes las pensiones eran de 5 \u00f3 7 mil pesos.<\/span><\/p>\n<\/p>\n<p><span class=\"text1noticias\">C\u00e9sar Mella, expresidente del Colegio M\u00e9dico, entiende que no se puede permitir que miles de personas que est\u00e1n esperando una pensi\u00f3n tengan que esperar un acuerdo entre el Gobierno y el Colegio M\u00e9dico para tener tranquilidad.<\/span><\/p>\n<\/p>\n<p><span class=\"text1noticias\">Consider\u00f3 que a un m\u00e9dico de 70 u 80 a\u00f1os le genera mucha incertidumbre esperar un di\u00e1logo para recibir su pensi\u00f3n.<\/span><\/p>\n<\/p>\n<p><span class=\"text1noticias\">Llamado a la raz\u00f3n<\/span><\/p>\n<\/p>\n<p><span class=\"text1noticias\">Yo espero que el Colegio M\u00e9dico entienda y se acerque a un punto razonable de negociaci\u00f3n, porque en definitiva los que sufren son los pacientes.<\/span><\/p>\n<h6> 2016-07-22 16:02:31 <\/h6>\n<p><!--\n<link rel=\"stylesheet\" href=\"css\/bootstrap.min.css\">\n\n\n<ul class=\"pagination\">\n\t    \n\t\n\n<li >\n\t<a href='?page_no=12391'>Previous<\/a>\n\t<\/li>\n\n\n       \n    \n\n<li><a href='?page_no=1'>1<\/a><\/li>\n\n\n\n<li><a href='?page_no=2'>2<\/a><\/li>\n\n\n\n<li><a>...<\/a><\/li>\n\n\n\n<li><a href='?page_no=12390'>12390<\/a><\/li>\n\n\n\n<li><a href='?page_no=12391'>12391<\/a><\/li>\n\n\n\n<li class='active'><a>12392<\/a><\/li>\n\n\n\n<li><a href='?page_no=12393'>12393<\/a><\/li>\n\n\n\n<li><a href='?page_no=12394'>12394<\/a><\/li>\n\n\n\n<li><a>...<\/a><\/li>\n\n\n\n<li><a href='?page_no=56169'>56169<\/a><\/li>\n\n\n\n<li><a href='?page_no=56170'>56170<\/a><\/li>\n\n    \n\t\n\n<li >\n\t<a href='?page_no=12393'>Next<\/a>\n\t<\/li>\n\n\n    \n\n<li><a href='?page_no=56170'>Last &rsaquo;&rsaquo;<\/a><\/li>\n\n<\/ul>\n\n\n--><br \/>\n<\/body><\/p>\n","protected":false},"excerpt":{"rendered":"<p>Santo Domingo, RD, 22 de julio.- El director del Instituto Dominicano de Seguros Sociales (IDSS), C\u00e9sar Mella, calific\u00f3 como revolucionaria la propuesta presentada por el Gobierno a los gremios del sector salud, ya que propone una reestructuraci\u00f3n del sistema sanitario. Humanizaci\u00f3n de los servicios \u00abPor primera vez en toda la historia las reivindicaciones gremiales del [&hellip;]<\/p>\n","protected":false},"author":3,"featured_media":0,"comment_status":"open","ping_status":"open","sticky":false,"template":"","format":"standard","meta":{"footnotes":""},"categories":[20],"tags":[],"class_list":["post-217918","post","type-post","status-publish","format-standard","hentry","category-dominicana-hoy"],"_links":{"self":[{"href":"https:\/\/diariodominicano.com\/index.php?rest_route=\/wp\/v2\/posts\/217918","targetHints":{"allow":["GET"]}}],"collection":[{"href":"https:\/\/diariodominicano.com\/index.php?rest_route=\/wp\/v2\/posts"}],"about":[{"href":"https:\/\/diariodominicano.com\/index.php?rest_route=\/wp\/v2\/types\/post"}],"author":[{"embeddable":true,"href":"https:\/\/diariodominicano.com\/index.php?rest_route=\/wp\/v2\/users\/3"}],"replies":[{"embeddable":true,"href":"https:\/\/diariodominicano.com\/index.php?rest_route=%2Fwp%2Fv2%2Fcomments&post=217918"}],"version-history":[{"count":0,"href":"https:\/\/diariodominicano.com\/index.php?rest_route=\/wp\/v2\/posts\/217918\/revisions"}],"wp:attachment":[{"href":"https:\/\/diariodominicano.com\/index.php?rest_route=%2Fwp%2Fv2%2Fmedia&parent=217918"}],"wp:term":[{"taxonomy":"category","embeddable":true,"href":"https:\/\/diariodominicano.com\/index.php?rest_route=%2Fwp%2Fv2%2Fcategories&post=217918"},{"taxonomy":"post_tag","embeddable":true,"href":"https:\/\/diariodominicano.com\/index.php?rest_route=%2Fwp%2Fv2%2Ftags&post=217918"}],"curies":[{"name":"wp","href":"https:\/\/api.w.org\/{rel}","templated":true}]}}