{"id":217917,"date":"2016-07-22T16:07:11","date_gmt":"2016-07-22T16:07:11","guid":{"rendered":"http:\/\/diariodominicano.ddns.net\/?p=217917"},"modified":"2016-07-22T16:07:11","modified_gmt":"2016-07-22T16:07:11","slug":"edesur-atribuye-aumento-de-apagones-a-falta-de-generacion","status":"publish","type":"post","link":"https:\/\/diariodominicano.com\/?p=217917","title":{"rendered":"Edesur atribuye aumento de apagones a falta de generaci\u00f3n"},"content":{"rendered":"<p><body><\/p>\n<p><img decoding=\"async\" src=\"img3\/47ebc6ca-a384-4cbd-b99e-51d604fe165c.jpg\" \/>  <\/p>\n<p><strong><span class=\"text1noticias\">Santo Domingo, R.D., 22 de julio.-<\/span><\/strong><span class=\"text1noticias\"> La Empresa de Electricidad del Sur (EDESUR) atribuy\u00f3 a un d\u00e9ficit en la generaci\u00f3n las interrupciones que fuera de su programaci\u00f3n oficial se han producido en lo que va de mes en su \u00e1rea de concesi\u00f3n.<\/span><\/p>\n<p><span class=\"text1noticias\"> <\/span><\/p>\n<p><span class=\"text1noticias\">Hasta este viernes, 22 de julio, a 451,801 clientes se les ha interrumpido el servicio el\u00e9ctrico durante 5,948 horas, seg\u00fan un informe escrito ofrecido por la direcci\u00f3n de Comunicaci\u00f3n de la empresa estatal.<\/span><\/p>\n<p><span class=\"text1noticias\"> <\/span><\/p>\n<p><span class=\"text1noticias\">Asimismo, en el mismo per\u00edodo se han producido 1,479 interrupciones en 164 circuitos.<\/span><\/p>\n<p><span class=\"text1noticias\"> <\/span><\/p>\n<p><span class=\"text1noticias\">La situaci\u00f3n deficitaria en el servicio el\u00e9ctrico ha afectado,  de acuerdo a Edesur, los sectores de Azua, Barahona, Ban\u00ed, San Crist\u00f3bal, San Juan, Santo Domingo Centro, Santo Domingo Oeste y Santo Domingo Norte.<\/span><\/p>\n<p><span class=\"text1noticias\"> <\/span><\/p>\n<p><span class=\"text1noticias\">\u00abHemos presentado indisponibilidad del servicio por la salida de las siguientes unidades de generaci\u00f3n: Macor\u00eds II, con 100 megavatios (MW); San Felipe, con 185; y Los Mina V, con 105\u00bb, dice la nota.<\/span><\/p>\n<p><span class=\"text1noticias\"> <\/span><\/p>\n<p><span class=\"text1noticias\">En el mismo orden, precisa la instituci\u00f3n,  tambi\u00e9n han estado fuera por fallas o aver\u00edas ITABO II, con 132 MW; Haina, con 132; ITABO I, con 128; y AES Andr\u00e9s, con 300.<\/span><\/p>\n<\/p>\n<h6> 2016-07-22 16:07:11 <\/h6>\n<p><!--\n<link rel=\"stylesheet\" href=\"css\/bootstrap.min.css\">\n\n\n<ul class=\"pagination\">\n\t    \n\t\n\n<li >\n\t<a href='?page_no=12390'>Previous<\/a>\n\t<\/li>\n\n\n       \n    \n\n<li><a href='?page_no=1'>1<\/a><\/li>\n\n\n\n<li><a href='?page_no=2'>2<\/a><\/li>\n\n\n\n<li><a>...<\/a><\/li>\n\n\n\n<li><a href='?page_no=12389'>12389<\/a><\/li>\n\n\n\n<li><a href='?page_no=12390'>12390<\/a><\/li>\n\n\n\n<li class='active'><a>12391<\/a><\/li>\n\n\n\n<li><a href='?page_no=12392'>12392<\/a><\/li>\n\n\n\n<li><a href='?page_no=12393'>12393<\/a><\/li>\n\n\n\n<li><a>...<\/a><\/li>\n\n\n\n<li><a href='?page_no=56169'>56169<\/a><\/li>\n\n\n\n<li><a href='?page_no=56170'>56170<\/a><\/li>\n\n    \n\t\n\n<li >\n\t<a href='?page_no=12392'>Next<\/a>\n\t<\/li>\n\n\n    \n\n<li><a href='?page_no=56170'>Last &rsaquo;&rsaquo;<\/a><\/li>\n\n<\/ul>\n\n\n--><br \/>\n<\/body><\/p>\n","protected":false},"excerpt":{"rendered":"<p>Santo Domingo, R.D., 22 de julio.- La Empresa de Electricidad del Sur (EDESUR) atribuy\u00f3 a un d\u00e9ficit en la generaci\u00f3n las interrupciones que fuera de su programaci\u00f3n oficial se han producido en lo que va de mes en su \u00e1rea de concesi\u00f3n. Hasta este viernes, 22 de julio, a 451,801 clientes se les ha interrumpido [&hellip;]<\/p>\n","protected":false},"author":3,"featured_media":0,"comment_status":"open","ping_status":"open","sticky":false,"template":"","format":"standard","meta":{"footnotes":""},"categories":[20],"tags":[],"class_list":["post-217917","post","type-post","status-publish","format-standard","hentry","category-dominicana-hoy"],"_links":{"self":[{"href":"https:\/\/diariodominicano.com\/index.php?rest_route=\/wp\/v2\/posts\/217917","targetHints":{"allow":["GET"]}}],"collection":[{"href":"https:\/\/diariodominicano.com\/index.php?rest_route=\/wp\/v2\/posts"}],"about":[{"href":"https:\/\/diariodominicano.com\/index.php?rest_route=\/wp\/v2\/types\/post"}],"author":[{"embeddable":true,"href":"https:\/\/diariodominicano.com\/index.php?rest_route=\/wp\/v2\/users\/3"}],"replies":[{"embeddable":true,"href":"https:\/\/diariodominicano.com\/index.php?rest_route=%2Fwp%2Fv2%2Fcomments&post=217917"}],"version-history":[{"count":0,"href":"https:\/\/diariodominicano.com\/index.php?rest_route=\/wp\/v2\/posts\/217917\/revisions"}],"wp:attachment":[{"href":"https:\/\/diariodominicano.com\/index.php?rest_route=%2Fwp%2Fv2%2Fmedia&parent=217917"}],"wp:term":[{"taxonomy":"category","embeddable":true,"href":"https:\/\/diariodominicano.com\/index.php?rest_route=%2Fwp%2Fv2%2Fcategories&post=217917"},{"taxonomy":"post_tag","embeddable":true,"href":"https:\/\/diariodominicano.com\/index.php?rest_route=%2Fwp%2Fv2%2Ftags&post=217917"}],"curies":[{"name":"wp","href":"https:\/\/api.w.org\/{rel}","templated":true}]}}