{"id":217913,"date":"2016-07-23T15:48:59","date_gmt":"2016-07-23T15:48:59","guid":{"rendered":"http:\/\/diariodominicano.ddns.net\/?p=217913"},"modified":"2016-07-23T15:48:59","modified_gmt":"2016-07-23T15:48:59","slug":"hollande-dialogara-con-jefe-de-la-ce-sobre-futuro-de-europa","status":"publish","type":"post","link":"https:\/\/diariodominicano.com\/?p=217913","title":{"rendered":"Hollande dialogar\u00e1 con jefe de la CE sobre futuro de Europa"},"content":{"rendered":"<p><body><\/p>\n<p><img decoding=\"async\" src=\"img3\/hollande2.jpg\" \/>  <\/p>\n<\/p>\n<\/p>\n<p>Par\u00eds, 23 jul (PL) El presidente de Francia, Fran\u00e7ois Hollande, compartir\u00e1 ma\u00f1ana una cena de trabajo con el jefe de la Comisi\u00f3n Europea, Jean-Claude Juncker, para dialogar sobre el futuro de la Uni\u00f3n Europea (UE) tras la salida de Reino Unido.<\/p>\n<\/p>\n<p>De acuerdo con fuentes del presidencial Palacio del El\u00edseo citadas hoy por la prensa local, ambas partes tambi\u00e9n conversar\u00e1n sobre las reformas a impulsar al interior del bloque regional para garantizar el futuro.<\/p>\n<\/p>\n<p>El encuentro forma parte de la preparaci\u00f3n de la cumbre de la UE prevista en septiembre en Bratislava, Eslovaquia, en la cual se hablar\u00e1 sobre la necesaria renovaci\u00f3n del llamado grupo de los 28, que pr\u00f3ximamente perder\u00e1 a Londres, uno de sus socios m\u00e1s importantes.<\/p>\n<\/p>\n<p>Hollande se reuni\u00f3 hace dos d\u00edas con la nueva jefa del Gobierno brit\u00e1nico, Theresa May, y aunque acept\u00f3 que Reino Unido necesita unos meses para preparar las negociaciones de salida, ratific\u00f3 que cuanto antes comience el proceso, mejor ser\u00e1 para todos los involucrados.<\/p>\n<\/p>\n<p>Puede haber una preparaci\u00f3n para esta negociaci\u00f3n, pero repito que cuanto m\u00e1s pronto ser\u00e1 mejor para el inter\u00e9s com\u00fan, de Europa, del Reino Unido y de nuestras econom\u00edas respectivas, afirm\u00f3.<\/p>\n<\/p>\n<p>El mandatario record\u00f3 que \u00abReino Unido decidi\u00f3 salir de la UE. Es su decisi\u00f3n, es su responsabilidad y nosotros la respetamos\u00bb.<\/p>\n<\/p>\n<p>Tras un larga campa\u00f1a, la naci\u00f3n brit\u00e1nica realiz\u00f3 un referendo hace un mes en el cual se impuso la opci\u00f3n de abandonar el bloque regional.<\/p>\n<\/p>\n<p>Ahora el gobierno tiene un plazo de dos a\u00f1os para comenzar formalmente el proceso de salida.<\/p>\n<h6> 2016-07-23 15:48:59 <\/h6>\n<p><!--\n<link rel=\"stylesheet\" href=\"css\/bootstrap.min.css\">\n\n\n<ul class=\"pagination\">\n\t    \n\t\n\n<li >\n\t<a href='?page_no=12387'>Previous<\/a>\n\t<\/li>\n\n\n       \n    \n\n<li><a href='?page_no=1'>1<\/a><\/li>\n\n\n\n<li><a href='?page_no=2'>2<\/a><\/li>\n\n\n\n<li><a>...<\/a><\/li>\n\n\n\n<li><a href='?page_no=12386'>12386<\/a><\/li>\n\n\n\n<li><a href='?page_no=12387'>12387<\/a><\/li>\n\n\n\n<li class='active'><a>12388<\/a><\/li>\n\n\n\n<li><a href='?page_no=12389'>12389<\/a><\/li>\n\n\n\n<li><a href='?page_no=12390'>12390<\/a><\/li>\n\n\n\n<li><a>...<\/a><\/li>\n\n\n\n<li><a href='?page_no=56169'>56169<\/a><\/li>\n\n\n\n<li><a href='?page_no=56170'>56170<\/a><\/li>\n\n    \n\t\n\n<li >\n\t<a href='?page_no=12389'>Next<\/a>\n\t<\/li>\n\n\n    \n\n<li><a href='?page_no=56170'>Last &rsaquo;&rsaquo;<\/a><\/li>\n\n<\/ul>\n\n\n--><br \/>\n<\/body><\/p>\n","protected":false},"excerpt":{"rendered":"<p>Par\u00eds, 23 jul (PL) El presidente de Francia, Fran\u00e7ois Hollande, compartir\u00e1 ma\u00f1ana una cena de trabajo con el jefe de la Comisi\u00f3n Europea, Jean-Claude Juncker, para dialogar sobre el futuro de la Uni\u00f3n Europea (UE) tras la salida de Reino Unido. De acuerdo con fuentes del presidencial Palacio del El\u00edseo citadas hoy por la prensa [&hellip;]<\/p>\n","protected":false},"author":3,"featured_media":0,"comment_status":"open","ping_status":"open","sticky":false,"template":"","format":"standard","meta":{"footnotes":""},"categories":[20],"tags":[],"class_list":["post-217913","post","type-post","status-publish","format-standard","hentry","category-dominicana-hoy"],"_links":{"self":[{"href":"https:\/\/diariodominicano.com\/index.php?rest_route=\/wp\/v2\/posts\/217913","targetHints":{"allow":["GET"]}}],"collection":[{"href":"https:\/\/diariodominicano.com\/index.php?rest_route=\/wp\/v2\/posts"}],"about":[{"href":"https:\/\/diariodominicano.com\/index.php?rest_route=\/wp\/v2\/types\/post"}],"author":[{"embeddable":true,"href":"https:\/\/diariodominicano.com\/index.php?rest_route=\/wp\/v2\/users\/3"}],"replies":[{"embeddable":true,"href":"https:\/\/diariodominicano.com\/index.php?rest_route=%2Fwp%2Fv2%2Fcomments&post=217913"}],"version-history":[{"count":0,"href":"https:\/\/diariodominicano.com\/index.php?rest_route=\/wp\/v2\/posts\/217913\/revisions"}],"wp:attachment":[{"href":"https:\/\/diariodominicano.com\/index.php?rest_route=%2Fwp%2Fv2%2Fmedia&parent=217913"}],"wp:term":[{"taxonomy":"category","embeddable":true,"href":"https:\/\/diariodominicano.com\/index.php?rest_route=%2Fwp%2Fv2%2Fcategories&post=217913"},{"taxonomy":"post_tag","embeddable":true,"href":"https:\/\/diariodominicano.com\/index.php?rest_route=%2Fwp%2Fv2%2Ftags&post=217913"}],"curies":[{"name":"wp","href":"https:\/\/api.w.org\/{rel}","templated":true}]}}