{"id":217911,"date":"2016-07-24T09:29:39","date_gmt":"2016-07-24T09:29:39","guid":{"rendered":"http:\/\/diariodominicano.ddns.net\/?p=217911"},"modified":"2016-07-24T09:29:39","modified_gmt":"2016-07-24T09:29:39","slug":"adp-demanda-incremento-salarial-de-un-25-por-ciento-para-los-profesores","status":"publish","type":"post","link":"https:\/\/diariodominicano.com\/?p=217911","title":{"rendered":"ADP demanda incremento salarial de un 25 por ciento para los profesores"},"content":{"rendered":"<p><body><\/p>\n<p><img decoding=\"async\" src=\"img3\/ADP00022.jpg\" \/>  <\/p>\n<\/p>\n<p><strong><span class=\"text1noticias\">En agosto presentar\u00e1n propuesta para mejorar calidad de la educaci\u00f3n<\/span><\/strong><\/p>\n<\/p>\n<p><strong><span class=\"text1noticias\">SANTO DOMINGO, RD, 24 de Julio de 2016.- <\/span><\/strong><span class=\"text1noticias\"> El presidente de la Asociaci\u00f3n Dominicana de profesores (ADP) exigi\u00f3 del Gobierno un aumento salarial de un 25 por ciento para todos el personal activo, jubilados y pensionados del sistema de ense\u00f1anza p\u00fablica del pa\u00eds.<\/span><\/p>\n<\/p>\n<p><span class=\"text1noticias\">El profesor Eduardo Hidalgo tambi\u00e9n dijo que el Ministerio de Educaci\u00f3n tiene cinco a\u00f1os que no hace una evaluaci\u00f3n profesoral que le diagnostique el desempe\u00f1o de los maestros en su tarea de impartir docencia.<\/span><\/p>\n<\/p>\n<p><strong><span class=\"text1noticias\">Hidalgo anunci\u00f3 que para el pr\u00f3ximo mes de agosto el gremio profesional presentar\u00e1 al pa\u00eds una propuesta de c\u00f3mo mejorar la calidad de la educaci\u00f3n dominicana, tema sobre el cual ya tienen mucho tiempo trabajando.<\/span><\/strong><\/p>\n<\/p>\n<p><span class=\"text1noticias\">Entrevistado por H\u00e9ctor Herrera Cabral en el programa D\u00b4AGENDA que cada domingo se difunde por Telesistema Canal 11, el l\u00edder magisterial reconoci\u00f3 que los ingresos de los educadores del sector p\u00fablico han mejorado en los \u00faltimos a\u00f1os, pero aclar\u00f3 que todav\u00eda un maestro no vive dignamente con el salario que devenga.<\/span><\/p>\n<\/p>\n<p><span class=\"text1noticias\">Record\u00f3 que el incremento salarial m\u00e1s reciente que tuvieron los maestros fue de apenas un 10 por ciento, aplicado de manera discrecional por el ministro de Educaci\u00f3n Carlos Amarante Baret, cuando el reclamo de la ADP era que dicho incremento debi\u00f3 ser de un 25 por ciento, y pese a ello no ejercieron mayores presiones adicionales.<\/span><\/p>\n<\/p>\n<p><span class=\"text1noticias\">\u00abSiempre que haya voluntad de sentarnos a discutirlo, yo creo que s\u00ed, que podemos llegar a un aumento razonable, a nosotros nos gustar\u00eda un 25 por ciento, o sea lo que decimos es que un profesor gana 20 mil pesos mensuales, y si pedimos un incremento de un 25 por ciento lo que vendr\u00edamos recibiendo son cinco mil pesos adicionales cada mes\u00bb; explic\u00f3 el presidente de la ADP.<\/span><\/p>\n<\/p>\n<p><span class=\"text1noticias\">Sostuvo que un profesional como el maestro que tiene que dedicarse a tiempo completo al sagrado sacerdocio de la ense\u00f1anza, ya que su trabajo no concluye cuando finaliza en el aula, si no que luego debe evaluar, preparar clases y mantenerse investigando y prepar\u00e1ndose, es digno de que tenga un salario que le permita vivir dignamente.<\/span><\/p>\n<\/p>\n<p><span class=\"text1noticias\">Eduardo Hidalgo dijo que la ADP est\u00e1 dispuesta a pactar con las autoridades, a partir de agosto cuando se instale el nuevo gobierno, un acuerdo para los pr\u00f3ximos cuatro a\u00f1os donde se contemplen los incrementos que se aplicar\u00e1n en ese periodo, sin la necesidad de que cada a\u00f1o tengan que estar discutiendo el mismo tema.<\/span><\/p>\n<\/p>\n<p><span class=\"text1noticias\">\u00abNosotros queremos que en lo que queda del mes de julio y principio de agosto, don Carlos Amarante Baret convoque la Comisi\u00f3n de Dignificaci\u00f3n Magisterial porque nosotros est\u00e1bamos demandando un 25 por ciento de incremento, y \u00e9l sorpresivamente se despach\u00f3 aplicando un diez por ciento, por lo tanto entendemos que para jubilados, pensionados y personal activo, debe haber para el 2017 un aumento de salario\u00bb, acot\u00f3.<\/span><\/p>\n<\/p>\n<p><span class=\"text1noticias\">Dijo  que los profesores no est\u00e1n demandando nada que no est\u00e9 en el Pacto Educativo, ya que adem\u00e1s del incremento salarial, la ADP tiene derecho a exigir mejores condiciones para el estudiantado y la escuela en sentido general.<\/span><\/p>\n<\/p>\n<p><span class=\"text1noticias\">En otro orden el presidente del gremio magisterial denunci\u00f3 que hay escuelas en construcci\u00f3n que llevan entre dos y tres meses detenidas por falta de pagos, y lo mismo sucede con los suplidores del almuerzo escolar, y la capacitaci\u00f3n de las maestras y los maestros, lo que explica que se trata de un tema presupuestal.<\/span><\/p>\n<\/p>\n<p><span class=\"text1noticias\">Sobre la construcci\u00f3n de una escuela en el sector Los Coquitos, que ser\u00eda edificada sobre 180 pilotillos debido a la p\u00e9sima calidad del terreno, Eduardo Hidalgo dijo que la ADP se opone a que sea edificada en ese lugar por el peligro que representa.<\/span><\/p>\n<\/p>\n<p><strong><span class=\"text1noticias\">Denuncia que Educaci\u00f3n tiene cinco a\u00f1os no eval\u00faa desempe\u00f1o de maestros<\/span><\/strong><\/p>\n<\/p>\n<p><span class=\"text1noticias\">El presidente de la ADP, Eduardo Hidalgo denunci\u00f3 que el Ministerio de Educaci\u00f3n tiene cinco a\u00f1os que no eval\u00faa el desempe\u00f1o de los profesores que trabajan en el sistema de ense\u00f1anza p\u00fablica.<\/span><\/p>\n<\/p>\n<p><span class=\"text1noticias\">\u00abF\u00edjese que a veces la sociedad civil piensan que los maestros y maestras somos opuestos a que nos eval\u00faen, pero todo el mundo sabe que hemos sido reiterativos en emplazar a las autoridades en el sentido de que se nos eval\u00fae, y por lo tanto el gobierno del presidente Danilo Medina y el actual ministro tienen esa materia pendiente porque no han cumplido ese requisito\u00bb, se quej\u00f3 el l\u00edder magisterial.<\/span><\/p>\n<\/p>\n<p><span class=\"text1noticias\">Calific\u00f3 la situaci\u00f3n como una bomba de tiempo, que inclusive puede afectar la paz del a\u00f1o escolar que est\u00e1 previsto para iniciarse el lunes 22 del presente mes.<\/span><\/p>\n<\/p>\n<p><span class=\"text1noticias\">\u00abNosotros tenemos alrededor de 20 mil profesores que debieron estar evaluados, y la \u00faltima que se hizo fue en la administraci\u00f3n de Melanio Paredes, es decir estamos hablando de hace cinco a\u00f1os de eso, cuando la ley establece que ese proceso debe realizarse, como mucho, cada tres a\u00f1os\u00bb.<\/span><\/p>\n<\/p>\n<p><span class=\"text1noticias\">Aclar\u00f3 que aunque la evaluaci\u00f3n del desempe\u00f1o tiene un componente econ\u00f3mico, ese no es el caso principal por lo que lo exige la ADP, sino porque ese mecanismo les permite a las autoridades ejecutar programas de mejoras en las deficiencias que se puedan encontrar en los educadores.<\/span><\/p>\n<\/p>\n<p><span class=\"text1noticias\">Sostuvo que con esa medici\u00f3n, si un profesor no tuvo un buen desempe\u00f1o en torno al \u00e1rea en que se est\u00e1 desenvolviendo, entonces tiene que someterse a un proceso de fortalecimiento educativo continuo hasta que al a\u00f1o siguiente lo vuelven a evaluar.<\/span><\/p>\n<\/p>\n<p><span class=\"text1noticias\">Insisti\u00f3 en que para dise\u00f1ar pol\u00edticas formativas al cuerpo profesoral del sector p\u00fablico hay que hacer la evaluaci\u00f3n del desempe\u00f1o, que aunque est\u00e1 el componente econ\u00f3mico, la raz\u00f3n de la exigencia de la ADP es eminentemente acad\u00e9mico.<\/span><\/p>\n<\/p>\n<p><strong><span class=\"text1noticias\">ADP presentar\u00e1 el pr\u00f3ximo mes de agosto una propuesta sobre calidad educativa<\/span><\/strong><\/p>\n<\/p>\n<p><span class=\"text1noticias\">La Asociaci\u00f3n Dominicana de Profesores tiene lista una propuesta que presentar\u00e1 el pr\u00f3ximo mes de agosto a las autoridades gubernamentales, la cual tiene que ver con el tema de la calidad de la educaci\u00f3n en la Rep\u00fablica Dominicana.<\/span><\/p>\n<\/p>\n<p><span class=\"text1noticias\">La informaci\u00f3n la dio a conocer el presidente de la Asociaci\u00f3n Dominicana de Profesores, Eduardo Hidalgo, quien sostuvo que dicha iniciativa no necesariamente guarda relaci\u00f3n con las preocupaciones que constantemente externa el sector empresarial a trav\u00e9s de Educa.<\/span><\/p>\n<\/p>\n<p><span class=\"text1noticias\">\u00abCuando nosotros como ADP y los empresarios como Educa hablamos de la calidad de la educaci\u00f3n probablemente estamos hablando de la misma palabra, pero no necesariamente significa lo mismo\u00bb, aclar\u00f3.<\/span><\/p>\n<\/p>\n<p><span class=\"text1noticias\">Explic\u00f3 que el empresario lo que busca es que la escuela le produzca un obrero instruido, mientras que desde la visi\u00f3n del sindicato se aspira a un ciudadano que sienta que tiene derechos y deberes y que va a la formaci\u00f3n humana.<\/span><\/p>\n<\/p>\n<p><span class=\"text1noticias\">Dijo que al sector corporativo no busca un personal que tenga capacidad cr\u00edtica, sino a alguien que se pueda sentar varias horas frente a un monitor de una computadora para que le resuelva todas las situaciones que la empresa requiera, siempre con el \u00e1nimo de maximizar sus utilidades.<\/span><\/p>\n<\/p>\n<p><span class=\"text1noticias\">\u00abEllos quieren un obrero que prenda una computadora, que le trabaje ocho horas, que no reclame sus derechos, en fin esa es la calidad de la educaci\u00f3n que postulan los empresarios, por el contrario el pa\u00eds lo que necesita es ciudadanos y ciudadanas comprometidos con el desarrollo integral de la sociedad\u00bb, argument\u00f3 Eduardo Hidalgo.<\/span><\/p>\n<\/p>\n<p><span class=\"text1noticias\">Retomando el tema de la propuesta que formular\u00e1n en agosto, de la cual no quiso adelantar, dijo esperar que el presidente Danilo Medina la reciba, y sostener un encuentro con los ministros de Educaci\u00f3n y Educaci\u00f3n Superior, porque son las dos instancias que conjuntamente con el sindicato deber\u00e1n empujar esa propuesta.<\/span><\/p>\n<\/p>\n<p><span class=\"text1noticias\">Sostuvo que igual har\u00e1n con las organizaciones de la sociedad civil porque la calidad de la educaci\u00f3n es un tema que concierne a todo el pa\u00eds, y por ende no se le puede dejar solamente a los maestros y las maestras de la Rep\u00fablica Dominicana.<\/span><\/p>\n<\/p>\n<p><span class=\"text1noticias\">\u00abEs decir vamos a ver una ADP luchando por las reivindicaciones del sector, pero tambi\u00e9n propositiva con un tema naci\u00f3n que es la calidad de la educaci\u00f3n\u00bb.<\/span><\/p>\n<\/p>\n<p><span class=\"text1noticias\">El  profesor Eduardo Hidalgo favoreci\u00f3 que el gobierno acuda en auxilio de los padres de los estudiantes de los colegios privados, en cuanto a subvencionarle el precio de los libros de textos a trav\u00e9s de los mecanismos que tiene el Estado, y as\u00ed evitar que personas de clase media baja que tienen sus hijos en colegios sufran las vicisitudes cada vez que se inicia un a\u00f1o escolar al tener que buscar dinero de donde no tiene para comprar esos materiales did\u00e1cticos.<\/span><\/p>\n<\/p>\n<\/p>\n<\/p>\n<h6> 2016-07-24 09:29:39 <\/h6>\n<p><!--\n<link rel=\"stylesheet\" href=\"css\/bootstrap.min.css\">\n\n\n<ul class=\"pagination\">\n\t    \n\t\n\n<li >\n\t<a href='?page_no=12385'>Previous<\/a>\n\t<\/li>\n\n\n       \n    \n\n<li><a href='?page_no=1'>1<\/a><\/li>\n\n\n\n<li><a href='?page_no=2'>2<\/a><\/li>\n\n\n\n<li><a>...<\/a><\/li>\n\n\n\n<li><a href='?page_no=12384'>12384<\/a><\/li>\n\n\n\n<li><a href='?page_no=12385'>12385<\/a><\/li>\n\n\n\n<li class='active'><a>12386<\/a><\/li>\n\n\n\n<li><a href='?page_no=12387'>12387<\/a><\/li>\n\n\n\n<li><a href='?page_no=12388'>12388<\/a><\/li>\n\n\n\n<li><a>...<\/a><\/li>\n\n\n\n<li><a href='?page_no=56169'>56169<\/a><\/li>\n\n\n\n<li><a href='?page_no=56170'>56170<\/a><\/li>\n\n    \n\t\n\n<li >\n\t<a href='?page_no=12387'>Next<\/a>\n\t<\/li>\n\n\n    \n\n<li><a href='?page_no=56170'>Last &rsaquo;&rsaquo;<\/a><\/li>\n\n<\/ul>\n\n\n--><br \/>\n<\/body><\/p>\n","protected":false},"excerpt":{"rendered":"<p>En agosto presentar\u00e1n propuesta para mejorar calidad de la educaci\u00f3n SANTO DOMINGO, RD, 24 de Julio de 2016.- El presidente de la Asociaci\u00f3n Dominicana de profesores (ADP) exigi\u00f3 del Gobierno un aumento salarial de un 25 por ciento para todos el personal activo, jubilados y pensionados del sistema de ense\u00f1anza p\u00fablica del pa\u00eds. El profesor [&hellip;]<\/p>\n","protected":false},"author":3,"featured_media":0,"comment_status":"open","ping_status":"open","sticky":false,"template":"","format":"standard","meta":{"footnotes":""},"categories":[20],"tags":[],"class_list":["post-217911","post","type-post","status-publish","format-standard","hentry","category-dominicana-hoy"],"_links":{"self":[{"href":"https:\/\/diariodominicano.com\/index.php?rest_route=\/wp\/v2\/posts\/217911","targetHints":{"allow":["GET"]}}],"collection":[{"href":"https:\/\/diariodominicano.com\/index.php?rest_route=\/wp\/v2\/posts"}],"about":[{"href":"https:\/\/diariodominicano.com\/index.php?rest_route=\/wp\/v2\/types\/post"}],"author":[{"embeddable":true,"href":"https:\/\/diariodominicano.com\/index.php?rest_route=\/wp\/v2\/users\/3"}],"replies":[{"embeddable":true,"href":"https:\/\/diariodominicano.com\/index.php?rest_route=%2Fwp%2Fv2%2Fcomments&post=217911"}],"version-history":[{"count":0,"href":"https:\/\/diariodominicano.com\/index.php?rest_route=\/wp\/v2\/posts\/217911\/revisions"}],"wp:attachment":[{"href":"https:\/\/diariodominicano.com\/index.php?rest_route=%2Fwp%2Fv2%2Fmedia&parent=217911"}],"wp:term":[{"taxonomy":"category","embeddable":true,"href":"https:\/\/diariodominicano.com\/index.php?rest_route=%2Fwp%2Fv2%2Fcategories&post=217911"},{"taxonomy":"post_tag","embeddable":true,"href":"https:\/\/diariodominicano.com\/index.php?rest_route=%2Fwp%2Fv2%2Ftags&post=217911"}],"curies":[{"name":"wp","href":"https:\/\/api.w.org\/{rel}","templated":true}]}}