{"id":217910,"date":"2016-07-25T08:41:14","date_gmt":"2016-07-25T08:41:14","guid":{"rendered":"http:\/\/diariodominicano.ddns.net\/?p=217910"},"modified":"2016-07-25T08:41:14","modified_gmt":"2016-07-25T08:41:14","slug":"danilo-medina-acude-en-auxilio-de-caficultores-de-guayubin","status":"publish","type":"post","link":"https:\/\/diariodominicano.com\/?p=217910","title":{"rendered":"Danilo Medina acude en auxilio de caficultores de Guayub\u00edn"},"content":{"rendered":"<p><body><\/p>\n<p><img decoding=\"async\" src=\"img3\/caficultores25-7.jpg\" \/><br \/><img decoding=\"async\" src=\"img3\/caficultordanilo25-7.jpg\" \/>  <\/p>\n<p><span class=\"text1noticias\">Guayubin, Montecristi, 25 de junio.- El presidente Danilo Medina realiz\u00f3  este domingo  una Visita Sorpresa a los productores de caf\u00e9 de Loma de Solim\u00e1n, en Guayub\u00edn, Montecristi, cuyas plantaciones fueron afectadas por plagas y sequ\u00eda.<\/span><\/p>\n<p><span class=\"text1noticias\"> <\/span><\/p>\n<p><span class=\"text1noticias\">Antes produc\u00edan miles de quintales, ahora solo cientos<\/span><\/p>\n<p><span class=\"text1noticias\"> <\/span><\/p>\n<p><span class=\"text1noticias\">Los productores en Loma de Solim\u00e1n vieron con gran impotencia  perder sus plantaciones de  caf\u00e9, afectadas por la enfermedad de la Roya y otras plagas, adem\u00e1s de una intensa sequ\u00eda que redujo la capacidad productiva de 4 mil a solo cientos de quintales.<\/span><\/p>\n<p><span class=\"text1noticias\"> <\/span><\/p>\n<p><span class=\"text1noticias\">Demanda de Caficultores<\/span><\/p>\n<p><span class=\"text1noticias\"> <\/span><\/p>\n<p><span class=\"text1noticias\">Previo a la visita del jefe de Estado,  los caficultores hab\u00edan solicitado al Gobierno, a trav\u00e9s del Fondo Especial de Desarrollo Agropecuario (FEDA), el financiamiento para replantar las 5 mil tareas afectadas, con plantas de caf\u00e9 resistentes a las plagas.<\/span><\/p>\n<p><span class=\"text1noticias\"> <\/span><\/p>\n<p><span class=\"text1noticias\">Adem\u00e1s del proyecto de siembra en Loma de Solim\u00e1n, tambi\u00e9n pidieron financiamiento para comprar maquinarias y poder apoyar un proyecto de producci\u00f3n de abono org\u00e1nico, con el prop\u00f3sito de recuperar las perdidas y mejorar sus ingresos.<\/span><\/p>\n<p><span class=\"text1noticias\"> <\/span><\/p>\n<p><span class=\"text1noticias\">Presidente instruye redise\u00f1ar proyecto<\/span><\/p>\n<p><span class=\"text1noticias\"> <\/span><\/p>\n<p><span class=\"text1noticias\">Danilo Medina escuch\u00f3  detenidamente los planteamientos de los productores, y teniendo presente la magnitud de la inversi\u00f3n, de cerca de 300 millones de pesos y la incapacidad de pago de los afectados,  instruy\u00f3 redise\u00f1ar el proyecto, para que el Gobierno se haga cargo del mismo.<\/span><\/p>\n<p><span class=\"text1noticias\"> <\/span><\/p>\n<p><span class=\"text1noticias\">Gobierno asumir\u00e1 costos de reforestaci\u00f3n<\/span><\/p>\n<p><span class=\"text1noticias\"> <\/span><\/p>\n<p><span class=\"text1noticias\">\u00abEl Gobierno asumir\u00e1 la reforestaci\u00f3n de la mayor cantidad posible de tierras\u00bb,  manifest\u00f3  Danilo Medina.<\/span><\/p>\n<p><span class=\"text1noticias\"> <\/span><\/p>\n<p><span class=\"text1noticias\">Para hacerlo, se establecer\u00e1n viveros de producci\u00f3n de pl\u00e1ntulas de caf\u00e9 de la variedad apropiada para resistir las enfermedades.<\/span><\/p>\n<p><span class=\"text1noticias\"> <\/span><\/p>\n<p><span class=\"text1noticias\">Asimismo, se formar\u00e1n brigadas con los propios agricultores, de manera que puedan trabajar en la replantaci\u00f3n y tener ingresos.<\/span><\/p>\n<p><span class=\"text1noticias\"> <\/span><\/p>\n<p><span class=\"text1noticias\">El Jefe de Estado explic\u00f3 que una vez la producci\u00f3n inicie y tengan ingresos suficientes, se evaluar\u00e1n las condiciones  para ver cu\u00e1l de los proyectos estar\u00eda en condici\u00f3n de recibir un cr\u00e9dito.<\/span><\/p>\n<p><span class=\"text1noticias\"> <\/span><\/p>\n<p><span class=\"text1noticias\">Recuperar plantaci\u00f3n y proteger cuencas hidrogr\u00e1ficas<\/span><\/p>\n<p><span class=\"text1noticias\"> <\/span><\/p>\n<p><span class=\"text1noticias\">Con la acci\u00f3n, el presidente  Danilo Medina no solo recuperar\u00e1 las plantaciones de los caficultores de Guayub\u00edn, sino tambi\u00e9n que proteger\u00e1 las cuencas hidrogr\u00e1ficas que atraviesan la localidad y zonas aleda\u00f1as.  <\/span><\/p>\n<p><span class=\"text1noticias\"> <\/span><\/p>\n<p><span class=\"text1noticias\">\u00abPorque el agua va a ser un bien cada vez m\u00e1s escaso; entonces hay que comenzar con tiempo a proteger las cuencas de los r\u00edos\u00bb, enfatiz\u00f3 el gobernante.<\/span><\/p>\n<p><span class=\"text1noticias\"> <\/span><\/p>\n<p><span class=\"text1noticias\">Mejorar la calidad de vida de la gente en su propia localidad<\/span><\/p>\n<p><span class=\"text1noticias\"> <\/span><\/p>\n<p><span class=\"text1noticias\">Indic\u00f3 que el objetivo del proyecto es mejorar la vida de la mayor cantidad posible de personas, all\u00ed donde viven.<\/span><\/p>\n<p><span class=\"text1noticias\"> <\/span><\/p>\n<p><span class=\"text1noticias\">El pr\u00f3ximo mi\u00e9rcoles a las 10 a.m. una comisi\u00f3n retornar\u00e1 el proyecto Loma de Solim\u00e1n, bajo las orientaciones de  la Asociaci\u00f3n de Caficultores Loma de Solim\u00e1n (ASOCALOSOL) y la Coordinadora de Producci\u00f3n Agroecol\u00f3gica de Solim\u00e1n (COOPASOL), cuyos directivos estuvieron presentes en la Visita Sorpresa de este domingo.<\/span><\/p>\n<p><span class=\"text1noticias\"> <\/span><\/p>\n<p><span class=\"text1noticias\">Danilo Medina estuvo acompa\u00f1ado del ministro Administrativo de la Presidencia, Jos\u00e9  Ram\u00f3n Peralta; el ministro de Obras P\u00fablicas, Gonzalo Castillo; el administrador del Banco Agr\u00edcola,  Carlos Segura F\u00f3ster; el director del Fondo Especial para el Desarrollo Agropecuario (FEDA), Antonio L\u00f3pez; el director del Instituto Agrario Dominicano (IAD), Emilio Toribio Olivo y los asistentes especiales del Presidente, Carlos Pared P\u00e9rez y Robert de la Cruz.<\/span><\/p>\n<h6> 2016-07-25 08:41:14 <\/h6>\n<p><!--\n<link rel=\"stylesheet\" href=\"css\/bootstrap.min.css\">\n\n\n<ul class=\"pagination\">\n\t    \n\t\n\n<li >\n\t<a href='?page_no=12384'>Previous<\/a>\n\t<\/li>\n\n\n       \n    \n\n<li><a href='?page_no=1'>1<\/a><\/li>\n\n\n\n<li><a href='?page_no=2'>2<\/a><\/li>\n\n\n\n<li><a>...<\/a><\/li>\n\n\n\n<li><a href='?page_no=12383'>12383<\/a><\/li>\n\n\n\n<li><a href='?page_no=12384'>12384<\/a><\/li>\n\n\n\n<li class='active'><a>12385<\/a><\/li>\n\n\n\n<li><a href='?page_no=12386'>12386<\/a><\/li>\n\n\n\n<li><a href='?page_no=12387'>12387<\/a><\/li>\n\n\n\n<li><a>...<\/a><\/li>\n\n\n\n<li><a href='?page_no=56169'>56169<\/a><\/li>\n\n\n\n<li><a href='?page_no=56170'>56170<\/a><\/li>\n\n    \n\t\n\n<li >\n\t<a href='?page_no=12386'>Next<\/a>\n\t<\/li>\n\n\n    \n\n<li><a href='?page_no=56170'>Last &rsaquo;&rsaquo;<\/a><\/li>\n\n<\/ul>\n\n\n--><br \/>\n<\/body><\/p>\n","protected":false},"excerpt":{"rendered":"<p>Guayubin, Montecristi, 25 de junio.- El presidente Danilo Medina realiz\u00f3 este domingo una Visita Sorpresa a los productores de caf\u00e9 de Loma de Solim\u00e1n, en Guayub\u00edn, Montecristi, cuyas plantaciones fueron afectadas por plagas y sequ\u00eda. Antes produc\u00edan miles de quintales, ahora solo cientos Los productores en Loma de Solim\u00e1n vieron con gran impotencia perder sus [&hellip;]<\/p>\n","protected":false},"author":3,"featured_media":0,"comment_status":"open","ping_status":"open","sticky":false,"template":"","format":"standard","meta":{"footnotes":""},"categories":[20],"tags":[],"class_list":["post-217910","post","type-post","status-publish","format-standard","hentry","category-dominicana-hoy"],"_links":{"self":[{"href":"https:\/\/diariodominicano.com\/index.php?rest_route=\/wp\/v2\/posts\/217910","targetHints":{"allow":["GET"]}}],"collection":[{"href":"https:\/\/diariodominicano.com\/index.php?rest_route=\/wp\/v2\/posts"}],"about":[{"href":"https:\/\/diariodominicano.com\/index.php?rest_route=\/wp\/v2\/types\/post"}],"author":[{"embeddable":true,"href":"https:\/\/diariodominicano.com\/index.php?rest_route=\/wp\/v2\/users\/3"}],"replies":[{"embeddable":true,"href":"https:\/\/diariodominicano.com\/index.php?rest_route=%2Fwp%2Fv2%2Fcomments&post=217910"}],"version-history":[{"count":0,"href":"https:\/\/diariodominicano.com\/index.php?rest_route=\/wp\/v2\/posts\/217910\/revisions"}],"wp:attachment":[{"href":"https:\/\/diariodominicano.com\/index.php?rest_route=%2Fwp%2Fv2%2Fmedia&parent=217910"}],"wp:term":[{"taxonomy":"category","embeddable":true,"href":"https:\/\/diariodominicano.com\/index.php?rest_route=%2Fwp%2Fv2%2Fcategories&post=217910"},{"taxonomy":"post_tag","embeddable":true,"href":"https:\/\/diariodominicano.com\/index.php?rest_route=%2Fwp%2Fv2%2Ftags&post=217910"}],"curies":[{"name":"wp","href":"https:\/\/api.w.org\/{rel}","templated":true}]}}