{"id":217906,"date":"2016-07-25T12:36:39","date_gmt":"2016-07-25T12:36:39","guid":{"rendered":"http:\/\/diariodominicano.ddns.net\/?p=217906"},"modified":"2016-07-25T12:36:39","modified_gmt":"2016-07-25T12:36:39","slug":"abogan-por-un-sistema-de-atencion-al-consumidor","status":"publish","type":"post","link":"https:\/\/diariodominicano.com\/?p=217906","title":{"rendered":"Abogan por un Sistema de Atenci\u00f3n al Consumidor"},"content":{"rendered":"<p><body><\/p>\n<p><img decoding=\"async\" src=\"img3\/proconsumidor 25-7.jpg\" \/>  <\/p>\n<p><span class=\"text1noticias\">Santo Domingo, R. D., 25 de julio.- En busca de dar respuestas positivas a los reclamos de los consumidores o usuarios de  toda la geograf\u00eda nacional, la doctora Anina Del Castillo, directora de Pro Consumidor abog\u00f3 por la consolidaci\u00f3n de un Sistema Nacional de Atenci\u00f3n al Consumidor.<\/span><\/p>\n<p><span class=\"text1noticias\"> <\/span><\/p>\n<p><span class=\"text1noticias\">Sostuvo que a trav\u00e9s de este sistema se avanzar\u00eda en todos los terrenos asociados con la protecci\u00f3n a la defensa de los consumidores y se respetar\u00eda el derecho de los mismos de recibir  productos  y servicios de calidad.<\/span><\/p>\n<p><span class=\"text1noticias\"> <\/span><\/p>\n<p><span class=\"text1noticias\">\u00abNecesitamos construir acuerdos amplios que permitan avanzar en la formulaci\u00f3n de una pol\u00edtica de protecci\u00f3n a los derechos de los consumidores en la Rep\u00fablica Dominicana y para esto tenemos que trabajar en la b\u00fasqueda de mecanismos eficientes que permitan cubrir a nivel nacional estos reclamos\u00bb, agreg\u00f3 la funcionaria.<\/span><\/p>\n<p><span class=\"text1noticias\"> <\/span><\/p>\n<p><span class=\"text1noticias\">Estas declaraciones fueron expuestas durante la Conferencia Magistral \u00abLos Derechos del Consumidor en el Sector Vivienda\u00bb, dictada durante la firma del convenio entre Pro Consumidor y La Asociaci\u00f3n Dominicana de Constructores y Promotores de Viviendas, ACOPROVI.<\/span><\/p>\n<p><span class=\"text1noticias\"> <\/span><\/p>\n<p><span class=\"text1noticias\"> <\/span><\/p>\n<p><span class=\"text1noticias\">Durante su intervenci\u00f3n, Del Castillo hizo referencia a la sentencia 692-15 que ratifica la potestad sancionadora que le otorga la Suprema Corte de Justicia a Pro Consumidor, as\u00ed mismo el reconocimiento que le confiere a la entidad de ser la Autoridad Nacional de Vigilancia en el Mercado.<\/span><\/p>\n<p><span class=\"text1noticias\"> <\/span><\/p>\n<p><span class=\"text1noticias\">\u00abPro Consumidor es la instituci\u00f3n reguladora del mercado de bienes y servicios, para proteger los derechos colectivos, difusos y constitucionales del consumidor y no se puede cuestionar su capacidad sancionatoria establecidas en la sentencia 692-15 dictada por la Suprema Corte de Justicia\u00bb, indic\u00f3.<\/span><\/p>\n<p><span class=\"text1noticias\"> <\/span><\/p>\n<p><span class=\"text1noticias\">Esta sentencia n\u00famero 692-15, reconoce los t\u00edtulos habilitantes en que la Ley 358-05 atribuye potestad sancionadora a la Direcci\u00f3n Ejecutiva de Pro Consumidor frente a las inconductas de los administrados y por tanto, su capacidad para imponer las multas administrativas.<\/span><\/p>\n<p><span class=\"text1noticias\"> <\/span><\/p>\n<p><span class=\"text1noticias\">A la vez faculta a Pro Consumidor como \u00f3rgano regulador que puede aplicar las sanciones tipificadas en los art\u00edculos 112 de la ley 358-05, donde se establecen las multas correspondientes en raz\u00f3n de la gravedad de la falta cometida, a fin de garantizar y proteger de manera efectiva los derechos de las personas, a fin de preservar el Estado Social y Democr\u00e1tico de derecho en el pa\u00eds, entre otros.<\/span><\/p>\n<p><span class=\"text1noticias\"> <\/span><\/p>\n<\/p>\n<h6> 2016-07-25 12:36:39 <\/h6>\n<p><!--\n<link rel=\"stylesheet\" href=\"css\/bootstrap.min.css\">\n\n\n<ul class=\"pagination\">\n\t    \n\t\n\n<li >\n\t<a href='?page_no=12380'>Previous<\/a>\n\t<\/li>\n\n\n       \n    \n\n<li><a href='?page_no=1'>1<\/a><\/li>\n\n\n\n<li><a href='?page_no=2'>2<\/a><\/li>\n\n\n\n<li><a>...<\/a><\/li>\n\n\n\n<li><a href='?page_no=12379'>12379<\/a><\/li>\n\n\n\n<li><a href='?page_no=12380'>12380<\/a><\/li>\n\n\n\n<li class='active'><a>12381<\/a><\/li>\n\n\n\n<li><a href='?page_no=12382'>12382<\/a><\/li>\n\n\n\n<li><a href='?page_no=12383'>12383<\/a><\/li>\n\n\n\n<li><a>...<\/a><\/li>\n\n\n\n<li><a href='?page_no=56169'>56169<\/a><\/li>\n\n\n\n<li><a href='?page_no=56170'>56170<\/a><\/li>\n\n    \n\t\n\n<li >\n\t<a href='?page_no=12382'>Next<\/a>\n\t<\/li>\n\n\n    \n\n<li><a href='?page_no=56170'>Last &rsaquo;&rsaquo;<\/a><\/li>\n\n<\/ul>\n\n\n--><br \/>\n<\/body><\/p>\n","protected":false},"excerpt":{"rendered":"<p>Santo Domingo, R. D., 25 de julio.- En busca de dar respuestas positivas a los reclamos de los consumidores o usuarios de toda la geograf\u00eda nacional, la doctora Anina Del Castillo, directora de Pro Consumidor abog\u00f3 por la consolidaci\u00f3n de un Sistema Nacional de Atenci\u00f3n al Consumidor. Sostuvo que a trav\u00e9s de este sistema se [&hellip;]<\/p>\n","protected":false},"author":3,"featured_media":0,"comment_status":"open","ping_status":"open","sticky":false,"template":"","format":"standard","meta":{"footnotes":""},"categories":[20],"tags":[],"class_list":["post-217906","post","type-post","status-publish","format-standard","hentry","category-dominicana-hoy"],"_links":{"self":[{"href":"https:\/\/diariodominicano.com\/index.php?rest_route=\/wp\/v2\/posts\/217906","targetHints":{"allow":["GET"]}}],"collection":[{"href":"https:\/\/diariodominicano.com\/index.php?rest_route=\/wp\/v2\/posts"}],"about":[{"href":"https:\/\/diariodominicano.com\/index.php?rest_route=\/wp\/v2\/types\/post"}],"author":[{"embeddable":true,"href":"https:\/\/diariodominicano.com\/index.php?rest_route=\/wp\/v2\/users\/3"}],"replies":[{"embeddable":true,"href":"https:\/\/diariodominicano.com\/index.php?rest_route=%2Fwp%2Fv2%2Fcomments&post=217906"}],"version-history":[{"count":0,"href":"https:\/\/diariodominicano.com\/index.php?rest_route=\/wp\/v2\/posts\/217906\/revisions"}],"wp:attachment":[{"href":"https:\/\/diariodominicano.com\/index.php?rest_route=%2Fwp%2Fv2%2Fmedia&parent=217906"}],"wp:term":[{"taxonomy":"category","embeddable":true,"href":"https:\/\/diariodominicano.com\/index.php?rest_route=%2Fwp%2Fv2%2Fcategories&post=217906"},{"taxonomy":"post_tag","embeddable":true,"href":"https:\/\/diariodominicano.com\/index.php?rest_route=%2Fwp%2Fv2%2Ftags&post=217906"}],"curies":[{"name":"wp","href":"https:\/\/api.w.org\/{rel}","templated":true}]}}