{"id":217905,"date":"2016-07-25T12:51:58","date_gmt":"2016-07-25T12:51:58","guid":{"rendered":"http:\/\/diariodominicano.ddns.net\/?p=217905"},"modified":"2016-07-25T12:51:58","modified_gmt":"2016-07-25T12:51:58","slug":"peralta-recorrio-obras-en-mesopotamia-y-tenguerengue","status":"publish","type":"post","link":"https:\/\/diariodominicano.com\/?p=217905","title":{"rendered":"Peralta recorri\u00f3 obras en Mesopotamia y Tenguerengue"},"content":{"rendered":"<p><body><\/p>\n<p><img decoding=\"async\" src=\"img3\/San juanobras.25-7.jpg\" \/>  <\/p>\n<p><span class=\"text1noticias\">San Juan de la Maguana, R. D., 25 de julio.- El ministro administrativo de la Presidencia, Jos\u00e9 Ram\u00f3n Peralta, imparti\u00f3 instrucciones para que se agilicen las obras que construye el Gobierno para rescatar de la marginalidad a cientos de familias y convertir en un pulm\u00f3n ecol\u00f3gico una zona urbana afectada por la contaminaci\u00f3n de aguas residuales.<\/span><\/p>\n<p><span class=\"text1noticias\"> <\/span><\/p>\n<p><span class=\"text1noticias\">El funcionario hizo la acotaci\u00f3n durante un recorrido realizado por esta ciudad para constatar el nivel de avance de los trabajos de las construcciones y sostuvo que el presidente Danilo Medina est\u00e1 interesado de que se concluyan en el menor tiempo posible.<\/span><\/p>\n<p><span class=\"text1noticias\"> <\/span><\/p>\n<p><span class=\"text1noticias\">Peralta habl\u00f3 con los ingenieros a cargo de las edificaciones de la Nueva Mesopotamia, que se construye en una \u00e1rea completamente segura y donde se levanta un moderno complejo habitacional para familias de escasos recursos que vivieron bajo la amenaza de las crecidas del r\u00edo San Juan.<\/span><\/p>\n<p><span class=\"text1noticias\"> <\/span><\/p>\n<p><span class=\"text1noticias\">Posteriormente se traslad\u00f3 al sector Tenguerengue donde los trabajos de saneamiento y acondicionamientos de los terrenos convertir\u00e1n el lugar en una zona de esparcimiento familiar, con \u00e1reas infantiles y espacios donde practicar los deportes.<\/span><\/p>\n<p><span class=\"text1noticias\"> <\/span><\/p>\n<p><span class=\"text1noticias\">En ambos lugares, el ministro administrativo recibi\u00f3 explicaciones del nivel de los trabajos, as\u00ed como quedar\u00e1 la Mesopotamia y Tenguerengue luego de que se concluyan las obras.<\/span><\/p>\n<p><span class=\"text1noticias\"> <\/span><\/p>\n<p><span class=\"text1noticias\">\u00abEstos sectores est\u00e1n siendo transformado por instrucciones del presidente Danilo Medina para que las familias que residen en ambos lugares vivan para siempre con la dignidad que se merecen\u00bb, dijo Peralta.<\/span><\/p>\n<p><span class=\"text1noticias\"> <\/span><\/p>\n<p><span class=\"text1noticias\">Peralta observ\u00f3 el complejo de edificios, as\u00ed como su distribuci\u00f3n interior, la obra de canalizaci\u00f3n del r\u00edo San Juan, sus obras conexas como puentes  y gaviones que est\u00e1n siendo colocados en el entorno.<\/span><\/p>\n<p><span class=\"text1noticias\"> <\/span><\/p>\n<p><span class=\"text1noticias\">Igualmente, pregunt\u00f3 por las construcciones que se ejecutan para el saneamiento del Tenguerengue, que incluye adem\u00e1s del rescate de la zona, la construcci\u00f3n de una planta de tratamiento para evitar la contaminaci\u00f3n.<\/span><\/p>\n<p><span class=\"text1noticias\"> <\/span><\/p>\n<p><span class=\"text1noticias\">El ministro administrativo realiz\u00f3 el recorrido acompa\u00f1ado del viceministro Max de Soto y del director del Instituto Dominicano de Recursos Hidr\u00e1ulicos (Indrhi), as\u00ed como de los ingenieros y t\u00e9cnicos que est\u00e1n a cargos de las obras.<\/span><\/p>\n<p><span class=\"text1noticias\"> <\/span><\/p>\n<p><span class=\"text1noticias\"> El proyecto  de vivienda rescatar\u00e1 de la marginalidad a 664 familias de los sectores La Mesopotamia y Tenguerengue, las cuales  vivir\u00e1n con dignidad en c\u00f3modos apartamentos en una zona segura, pero en las proximidades de donde vivieron durante muchos a\u00f1os.<\/span><\/p>\n<p><span class=\"text1noticias\"> <\/span><\/p>\n<p><span class=\"text1noticias\">Mientras, las obras de saneamiento del Tenguerengue convertir\u00e1n la zona en un parque verde donde las familias podr\u00e1n caminar a pie o en bicicleta, acampar, hacer ejercicio y desarrollar todas las actividades recreativas en las \u00e1reas arborizadas en que ser\u00e1 transform<\/span>ado el lugar.<\/p>\n<h6> 2016-07-25 12:51:58 <\/h6>\n<p><!--\n<link rel=\"stylesheet\" href=\"css\/bootstrap.min.css\">\n\n\n<ul class=\"pagination\">\n\t    \n\t\n\n<li >\n\t<a href='?page_no=12379'>Previous<\/a>\n\t<\/li>\n\n\n       \n    \n\n<li><a href='?page_no=1'>1<\/a><\/li>\n\n\n\n<li><a href='?page_no=2'>2<\/a><\/li>\n\n\n\n<li><a>...<\/a><\/li>\n\n\n\n<li><a href='?page_no=12378'>12378<\/a><\/li>\n\n\n\n<li><a href='?page_no=12379'>12379<\/a><\/li>\n\n\n\n<li class='active'><a>12380<\/a><\/li>\n\n\n\n<li><a href='?page_no=12381'>12381<\/a><\/li>\n\n\n\n<li><a href='?page_no=12382'>12382<\/a><\/li>\n\n\n\n<li><a>...<\/a><\/li>\n\n\n\n<li><a href='?page_no=56169'>56169<\/a><\/li>\n\n\n\n<li><a href='?page_no=56170'>56170<\/a><\/li>\n\n    \n\t\n\n<li >\n\t<a href='?page_no=12381'>Next<\/a>\n\t<\/li>\n\n\n    \n\n<li><a href='?page_no=56170'>Last &rsaquo;&rsaquo;<\/a><\/li>\n\n<\/ul>\n\n\n--><br \/>\n<\/body><\/p>\n","protected":false},"excerpt":{"rendered":"<p>San Juan de la Maguana, R. D., 25 de julio.- El ministro administrativo de la Presidencia, Jos\u00e9 Ram\u00f3n Peralta, imparti\u00f3 instrucciones para que se agilicen las obras que construye el Gobierno para rescatar de la marginalidad a cientos de familias y convertir en un pulm\u00f3n ecol\u00f3gico una zona urbana afectada por la contaminaci\u00f3n de aguas [&hellip;]<\/p>\n","protected":false},"author":3,"featured_media":0,"comment_status":"open","ping_status":"open","sticky":false,"template":"","format":"standard","meta":{"footnotes":""},"categories":[20],"tags":[],"class_list":["post-217905","post","type-post","status-publish","format-standard","hentry","category-dominicana-hoy"],"_links":{"self":[{"href":"https:\/\/diariodominicano.com\/index.php?rest_route=\/wp\/v2\/posts\/217905","targetHints":{"allow":["GET"]}}],"collection":[{"href":"https:\/\/diariodominicano.com\/index.php?rest_route=\/wp\/v2\/posts"}],"about":[{"href":"https:\/\/diariodominicano.com\/index.php?rest_route=\/wp\/v2\/types\/post"}],"author":[{"embeddable":true,"href":"https:\/\/diariodominicano.com\/index.php?rest_route=\/wp\/v2\/users\/3"}],"replies":[{"embeddable":true,"href":"https:\/\/diariodominicano.com\/index.php?rest_route=%2Fwp%2Fv2%2Fcomments&post=217905"}],"version-history":[{"count":0,"href":"https:\/\/diariodominicano.com\/index.php?rest_route=\/wp\/v2\/posts\/217905\/revisions"}],"wp:attachment":[{"href":"https:\/\/diariodominicano.com\/index.php?rest_route=%2Fwp%2Fv2%2Fmedia&parent=217905"}],"wp:term":[{"taxonomy":"category","embeddable":true,"href":"https:\/\/diariodominicano.com\/index.php?rest_route=%2Fwp%2Fv2%2Fcategories&post=217905"},{"taxonomy":"post_tag","embeddable":true,"href":"https:\/\/diariodominicano.com\/index.php?rest_route=%2Fwp%2Fv2%2Ftags&post=217905"}],"curies":[{"name":"wp","href":"https:\/\/api.w.org\/{rel}","templated":true}]}}