{"id":217902,"date":"2016-07-25T14:54:42","date_gmt":"2016-07-25T14:54:42","guid":{"rendered":"http:\/\/diariodominicano.ddns.net\/?p=217902"},"modified":"2016-07-25T14:54:42","modified_gmt":"2016-07-25T14:54:42","slug":"inauguran-centro-atencion-a-internos-de-la-victoria","status":"publish","type":"post","link":"https:\/\/diariodominicano.com\/?p=217902","title":{"rendered":"Inauguran centro atenci\u00f3n a internos de La Victoria&#13;"},"content":{"rendered":"<p><body><\/p>\n<p><img decoding=\"async\" src=\"img3\/e0a81b41-9d9b-435d-909a-576df2dd3b17.jpg\" \/><br \/><img decoding=\"async\" src=\"img3\/6a45d043-91ee-43cf-b9e3-0a81070bf232.jpg\" \/>  <\/p>\n<p><span class=\"text1noticias\">Santo Domingo, R.D., 25 de julio.- El Centro Nacional de Atenci\u00f3n Sicosocial a los Internos (CENASI) contribuye a mantener viva la esperanza entre los privados de libertad y sus propios familiares de que podr\u00e1n retornar a sus vidas, tras haber cumplido las condenas impuestas por el da\u00f1o que hayan infligido a la sociedad.<\/span><\/p>\n<\/p>\n<p><span class=\"text1noticias\">As\u00ed lo expres\u00f3 la Primera Dama de la Rep\u00fablica, C\u00e1ndida Montilla de Medina, al dejar en operaci\u00f3n el nuevo centro que su Despacho ofrece al pa\u00eds, en el marco de sus ejecutorias y la aplicaci\u00f3n de pol\u00edticas p\u00fablicas inclusivas que lleva a cabo el gobierno de Danilo Medina.<\/span><\/p>\n<p><span class=\"text1noticias\">\t<\/span><\/p>\n<p><span class=\"text1noticias\">Montilla de Medina consider\u00f3  que la situaci\u00f3n carcelaria es uno de los dilemas m\u00e1s neur\u00e1lgicos en la sociedad, debido a que posee muchas aristas o lados para el an\u00e1lisis y la atenci\u00f3n.<\/span><\/p>\n<\/p>\n<p><span class=\"text1noticias\">Cit\u00f3 entre las partes, a la persona misma privada de libertad; las condiciones en el que \u00e9sta vive cada d\u00eda su reclusi\u00f3n; y a la sociedad misma \u00abcon su carga de dolor por el delito del que ha sido v\u00edctima de parte de uno de sus propios miembros\u00bb.<\/span><\/p>\n<\/p>\n<p><span class=\"text1noticias\">\u00abEl delito crea siempre un pozo de amargura en el alma de las sociedades, no importa su nivel de desarrollo espiritual y cultural\u00bb, expuso la Primera Dama de la Rep\u00fablica.<\/span><\/p>\n<\/p>\n<p><span class=\"text1noticias\">\u00abY esta amargura hace que se olvide con facilidad que la persona infractora es producto de los muchos desequilibrios que la propia sociedad crea\u00bb.<\/span><\/p>\n<\/p>\n<p><span class=\"text1noticias\">Montilla de Medina estima que Rep\u00fablica Dominicana ha avanzado a pasos agigantados con el nuevo modelo de gesti\u00f3n penitenciaria, pero todav\u00eda queda mucho por hacer.<\/span><\/p>\n<\/p>\n<p><span class=\"text1noticias\">\u00abEl CENASI abre sus puertas para contribuir no solo con la rehabilitaci\u00f3n psicosocial de la persona privada de libertad, sino tambi\u00e9n con el combate a los recelos que la marginan cuando esta cumple condena\u00bb.<\/span><\/p>\n<\/p>\n<p><span class=\"text1noticias\">Explic\u00f3 que el rechazo y la marginaci\u00f3n a las personas que han delinquido constituyen una doble condena, porque niegan a la persona esa segunda oportunidad que todos los seres merecen y necesitan para enmendar los errores.<\/span><\/p>\n<\/p>\n<p><span class=\"text1noticias\">Refiri\u00f3 estudios que establecen que es mayor la posibilidad de reincidencia en la comisi\u00f3n de delitos de quienes no encuentran oportunidades sociales al salir de las c\u00e1rceles y tienen el sentimiento de que ya no tienen un lugar de respeto en el mundo.<\/span><\/p>\n<\/p>\n<p><span class=\"text1noticias\"> \u00abEl CENASI quiere contribuir a cambiar esta dolorosa realidad, trabajando con los internos, a quienes les brindaremos consejer\u00eda y apoyo psicol\u00f3gico y conductual para prevenir la reincidencia en conductas negativas.<\/span><\/p>\n<\/p>\n<p><span class=\"text1noticias\">En colaboraci\u00f3n con las Escuelas Vocacionales de las Fuerzas Armadas y el Instituto Nacional de Formaci\u00f3n T\u00e9cnico Profesional (INFOTEP),  el CENASI, del Despacho de la Primera Dama, tambi\u00e9n posibilitar\u00e1 la actualizaci\u00f3n en los oficios desarrollados por los internos antes o en la formaci\u00f3n de su elecci\u00f3n cuando no tenga uno anterior.<\/span><\/p>\n<\/p>\n<p><span class=\"text1noticias\">Como parte de todo el proceso de preparaci\u00f3n para la reinserci\u00f3n positiva en la sociedad de los internos, el CENASI trabajar\u00e1 tambi\u00e9n con las familias de los beneficiarios del proceso, para restituir los lazos afectivos que, por lo general, se rompen debido al tiempo, a veces prolongado, de la reclusi\u00f3n.<\/span><\/p>\n<\/p>\n<p><span class=\"text1noticias\">\u00abTodos estamos de acuerdo en reconocer que la reclusi\u00f3n es una dura experiencia con consecuencias muy diversas. Desde el CENASI trataremos de que los beneficiarios del programa la asimilen para convertirla en energ\u00eda para una vida mejor\u00bb, manifest\u00f3 Montilla de Medina.<\/span><\/p>\n<\/p>\n<p><span class=\"text1noticias\">Record\u00f3 palabras de fe y aliento del papa Francisco a un grupo de internos que le enviaron una carta, a los que dijo: \u00abUstedes viven una experiencia en la que el tiempo parece que est\u00e9 parado, parece que no termina nunca. Pero la verdadera medida del tiempo no es la del reloj. La verdadera medida del tiempo se llama esperanza\u00bb.<\/span><\/p>\n<\/p>\n<h6> 2016-07-25 14:54:42 <\/h6>\n<p><!--\n<link rel=\"stylesheet\" href=\"css\/bootstrap.min.css\">\n\n\n<ul class=\"pagination\">\n\t    \n\t\n\n<li >\n\t<a href='?page_no=12377'>Previous<\/a>\n\t<\/li>\n\n\n       \n    \n\n<li><a href='?page_no=1'>1<\/a><\/li>\n\n\n\n<li><a href='?page_no=2'>2<\/a><\/li>\n\n\n\n<li><a>...<\/a><\/li>\n\n\n\n<li><a href='?page_no=12376'>12376<\/a><\/li>\n\n\n\n<li><a href='?page_no=12377'>12377<\/a><\/li>\n\n\n\n<li class='active'><a>12378<\/a><\/li>\n\n\n\n<li><a href='?page_no=12379'>12379<\/a><\/li>\n\n\n\n<li><a href='?page_no=12380'>12380<\/a><\/li>\n\n\n\n<li><a>...<\/a><\/li>\n\n\n\n<li><a href='?page_no=56169'>56169<\/a><\/li>\n\n\n\n<li><a href='?page_no=56170'>56170<\/a><\/li>\n\n    \n\t\n\n<li >\n\t<a href='?page_no=12379'>Next<\/a>\n\t<\/li>\n\n\n    \n\n<li><a href='?page_no=56170'>Last &rsaquo;&rsaquo;<\/a><\/li>\n\n<\/ul>\n\n\n--><br \/>\n<\/body><\/p>\n","protected":false},"excerpt":{"rendered":"<p>Santo Domingo, R.D., 25 de julio.- El Centro Nacional de Atenci\u00f3n Sicosocial a los Internos (CENASI) contribuye a mantener viva la esperanza entre los privados de libertad y sus propios familiares de que podr\u00e1n retornar a sus vidas, tras haber cumplido las condenas impuestas por el da\u00f1o que hayan infligido a la sociedad. As\u00ed lo [&hellip;]<\/p>\n","protected":false},"author":3,"featured_media":0,"comment_status":"open","ping_status":"open","sticky":false,"template":"","format":"standard","meta":{"footnotes":""},"categories":[20],"tags":[],"class_list":["post-217902","post","type-post","status-publish","format-standard","hentry","category-dominicana-hoy"],"_links":{"self":[{"href":"https:\/\/diariodominicano.com\/index.php?rest_route=\/wp\/v2\/posts\/217902","targetHints":{"allow":["GET"]}}],"collection":[{"href":"https:\/\/diariodominicano.com\/index.php?rest_route=\/wp\/v2\/posts"}],"about":[{"href":"https:\/\/diariodominicano.com\/index.php?rest_route=\/wp\/v2\/types\/post"}],"author":[{"embeddable":true,"href":"https:\/\/diariodominicano.com\/index.php?rest_route=\/wp\/v2\/users\/3"}],"replies":[{"embeddable":true,"href":"https:\/\/diariodominicano.com\/index.php?rest_route=%2Fwp%2Fv2%2Fcomments&post=217902"}],"version-history":[{"count":0,"href":"https:\/\/diariodominicano.com\/index.php?rest_route=\/wp\/v2\/posts\/217902\/revisions"}],"wp:attachment":[{"href":"https:\/\/diariodominicano.com\/index.php?rest_route=%2Fwp%2Fv2%2Fmedia&parent=217902"}],"wp:term":[{"taxonomy":"category","embeddable":true,"href":"https:\/\/diariodominicano.com\/index.php?rest_route=%2Fwp%2Fv2%2Fcategories&post=217902"},{"taxonomy":"post_tag","embeddable":true,"href":"https:\/\/diariodominicano.com\/index.php?rest_route=%2Fwp%2Fv2%2Ftags&post=217902"}],"curies":[{"name":"wp","href":"https:\/\/api.w.org\/{rel}","templated":true}]}}