{"id":217901,"date":"2016-07-25T15:13:34","date_gmt":"2016-07-25T15:13:34","guid":{"rendered":"http:\/\/diariodominicano.ddns.net\/?p=217901"},"modified":"2016-07-25T15:13:34","modified_gmt":"2016-07-25T15:13:34","slug":"rd-pais-con-mayor-indice-de-accidentes-de-transito-en-america-latina-y-el-caribe","status":"publish","type":"post","link":"https:\/\/diariodominicano.com\/?p=217901","title":{"rendered":"&#13;RD pa\u00eds con mayor \u00edndice de accidentes de tr\u00e1nsito en Am\u00e9rica Latina y el Caribe"},"content":{"rendered":"<p><body><\/p>\n<\/p>\n<\/p>\n<\/p>\n<p><span class=\"text1noticias\">RD  sigue siendo el pa\u00eds de Am\u00e9rica Latina y el Caribe con el mayor alto \u00edndice de muertes por accidente de tr\u00e1nsito y uno de los m\u00e1s altos del mundo , con 29 .3 por ciento por cada cien mil habitantes <\/span><\/p>\n<\/p>\n<p><span class=\"text1noticias\">Por. Roberto Rodr\u00edguez .<\/span><\/p>\n<\/p>\n<p><span class=\"text1noticias\">Santo Domingo, RD, 25 de Julio-. La Republica Dominicana , sigue siendo el pa\u00eds de Am\u00e9rica Latina y el Caribe con el mayor \u00edndice de muertes por accidente de tr\u00e1nsito y uno de los m\u00e1s altos del mundo , con 29.3 por ciento por cada cien mil habitantes , seg\u00fan revelo el viceministro Juan Reyes , del Ministerio de Econom\u00eda Planificaci\u00f3n y Desarrollo .<\/span><\/p>\n<\/p>\n<p><span class=\"text1noticias\">Dijo que esa cifra de la Republica Dominicana supera en la actualidad el promedio de Am\u00e9rica Latina , que es de 17 fallecidos por cada cien mil personas y casi triplica el de los pa\u00edses europeos , que es de un diez .<\/span><\/p>\n<\/p>\n<p><span class=\"text1noticias\">El funcionario dijo que seg\u00fan datos suministrado por el Observatorio de Seguridad Ciudadana se sit\u00faa a la naci\u00f3n dominicana con 19.5 de personas fallecidas por cada cien mil habitantes , lo que significa en t\u00e9rminos absolutos mil 946 fallecimientos por accidentes de tr\u00e1nsito en tan solo el 2015.<\/span><\/p>\n<\/p>\n<p><span class=\"text1noticias\">\u00bb Los accidentes en nuestro pa\u00eds son muy elevados y es preciso reducirlo y colocarlos por debajo de la media en Am\u00e9rica Latina \u00ab, apunto el funcionario , tras participar en el Seminario Seguridad Vial en la Republica Dominicana con el auspicio del gobierno y organismo internacionales que se desarrolla en el Palacio Nacional del 25 al 31 de este mes .<\/span><\/p>\n<\/p>\n<p><span class=\"text1noticias\">El vice ministro Juan Reyes favoreci\u00f3 que el Congreso de la Republica apruebe , sin m\u00e1s demora el proyecto de ley de seguridad vial y tr\u00e1nsito terrestre , actualmente en estudio en el Congreso de la Republica  , as\u00ed como la modificaci\u00f3n urgente de la ley de transito 241-67, que data de m\u00e1s de 50 a\u00f1os <\/span><\/p>\n<\/p>\n<p><span class=\"text1noticias\">A\u00f1adi\u00f3 el funcionario que los costos sociales y econ\u00f3micos de los accidentes y las lesiones causados por el transito se estiman en el uno por ciento del Producto Nacional Bruto , en los pa\u00edses de ingresos bajos , al 1,5  por ciento en  los ingresos medianos y un 5  por ciento en los ingresos altos.<\/span><\/p>\n<h6> 2016-07-25 15:13:34 <\/h6>\n<p><!--\n<link rel=\"stylesheet\" href=\"css\/bootstrap.min.css\">\n\n\n<ul class=\"pagination\">\n\t    \n\t\n\n<li >\n\t<a href='?page_no=12376'>Previous<\/a>\n\t<\/li>\n\n\n       \n    \n\n<li><a href='?page_no=1'>1<\/a><\/li>\n\n\n\n<li><a href='?page_no=2'>2<\/a><\/li>\n\n\n\n<li><a>...<\/a><\/li>\n\n\n\n<li><a href='?page_no=12375'>12375<\/a><\/li>\n\n\n\n<li><a href='?page_no=12376'>12376<\/a><\/li>\n\n\n\n<li class='active'><a>12377<\/a><\/li>\n\n\n\n<li><a href='?page_no=12378'>12378<\/a><\/li>\n\n\n\n<li><a href='?page_no=12379'>12379<\/a><\/li>\n\n\n\n<li><a>...<\/a><\/li>\n\n\n\n<li><a href='?page_no=56169'>56169<\/a><\/li>\n\n\n\n<li><a href='?page_no=56170'>56170<\/a><\/li>\n\n    \n\t\n\n<li >\n\t<a href='?page_no=12378'>Next<\/a>\n\t<\/li>\n\n\n    \n\n<li><a href='?page_no=56170'>Last &rsaquo;&rsaquo;<\/a><\/li>\n\n<\/ul>\n\n\n--><br \/>\n<\/body><\/p>\n","protected":false},"excerpt":{"rendered":"<p>RD sigue siendo el pa\u00eds de Am\u00e9rica Latina y el Caribe con el mayor alto \u00edndice de muertes por accidente de tr\u00e1nsito y uno de los m\u00e1s altos del mundo , con 29 .3 por ciento por cada cien mil habitantes Por. Roberto Rodr\u00edguez . Santo Domingo, RD, 25 de Julio-. La Republica Dominicana , [&hellip;]<\/p>\n","protected":false},"author":3,"featured_media":0,"comment_status":"open","ping_status":"open","sticky":false,"template":"","format":"standard","meta":{"footnotes":""},"categories":[20],"tags":[],"class_list":["post-217901","post","type-post","status-publish","format-standard","hentry","category-dominicana-hoy"],"_links":{"self":[{"href":"https:\/\/diariodominicano.com\/index.php?rest_route=\/wp\/v2\/posts\/217901","targetHints":{"allow":["GET"]}}],"collection":[{"href":"https:\/\/diariodominicano.com\/index.php?rest_route=\/wp\/v2\/posts"}],"about":[{"href":"https:\/\/diariodominicano.com\/index.php?rest_route=\/wp\/v2\/types\/post"}],"author":[{"embeddable":true,"href":"https:\/\/diariodominicano.com\/index.php?rest_route=\/wp\/v2\/users\/3"}],"replies":[{"embeddable":true,"href":"https:\/\/diariodominicano.com\/index.php?rest_route=%2Fwp%2Fv2%2Fcomments&post=217901"}],"version-history":[{"count":0,"href":"https:\/\/diariodominicano.com\/index.php?rest_route=\/wp\/v2\/posts\/217901\/revisions"}],"wp:attachment":[{"href":"https:\/\/diariodominicano.com\/index.php?rest_route=%2Fwp%2Fv2%2Fmedia&parent=217901"}],"wp:term":[{"taxonomy":"category","embeddable":true,"href":"https:\/\/diariodominicano.com\/index.php?rest_route=%2Fwp%2Fv2%2Fcategories&post=217901"},{"taxonomy":"post_tag","embeddable":true,"href":"https:\/\/diariodominicano.com\/index.php?rest_route=%2Fwp%2Fv2%2Ftags&post=217901"}],"curies":[{"name":"wp","href":"https:\/\/api.w.org\/{rel}","templated":true}]}}