{"id":217899,"date":"2016-07-25T16:36:47","date_gmt":"2016-07-25T16:36:47","guid":{"rendered":"http:\/\/diariodominicano.ddns.net\/?p=217899"},"modified":"2016-07-25T16:36:47","modified_gmt":"2016-07-25T16:36:47","slug":"r-d-y-holanda-firman-convenio-de-traslado-de-personas-condenadas","status":"publish","type":"post","link":"https:\/\/diariodominicano.com\/?p=217899","title":{"rendered":"R.D Y Holanda firman convenio de traslado de personas condenadas"},"content":{"rendered":"<p><body><\/p>\n<p><img decoding=\"async\" src=\"img3\/f0c48724-6704-4548-bb16-41d561a9dfda.jpg\" \/>  <\/p>\n<p><span class=\"text1noticias\">Santo Domingo, R.D., 25 de julio.- El ministro de Relaciones Exteriores, Andr\u00e9s Navarro, y la embajadora en el pa\u00eds del Reino de los Pa\u00edses Bajos, Holanda, Marijke Van Drunen Littel, firmaron un convenio de traslado de aquellas personas judicialmente condenadas, para que terminen de cumplir la pena establecida por los tribunales en su pa\u00eds de origen.<\/span><\/p>\n<\/p>\n<p><span class=\"text1noticias\">El convenio, rubricado en un acto realizado en el Sal\u00f3n Verde de la Canciller\u00eda, con la presencia de la viceministra Nelly P\u00e9rez, encargada de asuntos consulares, del consultor jur\u00eddico Miguel \u00c1ngel Pichardo, y de otros funcionarios del MIREX y de la embajada de Holanda. <\/span><\/p>\n<\/p>\n<p><span class=\"text1noticias\">Este establece que toda persona condenada perteneciente a la Rep\u00fablica Dominicana o a Los Pa\u00edses Bajos, podr\u00e1 ser trasladado a su territorio de origen, siempre que la sentencia sea susceptible de ejecuci\u00f3n o si a\u00fan queda pendiente por cumplir al menos seis meses de la condena, gesti\u00f3n que  deber\u00e1 realizar el ministerio de justicia de la naci\u00f3n requeriente a trav\u00e9s del ministerio de justicia del Estado requerido.<\/span><\/p>\n<\/p>\n<p><span class=\"text1noticias\">Seg\u00fan explica una nota de prensa de la Canciller\u00eda, luego de agotar el debido proceso conforme a las leyes dominicana, el convenio entrar\u00e1 en vigencia el d\u00eda primero del mes siguiente a la expiraci\u00f3n de un per\u00edodo de dos meses despu\u00e9s de la \u00faltima fecha en que las partes se hayan notificado por v\u00eda diplom\u00e1tica el cumplimiento de las formalidades internas requeridas, \u00aby podr\u00e1 aplicarse al cumplimiento de condenas dictadas, ya sean antes o despu\u00e9s de la fecha de su entrada en vigor\u00bb.<\/span><\/p>\n<\/p>\n<p><span class=\"text1noticias\">El acuerdo forma parte del proceso de desarrollo que encaminan ambas naciones en materia de cooperaci\u00f3n internacional en el campo del derecho penal, as\u00ed como crear la posibilidad de que los nacionales de cualquiera de las partes que se encuentren privados de libertad como consecuencia de la comisi\u00f3n de una infracci\u00f3n penal, puedan cumplir su condena en su naci\u00f3n de origen.<\/span><\/p>\n<\/p>\n<p><span class=\"text1noticias\">\u00abLas partes se obligan, en las condiciones previstas en el convenio, a prestarse mutuamente la m\u00e1s amplia colaboraci\u00f3n posible en materia de traslado de personas condenadas, y en la ejecuci\u00f3n de las condenas impuestas por sentencias\u00bb, refiere uno de los art\u00edculos del acuerdo.<\/span><\/p>\n<\/p>\n<p><span class=\"text1noticias\">Navarro destac\u00f3 que el mecanismo acordado es un paso muy importante, tanto en la aplicaci\u00f3n rigurosa del sistema de justicia, como tambi\u00e9n en la aplicaci\u00f3n de criterios de derechos humanos, especialmente a aquellas personas que se encuentran en condiciones de cumplimiento de la pena.<\/span><\/p>\n<\/p>\n<p><span class=\"text1noticias\">\u00abUna persona condenada por haber violado las leyes de un pa\u00eds, el s\u00f3lo hecho de poder estar cerca de sus familiares cumpliendo la pena establecida, le genera una serie de condiciones que puede facilitar el tiempo que estar\u00e1 limitado en prisi\u00f3n, adem\u00e1s de que se trata de una fehaciente expresi\u00f3n de la confianza que existe en los sistemas de justicia entre los dos pa\u00edses, en el marco de sus estrechas relaciones bilaterales\u00bb, expuso Navarro.<\/span><\/p>\n<\/p>\n<p><span class=\"text1noticias\">Dijo que las expectativas del pa\u00eds \u00abes que podamos seguir avanzando en las relaciones bilaterales en materia judicial, comercial, inversi\u00f3n, di\u00e1logo pol\u00edtico, cooperaci\u00f3n y otras \u00e1reas de inter\u00e9s com\u00fan en el marco de la relaci\u00f3n que tiene la Rep\u00fablica Dominicana con el concierto de naciones de Europa, como lo es el Reino de los Pa\u00edses Bajos\u00bb.<\/span><\/p>\n<h6> 2016-07-25 16:36:47 <\/h6>\n<p><!--\n<link rel=\"stylesheet\" href=\"css\/bootstrap.min.css\">\n\n\n<ul class=\"pagination\">\n\t    \n\t\n\n<li >\n\t<a href='?page_no=12374'>Previous<\/a>\n\t<\/li>\n\n\n       \n    \n\n<li><a href='?page_no=1'>1<\/a><\/li>\n\n\n\n<li><a href='?page_no=2'>2<\/a><\/li>\n\n\n\n<li><a>...<\/a><\/li>\n\n\n\n<li><a href='?page_no=12373'>12373<\/a><\/li>\n\n\n\n<li><a href='?page_no=12374'>12374<\/a><\/li>\n\n\n\n<li class='active'><a>12375<\/a><\/li>\n\n\n\n<li><a href='?page_no=12376'>12376<\/a><\/li>\n\n\n\n<li><a href='?page_no=12377'>12377<\/a><\/li>\n\n\n\n<li><a>...<\/a><\/li>\n\n\n\n<li><a href='?page_no=56169'>56169<\/a><\/li>\n\n\n\n<li><a href='?page_no=56170'>56170<\/a><\/li>\n\n    \n\t\n\n<li >\n\t<a href='?page_no=12376'>Next<\/a>\n\t<\/li>\n\n\n    \n\n<li><a href='?page_no=56170'>Last &rsaquo;&rsaquo;<\/a><\/li>\n\n<\/ul>\n\n\n--><br \/>\n<\/body><\/p>\n","protected":false},"excerpt":{"rendered":"<p>Santo Domingo, R.D., 25 de julio.- El ministro de Relaciones Exteriores, Andr\u00e9s Navarro, y la embajadora en el pa\u00eds del Reino de los Pa\u00edses Bajos, Holanda, Marijke Van Drunen Littel, firmaron un convenio de traslado de aquellas personas judicialmente condenadas, para que terminen de cumplir la pena establecida por los tribunales en su pa\u00eds de [&hellip;]<\/p>\n","protected":false},"author":3,"featured_media":0,"comment_status":"open","ping_status":"open","sticky":false,"template":"","format":"standard","meta":{"footnotes":""},"categories":[20],"tags":[],"class_list":["post-217899","post","type-post","status-publish","format-standard","hentry","category-dominicana-hoy"],"_links":{"self":[{"href":"https:\/\/diariodominicano.com\/index.php?rest_route=\/wp\/v2\/posts\/217899","targetHints":{"allow":["GET"]}}],"collection":[{"href":"https:\/\/diariodominicano.com\/index.php?rest_route=\/wp\/v2\/posts"}],"about":[{"href":"https:\/\/diariodominicano.com\/index.php?rest_route=\/wp\/v2\/types\/post"}],"author":[{"embeddable":true,"href":"https:\/\/diariodominicano.com\/index.php?rest_route=\/wp\/v2\/users\/3"}],"replies":[{"embeddable":true,"href":"https:\/\/diariodominicano.com\/index.php?rest_route=%2Fwp%2Fv2%2Fcomments&post=217899"}],"version-history":[{"count":0,"href":"https:\/\/diariodominicano.com\/index.php?rest_route=\/wp\/v2\/posts\/217899\/revisions"}],"wp:attachment":[{"href":"https:\/\/diariodominicano.com\/index.php?rest_route=%2Fwp%2Fv2%2Fmedia&parent=217899"}],"wp:term":[{"taxonomy":"category","embeddable":true,"href":"https:\/\/diariodominicano.com\/index.php?rest_route=%2Fwp%2Fv2%2Fcategories&post=217899"},{"taxonomy":"post_tag","embeddable":true,"href":"https:\/\/diariodominicano.com\/index.php?rest_route=%2Fwp%2Fv2%2Ftags&post=217899"}],"curies":[{"name":"wp","href":"https:\/\/api.w.org\/{rel}","templated":true}]}}