{"id":217898,"date":"2016-07-25T21:42:06","date_gmt":"2016-07-25T21:42:06","guid":{"rendered":"http:\/\/diariodominicano.ddns.net\/?p=217898"},"modified":"2016-07-25T21:42:06","modified_gmt":"2016-07-25T21:42:06","slug":"senado-aprueba-leyes-del-ministerio-de-relaciones-exteriores-y-la-de-control-de-armas","status":"publish","type":"post","link":"https:\/\/diariodominicano.com\/?p=217898","title":{"rendered":"Senado aprueba leyes del Ministerio de Relaciones Exteriores y la de Control de Armas"},"content":{"rendered":"<p><body><\/p>\n<p><img decoding=\"async\" src=\"img3\/DSC_9456.jpg\" \/><br \/><img decoding=\"async\" src=\"img3\/DSC_9450.jpg\" \/>  <\/p>\n<p><strong><span class=\"text1noticias\">Los senadores, tambi\u00e9n, aprobaron en segunda lectura el proyecto de ley para el Control y Regulaci\u00f3n de Armas, Municiones y Materiales Relacionados. <\/span><\/strong><\/p>\n<\/p>\n<p><strong><span class=\"text1noticias\">SANTO DOMINGO, RD, 25 de Julio de 2016.-<\/span><\/strong><span class=\"text1noticias\">  Senado declar\u00f3 de urgencia y aprob\u00f3 este lunes en dos lecturas  consecutivas el proyecto de ley Org\u00e1nica del Ministerio de Relaciones Exteriores y del servicio Exterior.<\/span><\/p>\n<\/p>\n<p><span class=\"text1noticias\">Los senadores, tambi\u00e9n, aprobaron en segunda lectura el proyecto de ley para el Control y Regulaci\u00f3n de Armas, Municiones y Materiales Relacionados. <\/span><\/p>\n<\/p>\n<p><span class=\"text1noticias\">Los legisladores, adem\u00e1s, enviaron a la Comisi\u00f3n Permanente de Justicia y Derechos Humanos el proyecto de ley del C\u00f3digo Penal de la Rep\u00fablica Dominicana.<\/span><\/p>\n<\/p>\n<p><span class=\"text1noticias\">El proyecto de ley Org\u00e1nica del Ministerio de Relaciones Exteriores fue iniciativa sometida al Pleno por el vicepresidente del Senado, Francis Emilio Vargas, quien solicit\u00f3 sea incluida en la agenda del d\u00eda y declarado  de urgencia.<\/span><\/p>\n<\/p>\n<p><span class=\"text1noticias\">La pieza,  procedente de la C\u00e1mara de Diputado, es de la autor\u00eda del diputado V\u00edctor Verdemar Suarez D\u00edaz.<\/span><\/p>\n<\/p>\n<p><span class=\"text1noticias\">La pieza establece la creaci\u00f3n del Consejo de la Carrera Diplom\u00e1tica y Consular, entre otras disposiciones que procuran el fortalecimiento del marco institucional. <\/span><\/p>\n<\/p>\n<p><span class=\"text1noticias\">La ley crea el marco jur\u00eddico necesario para que el Ministerio de Relaciones Exteriores pueda enfrentar los retos de la pol\u00edtica exterior. <\/span><\/p>\n<\/p>\n<p><span class=\"text1noticias\">La iniciativa, que sustituir\u00eda la Ley 314, del 6 de julio de 1964, recoge las exigencias que imponen al Estado los actuales procesos de globalizaci\u00f3n e integraci\u00f3n, expresa el mandatario. <\/span><\/p>\n<p><span class=\"text1noticias\"><strong> <\/strong><\/span><\/p>\n<p><span class=\"text1noticias\"><strong>C\u00f3digo Penal a Comisi\u00f3n<\/strong><\/span><\/p>\n<\/p>\n<p><span class=\"text1noticias\">El proyecto de ley del C\u00f3digo Penal de la Rep\u00fablica Dominicana fue enviado a la Comisi\u00f3n Permanente de Justicia y Derechos Humanos del Senado.<\/span><\/p>\n<\/p>\n<p><span class=\"text1noticias\">La pieza instituye la penalizaci\u00f3n del aborto con prisi\u00f3n que van de 4 a 10 a\u00f1os de reclusi\u00f3n a quienes incurran en este hecho.<\/span><\/p>\n<\/p>\n<p><span class=\"text1noticias\">La iniciativa es procedente de la C\u00e1mara de Diputados y de la autor\u00eda del Diputado Abel Mart\u00ednez Dur\u00e1n.<\/span><\/p>\n<\/p>\n<p><span class=\"text1noticias\">El C\u00f3digo Penal, adem\u00e1s, establece  el aumento de las penas de 30 a 40 a\u00f1os de prisi\u00f3n para los casos horrendos, como terrorismo, sicariatos y secuestros.<\/span><\/p>\n<p><span class=\"text1noticias\"> <\/span><\/p>\n<p><span class=\"text1noticias\">Este lunes los senadores sancionaron en \u00fanica lectura un informe desfavorable  del proyecto de ley que regula la gesti\u00f3n y el acceso de los particulares a los Lagos, R\u00edos, Lagunas, Playas y Costas Nacionales de la Rep\u00fablica Dominicana. La iniciativa es del senador de la provincia Espaillat, Jos\u00e9 Rafael Vargas.<\/span><\/p>\n<\/p>\n<p><strong><span class=\"text1noticias\">Ley de Armas<\/span><\/strong><\/p>\n<\/p>\n<p><span class=\"text1noticias\">El proyecto de ley establece en su segundo considerando que las Fuerzas Armadas tienen el mandato de ejercer la custodia, supervisi\u00f3n y control de todas las armas; as\u00ed como las  municiones y dem\u00e1s pertrechos, material y equipos de guerra que ingresen al pa\u00eds o que sean producidas por la industria nacional con las restricciones establecidas en la ley.<\/span><\/p>\n<\/p>\n<p><span class=\"text1noticias\">Tambi\u00e9n, indica en su tercer  considerando que procede modernizar y adecuar el marco jur\u00eddico existente para la regulaci\u00f3n del comercio, uso control de las armas de fuego, municiones, explosivos, armas blancas y otros materiales relacionados.<\/span><\/p>\n<\/p>\n<p><span class=\"text1noticias\">El proyecto refieres adem\u00e1s, que es deber del Estado ejercer el control sobre quienes tienen y portan armas para garantizar el debido respeto a la vida, la integridad f\u00edsica, libertad y justicia de todos los habitantes de la Rep\u00fablica. <\/span><\/p>\n<\/p>\n<p><span class=\"text1noticias\">Este proyecto resalta tambi\u00e9n que es una responsabilidad del Estado Dominicano, impedir, combatir y erradicar la fabricaci\u00f3n y el tr\u00e1fico il\u00edcito de armas de fuego, municiones, explosivos y otros materiales relacionados, dada su vinculaci\u00f3n con el narcotr\u00e1fico, el terrorismo, la delincuencia transnacional organizada y otras conductas criminales.<\/span><\/p>\n<p><span class=\"text1noticias\"> <\/span><\/p>\n<p><span class=\"text1noticias\">Los senadores sancionaron igualmente el proyecto de ley que crea el Ministerio de Industria y Comercio y Pymes. La iniciativa es de la autor\u00eda del senador Rafael Calder\u00f3n.<\/span><\/p>\n<\/p>\n<p><span class=\"text1noticias\">Esta iniciativa  tiene como objetivo la reorganizaci\u00f3n de ese Ministerio, por la relevancia e importancia que reviste el comercio interno e internacional y la necesidad de adoptar pol\u00edticas industriales activas para el desarrollo econ\u00f3mico del pa\u00eds.<\/span><\/p>\n<\/p>\n<p><span class=\"text1noticias\">Indica que se hace necesario la reformulaci\u00f3n del marco institucional de los sectores de la industria, el comercio y las Pymes y el establecimiento de los v\u00ednculos jer\u00e1rquicos y program\u00e1ticos con las distintas instituciones del sector p\u00fablico y del sector privado que interact\u00faan en el sistema nacional de promoci\u00f3n y apoyo a la industria.<\/span><\/p>\n<\/p>\n<p><span class=\"text1noticias\">El presidente de la Comisi\u00f3n Permanente de Industria y Comercio, Charle Noel Mariotti, valor\u00f3 de positiva la sanci\u00f3n de esta ley, ya que privilegia un sector importante de la econom\u00eda dominicana.<\/span><\/p>\n<\/p>\n<p><span class=\"text1noticias\">Indica que el Gobierno y el Senado han decidido buscar bienestar a favor de la Rep\u00fablica Dominicana. La comisi\u00f3n senatorial labor\u00f3 por m\u00e1s de tres a\u00f1os esta ley.<\/span><\/p>\n<p><span class=\"text1noticias\">La presidenta de la C\u00e1mara Alta, Cristina Lizardo Mezquita, solicit\u00f3 al pleno senatorial guardar un minuto de silencio por el fallecimiento de la se\u00f1ora Manuela Roa, madre de senador por la provincia de El\u00edas Pi\u00f1a, Adriano S\u00e1nchez Roa.<\/span><\/p>\n<\/p>\n<p><span class=\"text1noticias\">Al finalizar la sesi\u00f3n, la presidenta del Senado, Cristina Lizardo invit\u00f3 a sus pares a participar este martes  en el acto de reconocimiento al empresario de la construcci\u00f3n Rafael Vitelio Bison\u00f3, a las 10:00 de la ma\u00f1ana.<\/span><\/p>\n<\/p>\n<\/p>\n<h6> 2016-07-25 21:42:06 <\/h6>\n<p><!--\n<link rel=\"stylesheet\" href=\"css\/bootstrap.min.css\">\n\n\n<ul class=\"pagination\">\n\t    \n\t\n\n<li >\n\t<a href='?page_no=12373'>Previous<\/a>\n\t<\/li>\n\n\n       \n    \n\n<li><a href='?page_no=1'>1<\/a><\/li>\n\n\n\n<li><a href='?page_no=2'>2<\/a><\/li>\n\n\n\n<li><a>...<\/a><\/li>\n\n\n\n<li><a href='?page_no=12372'>12372<\/a><\/li>\n\n\n\n<li><a href='?page_no=12373'>12373<\/a><\/li>\n\n\n\n<li class='active'><a>12374<\/a><\/li>\n\n\n\n<li><a href='?page_no=12375'>12375<\/a><\/li>\n\n\n\n<li><a href='?page_no=12376'>12376<\/a><\/li>\n\n\n\n<li><a>...<\/a><\/li>\n\n\n\n<li><a href='?page_no=56169'>56169<\/a><\/li>\n\n\n\n<li><a href='?page_no=56170'>56170<\/a><\/li>\n\n    \n\t\n\n<li >\n\t<a href='?page_no=12375'>Next<\/a>\n\t<\/li>\n\n\n    \n\n<li><a href='?page_no=56170'>Last &rsaquo;&rsaquo;<\/a><\/li>\n\n<\/ul>\n\n\n--><br \/>\n<\/body><\/p>\n","protected":false},"excerpt":{"rendered":"<p>Los senadores, tambi\u00e9n, aprobaron en segunda lectura el proyecto de ley para el Control y Regulaci\u00f3n de Armas, Municiones y Materiales Relacionados. SANTO DOMINGO, RD, 25 de Julio de 2016.- Senado declar\u00f3 de urgencia y aprob\u00f3 este lunes en dos lecturas consecutivas el proyecto de ley Org\u00e1nica del Ministerio de Relaciones Exteriores y del servicio [&hellip;]<\/p>\n","protected":false},"author":3,"featured_media":0,"comment_status":"open","ping_status":"open","sticky":false,"template":"","format":"standard","meta":{"footnotes":""},"categories":[20],"tags":[],"class_list":["post-217898","post","type-post","status-publish","format-standard","hentry","category-dominicana-hoy"],"_links":{"self":[{"href":"https:\/\/diariodominicano.com\/index.php?rest_route=\/wp\/v2\/posts\/217898","targetHints":{"allow":["GET"]}}],"collection":[{"href":"https:\/\/diariodominicano.com\/index.php?rest_route=\/wp\/v2\/posts"}],"about":[{"href":"https:\/\/diariodominicano.com\/index.php?rest_route=\/wp\/v2\/types\/post"}],"author":[{"embeddable":true,"href":"https:\/\/diariodominicano.com\/index.php?rest_route=\/wp\/v2\/users\/3"}],"replies":[{"embeddable":true,"href":"https:\/\/diariodominicano.com\/index.php?rest_route=%2Fwp%2Fv2%2Fcomments&post=217898"}],"version-history":[{"count":0,"href":"https:\/\/diariodominicano.com\/index.php?rest_route=\/wp\/v2\/posts\/217898\/revisions"}],"wp:attachment":[{"href":"https:\/\/diariodominicano.com\/index.php?rest_route=%2Fwp%2Fv2%2Fmedia&parent=217898"}],"wp:term":[{"taxonomy":"category","embeddable":true,"href":"https:\/\/diariodominicano.com\/index.php?rest_route=%2Fwp%2Fv2%2Fcategories&post=217898"},{"taxonomy":"post_tag","embeddable":true,"href":"https:\/\/diariodominicano.com\/index.php?rest_route=%2Fwp%2Fv2%2Ftags&post=217898"}],"curies":[{"name":"wp","href":"https:\/\/api.w.org\/{rel}","templated":true}]}}