{"id":217897,"date":"2016-07-26T00:56:16","date_gmt":"2016-07-26T00:56:16","guid":{"rendered":"http:\/\/diariodominicano.ddns.net\/?p=217897"},"modified":"2016-07-26T00:56:16","modified_gmt":"2016-07-26T00:56:16","slug":"dice-transformaciones-buscan-colocar-sistema-educativo-a-altura-de-ca-y-el-caribe","status":"publish","type":"post","link":"https:\/\/diariodominicano.com\/?p=217897","title":{"rendered":"&#13;Dice transformaciones buscan colocar sistema educativo a altura de CA y el Caribe"},"content":{"rendered":"<p><body><\/p>\n<p><img decoding=\"async\" src=\"img3\/_MG_9559.JPG\" \/><br \/><img decoding=\"async\" src=\"img3\/_MG_9561.JPG\" \/>  <\/p>\n<p><strong>Carlos Amarante Baret  dijo que \u00abconceptualmente definido como una Revoluci\u00f3n Educativa, el gobierno de nuestro presidente Danilo Medina S\u00e1nchez ha puesto en marcha un conjunto de pol\u00edticas educativas que procuran cambiar el actual modelo educativo, atacar sus debilidades ancestrales y sentar las bases de una nueva educaci\u00f3n de calidad, inclusiva que prepare nuestros estudiantes para la vida\u00bb.<\/strong><\/p>\n<\/p>\n<p><strong>PUNTA CANA, Rep\u00fablica Dominicana, 25 de Julio de 2016.- <\/strong>El Ministro de Educaci\u00f3n proclam\u00f3 este lunes ante delegados nacionales e internacionales que Rep\u00fablica Dominicana se encuentra inmersa en un proceso de transformaciones profundas en el sistema educativo persiguen convertirlo en uno de los m\u00e1s eficientes y de mayor calidad de Centroam\u00e9rica y el Caribe.<\/p>\n<p>Amarante Baret, quien pronunci\u00f3 el discurso central en la inauguraci\u00f3n del Congreso Internacional \u00abNuevas Tendencias en la Formaci\u00f3n Docente del Profesorado\u00bb, dijo que \u00abnunca fue m\u00e1s oportuno el momento y la tem\u00e1tica para la realizaci\u00f3n de este congreso\u00bb.<\/p>\n<\/p>\n<p>Indic\u00f3 que \u00abconceptualmente definido como una Revoluci\u00f3n Educativa, el gobierno de nuestro presidente Danilo Medina S\u00e1nchez ha puesto en marcha un conjunto de pol\u00edticas educativas que procuran cambiar el actual modelo educativo, atacar sus debilidades ancestrales y sentar las bases de una nueva educaci\u00f3n de calidad, inclusiva que prepare nuestros estudiantes para la vida\u00bb.<\/p>\n<p>El Congreso, que es auspiciado por el Instituto Superior de Formaci\u00f3n Docente Salom\u00e9 Ure\u00f1a (ISFODOSU), re\u00fane a especialistas nacionales e internacionales en materia de formaci\u00f3n y preparaci\u00f3n docente.<\/p>\n<\/p>\n<p>Destac\u00f3 que con la Jornada Escolar Extendida, impulsada en la actual administraci\u00f3n con la implementaci\u00f3n del cuatro por ciento del Producto Interno Bruto, \u00abhemos podido ir avanzando en el nuevo modelo. Estamos pasando del viejo modelo de dos y tres tandas al de una tanda \u00fanica\u00bb.<\/p>\n<\/p>\n<p>Dijo que con el viejo modelo, en el que los estudiantes recib\u00edan entre dos y media y tres horas de clases al d\u00eda, es imposible que reciban una buena educaci\u00f3n, ya que no es posible desarrollar el contenido curricular, pero \u00abcon la tanda extendida, pasamos a tener ocho horas de clases, de 8 de la ma\u00f1ana a 4:00 de la tarde.<\/p>\n<\/p>\n<p>\u00abEl salto es importante y ya hay manifestaciones estad\u00edsticas que confirman la justeza del nuevo modelo en t\u00e9rminos de rendimiento de nuestros alumnos\u00bb, plante\u00f3 Amarante Baret.<\/p>\n<\/p>\n<p>El Ministro de Educaci\u00f3n de Rep\u00fablica Dominicana subray\u00f3 que para cumplir con los requisitos y requerimientos de la Jornada Escolar Extendida el Gobierno ha tenido que construir millares de aulas. Dijo que hay 23 mil nuevas aulas contratadas y 14 mil entregadas a las comunidades.<\/p>\n<p><strong>Impacto social<\/strong><\/p>\n<\/p>\n<p>Afirm\u00f3 que la Jornada Escolar Extendida, adem\u00e1s de que ha mejorado sustancialmente la calidad de la educaci\u00f3n dominicana, tambi\u00e9n ha tenido un importante impacto social, pues los estudiantes reciben desayuno, almuerzo y una merienda, lo que constituye un respiro econ\u00f3mico y sicol\u00f3gico para las familias dominicana, especialmente para las de m\u00e1s bajos ingresos, que ven c\u00f3mo el Estado acude en su ayuda.<\/p>\n<p>\u00abClaro, nuevas aulas, alimentos y mejoras salariales significativas para nuestros docentes se conjugan con nuevas pr\u00e1cticas de formaci\u00f3n y capacitaci\u00f3n docentes que son fundamentales para el logro de la calidad educativa\u00bb, expres\u00f3 el Ministro de Educaci\u00f3n, que agreg\u00f3 que eso demuestra el grado de prioridad que el gobierno ha otorgado al tema educativo.<\/p>\n<p>Tres d\u00edas de debates<\/p>\n<p>El Congreso debatir\u00e1 durante los d\u00edas 25, 26 y 27 las nuevas tendencias en la formaci\u00f3n permanente de los profesores con la organizaci\u00f3n del Ministerio de Educaci\u00f3n, el ISFODOSU y la Universidad de Barcelona y la participaci\u00f3n de m\u00e1s de 300 docentes de Colombia, Costa Rica, Cuba, Brasil, Ecuador, Espa\u00f1a, M\u00e9xico, Rep\u00fablica Dominicana y Venezuela.<\/p>\n<p>Adem\u00e1s de Amarante Baret, la actividad la encabezan el rector del ISFODOSU, Julio S\u00e1nchez Mar\u00ed\u00f1ez, Francisco Imbern\u00f3n Mu\u00f1oz, Director del Grupo Formaci\u00f3n Docente e Innovaci\u00f3n Pedag\u00f3gica y del Observatorio Internacional de la Profesi\u00f3n Docente de la Universidad de Barcelona; Miguel \u00c1ngel Moreno, Director de Formaci\u00f3n y Desarrollo Profesional del Instituto Nacional de formaci\u00f3n y Capacitaci\u00f3n del Magisterio y Julio Leonardo Valeir\u00f3n, Director del Instituto Dominicano de Evaluaci\u00f3n e Investigaci\u00f3n de la Calidad Educativa (IDEICE)<\/p>\n<p>La actividad es auspiciada, adem\u00e1s de Educaci\u00f3n y el ISFODOSU, por el Plan Lea del List\u00edn Diario, peri\u00f3dico El Caribe, Fundaci\u00f3n Popular, el Banco Interamericano de Desarrollo, entre otras entidades, Inicia Educaci\u00f3n, la Facultad Latinoamericana de Ciencias Sociales y la Fundaci\u00f3n Cisneros Educaci\u00f3n, entre otras.<\/p>\n<\/p>\n<h6> 2016-07-26 00:56:16 <\/h6>\n<p><!--\n<link rel=\"stylesheet\" href=\"css\/bootstrap.min.css\">\n\n\n<ul class=\"pagination\">\n\t    \n\t\n\n<li >\n\t<a href='?page_no=12372'>Previous<\/a>\n\t<\/li>\n\n\n       \n    \n\n<li><a href='?page_no=1'>1<\/a><\/li>\n\n\n\n<li><a href='?page_no=2'>2<\/a><\/li>\n\n\n\n<li><a>...<\/a><\/li>\n\n\n\n<li><a href='?page_no=12371'>12371<\/a><\/li>\n\n\n\n<li><a href='?page_no=12372'>12372<\/a><\/li>\n\n\n\n<li class='active'><a>12373<\/a><\/li>\n\n\n\n<li><a href='?page_no=12374'>12374<\/a><\/li>\n\n\n\n<li><a href='?page_no=12375'>12375<\/a><\/li>\n\n\n\n<li><a>...<\/a><\/li>\n\n\n\n<li><a href='?page_no=56169'>56169<\/a><\/li>\n\n\n\n<li><a href='?page_no=56170'>56170<\/a><\/li>\n\n    \n\t\n\n<li >\n\t<a href='?page_no=12374'>Next<\/a>\n\t<\/li>\n\n\n    \n\n<li><a href='?page_no=56170'>Last &rsaquo;&rsaquo;<\/a><\/li>\n\n<\/ul>\n\n\n--><br \/>\n<\/body><\/p>\n","protected":false},"excerpt":{"rendered":"<p>Carlos Amarante Baret dijo que \u00abconceptualmente definido como una Revoluci\u00f3n Educativa, el gobierno de nuestro presidente Danilo Medina S\u00e1nchez ha puesto en marcha un conjunto de pol\u00edticas educativas que procuran cambiar el actual modelo educativo, atacar sus debilidades ancestrales y sentar las bases de una nueva educaci\u00f3n de calidad, inclusiva que prepare nuestros estudiantes para [&hellip;]<\/p>\n","protected":false},"author":3,"featured_media":0,"comment_status":"open","ping_status":"open","sticky":false,"template":"","format":"standard","meta":{"footnotes":""},"categories":[20],"tags":[],"class_list":["post-217897","post","type-post","status-publish","format-standard","hentry","category-dominicana-hoy"],"_links":{"self":[{"href":"https:\/\/diariodominicano.com\/index.php?rest_route=\/wp\/v2\/posts\/217897","targetHints":{"allow":["GET"]}}],"collection":[{"href":"https:\/\/diariodominicano.com\/index.php?rest_route=\/wp\/v2\/posts"}],"about":[{"href":"https:\/\/diariodominicano.com\/index.php?rest_route=\/wp\/v2\/types\/post"}],"author":[{"embeddable":true,"href":"https:\/\/diariodominicano.com\/index.php?rest_route=\/wp\/v2\/users\/3"}],"replies":[{"embeddable":true,"href":"https:\/\/diariodominicano.com\/index.php?rest_route=%2Fwp%2Fv2%2Fcomments&post=217897"}],"version-history":[{"count":0,"href":"https:\/\/diariodominicano.com\/index.php?rest_route=\/wp\/v2\/posts\/217897\/revisions"}],"wp:attachment":[{"href":"https:\/\/diariodominicano.com\/index.php?rest_route=%2Fwp%2Fv2%2Fmedia&parent=217897"}],"wp:term":[{"taxonomy":"category","embeddable":true,"href":"https:\/\/diariodominicano.com\/index.php?rest_route=%2Fwp%2Fv2%2Fcategories&post=217897"},{"taxonomy":"post_tag","embeddable":true,"href":"https:\/\/diariodominicano.com\/index.php?rest_route=%2Fwp%2Fv2%2Ftags&post=217897"}],"curies":[{"name":"wp","href":"https:\/\/api.w.org\/{rel}","templated":true}]}}