{"id":217896,"date":"2016-07-26T01:16:31","date_gmt":"2016-07-26T01:16:31","guid":{"rendered":"http:\/\/diariodominicano.ddns.net\/?p=217896"},"modified":"2016-07-26T01:16:31","modified_gmt":"2016-07-26T01:16:31","slug":"directivos-medicos-rechazan-propuestas-del-gobierno","status":"publish","type":"post","link":"https:\/\/diariodominicano.com\/?p=217896","title":{"rendered":"Directivos m\u00e9dicos rechazan propuestas del Gobierno"},"content":{"rendered":"<p><body><\/p>\n<p><img decoding=\"async\" src=\"img3\/medicos00.jpg\" \/>  <\/p>\n<p><strong>Ariel Suero, presidente del Colegio M\u00e9dico Dominicano (CMD), se refiri\u00f3 b\u00e1sicamente al aumento salarial escalonado y a aumentar las horas de trabajo, mientras que el Gobierno se niega a tocar el tema del 5% del producto interno bruto para el sector salud, \u00ablo que deja claro el marcado inter\u00e9s del Gobierno en extender el horario laboral al sector salud de manera violenta e impositiva\u00bb.<\/strong><\/p>\n<\/p>\n<p><strong> (Externa) Gremialistas en rueda de prensa en la sede del Colegio M\u00e9dico Dominicano. <\/strong><\/p>\n<\/p>\n<p><strong>SANTO DOMINGO, RD, 26 de Julio de 2016.-<\/strong> Los gremios agrupados en el Pacto Nacional por la Salud (Panasalud) rechazaron ayer las propuestas que hizo el Gobierno y advirtieron que el di\u00e1logo podr\u00eda romperse hoy.Al afirmar que las propuestas que a lo largo de cuatro meses ha hecho el Gobierno no satisfacen las expectativas de los gremios, Waldo Ariel Suero advirti\u00f3 que si en el encuentro de hoy no se cumple con sus exigencias no continuar\u00e1n con el di\u00e1logo.<\/p>\n<\/p>\n<p>Ariel Suero, presidente del Colegio M\u00e9dico Dominicano (CMD), se refiri\u00f3 b\u00e1sicamente al aumento salarial escalonado y a aumentar las horas de trabajo, mientras que el Gobierno se niega a tocar el tema del 5% del producto interno bruto para el sector salud, \u00ablo que deja claro el marcado inter\u00e9s del Gobierno en extender el horario laboral al sector salud de manera violenta e impositiva\u00bb.<\/p>\n<\/p>\n<p>\u00abNosotros no vamos a aceptar la imposici\u00f3n de extendernos el horario. Nos reunimos ma\u00f1ana y las probabilidades de que retomemos el proceso de lucha es extremadamente alta\u00bb.<\/p>\n<\/p>\n<p>El galeno sostuvo que \u00abel Gobierno no tiene calidad moral para cuestionar el horario de los m\u00e9dicos, porque la mayor\u00eda de los funcionarios no llegan a 4 horas a la semana y ganan hasta 300 mil pesos, cuando ning\u00fan personal de salud gana el 10% de lo que gana un funcionario\u00bb.<\/p>\n<\/p>\n<p>Durante rueda de prensa en la sede del CMD, los dirigentes gremiales expresaron que ha sido suficiente el tiempo para llegar a un acuerdo que beneficie al sector salud.<\/p>\n<\/p>\n<p>Los gremialistas, entre los que estaban el Instituto Dominicano de Seguros Sociales (IDSS), la Federaci\u00f3n Nacional de Trabajadores de Salud, la Asociaci\u00f3n de Enfermeras del IDSS, T\u00e9cnicos de Salud p\u00fablica, entre otros, pidieron a las autoridades que vuelvan al di\u00e1logo con propuestas integradoras y razonables que permitan solucionar la problem\u00e1tica. Asimismo, los galenos advirtieron que \u00abdialogar por dialogar de manera infinita no es la soluci\u00f3n\u00bb, y observaron que todo di\u00e1logo sincero y constructivo debe tener un final, por lo que \u00abha llegado el momento de ponerle tope a estas conversaciones\u00bb.<\/p>\n<\/p>\n<p>La \u00faltima propuesta que realiz\u00f3 el Gobierno con los m\u00e9dicos, consisti\u00f3 en un aumento de un 25%. (elCaribe)<\/p>\n<\/p>\n<h6> 2016-07-26 01:16:31 <\/h6>\n<p><!--\n<link rel=\"stylesheet\" href=\"css\/bootstrap.min.css\">\n\n\n<ul class=\"pagination\">\n\t    \n\t\n\n<li >\n\t<a href='?page_no=12371'>Previous<\/a>\n\t<\/li>\n\n\n       \n    \n\n<li><a href='?page_no=1'>1<\/a><\/li>\n\n\n\n<li><a href='?page_no=2'>2<\/a><\/li>\n\n\n\n<li><a>...<\/a><\/li>\n\n\n\n<li><a href='?page_no=12370'>12370<\/a><\/li>\n\n\n\n<li><a href='?page_no=12371'>12371<\/a><\/li>\n\n\n\n<li class='active'><a>12372<\/a><\/li>\n\n\n\n<li><a href='?page_no=12373'>12373<\/a><\/li>\n\n\n\n<li><a href='?page_no=12374'>12374<\/a><\/li>\n\n\n\n<li><a>...<\/a><\/li>\n\n\n\n<li><a href='?page_no=56169'>56169<\/a><\/li>\n\n\n\n<li><a href='?page_no=56170'>56170<\/a><\/li>\n\n    \n\t\n\n<li >\n\t<a href='?page_no=12373'>Next<\/a>\n\t<\/li>\n\n\n    \n\n<li><a href='?page_no=56170'>Last &rsaquo;&rsaquo;<\/a><\/li>\n\n<\/ul>\n\n\n--><br \/>\n<\/body><\/p>\n","protected":false},"excerpt":{"rendered":"<p>Ariel Suero, presidente del Colegio M\u00e9dico Dominicano (CMD), se refiri\u00f3 b\u00e1sicamente al aumento salarial escalonado y a aumentar las horas de trabajo, mientras que el Gobierno se niega a tocar el tema del 5% del producto interno bruto para el sector salud, \u00ablo que deja claro el marcado inter\u00e9s del Gobierno en extender el horario [&hellip;]<\/p>\n","protected":false},"author":3,"featured_media":0,"comment_status":"open","ping_status":"open","sticky":false,"template":"","format":"standard","meta":{"footnotes":""},"categories":[20],"tags":[],"class_list":["post-217896","post","type-post","status-publish","format-standard","hentry","category-dominicana-hoy"],"_links":{"self":[{"href":"https:\/\/diariodominicano.com\/index.php?rest_route=\/wp\/v2\/posts\/217896","targetHints":{"allow":["GET"]}}],"collection":[{"href":"https:\/\/diariodominicano.com\/index.php?rest_route=\/wp\/v2\/posts"}],"about":[{"href":"https:\/\/diariodominicano.com\/index.php?rest_route=\/wp\/v2\/types\/post"}],"author":[{"embeddable":true,"href":"https:\/\/diariodominicano.com\/index.php?rest_route=\/wp\/v2\/users\/3"}],"replies":[{"embeddable":true,"href":"https:\/\/diariodominicano.com\/index.php?rest_route=%2Fwp%2Fv2%2Fcomments&post=217896"}],"version-history":[{"count":0,"href":"https:\/\/diariodominicano.com\/index.php?rest_route=\/wp\/v2\/posts\/217896\/revisions"}],"wp:attachment":[{"href":"https:\/\/diariodominicano.com\/index.php?rest_route=%2Fwp%2Fv2%2Fmedia&parent=217896"}],"wp:term":[{"taxonomy":"category","embeddable":true,"href":"https:\/\/diariodominicano.com\/index.php?rest_route=%2Fwp%2Fv2%2Fcategories&post=217896"},{"taxonomy":"post_tag","embeddable":true,"href":"https:\/\/diariodominicano.com\/index.php?rest_route=%2Fwp%2Fv2%2Ftags&post=217896"}],"curies":[{"name":"wp","href":"https:\/\/api.w.org\/{rel}","templated":true}]}}