{"id":217894,"date":"2016-07-26T10:04:23","date_gmt":"2016-07-26T10:04:23","guid":{"rendered":"http:\/\/diariodominicano.ddns.net\/?p=217894"},"modified":"2016-07-26T10:04:23","modified_gmt":"2016-07-26T10:04:23","slug":"imparten-curso-para-prevenir-accidentes-laborales","status":"publish","type":"post","link":"https:\/\/diariodominicano.com\/?p=217894","title":{"rendered":"Imparten curso para prevenir accidentes laborales&#13;"},"content":{"rendered":"<p><body><\/p>\n<p><img decoding=\"async\" src=\"img3\/ney areas 26-7.jpg\" \/>  <\/p>\n<p><span class=\"text1noticias\">Santo Domingo, R. D., 26 de julio.- El curso sobre factores de riesgo en el trabajo y seguro laboral fue impartido en el Hospital  Traumatol\u00f3gico Ney Arias Lora, para capacitar y prevenir accidentes laborales en la instituci\u00f3n.<\/span><\/p>\n<p><span class=\"text1noticias\"> <\/span><\/p>\n<p><span class=\"text1noticias\">El mismo fue impartido por la doctora Fl\u00e9rida Flores D\u00edaz, m\u00e9dico ocupacional de la Administradora de Riesgos Laborales (ARLSS),  fue coordinado por la Unidad de Gesti\u00f3n de Riesgo del establecimiento  de salud.<\/span><\/p>\n<p><span class=\"text1noticias\"> <\/span><\/p>\n<p><span class=\"text1noticias\">La actividad dirigida a la Direcci\u00f3n General, subdirectores, gerentes, coordinadores, encargados y supervisoras de Enfermer\u00eda, en el que participaron  el primer grupo de 40 colaboradores.<\/span><\/p>\n<p><span class=\"text1noticias\"> <\/span><\/p>\n<p><span class=\"text1noticias\">La instituci\u00f3n tiene programados varios cursos y talleres a fin de educar al personal en la prevenci\u00f3n de los accidentes laborales y el uso correcto de los equipos de protecci\u00f3n personal, as\u00ed como evitar el ausentismo laboral.<\/span><\/p>\n<p><span class=\"text1noticias\"> <\/span><\/p>\n<p><span class=\"text1noticias\">De igual modo, se busca educar a los colaboradores del hospital sobre la importancia de conocer los elementos que ponen en riesgo su entorno laboral y como reclamar las indemnizaciones  por accidentes laboral<\/span>es.<\/p>\n<h6> 2016-07-26 10:04:23 <\/h6>\n<p><!--\n<link rel=\"stylesheet\" href=\"css\/bootstrap.min.css\">\n\n\n<ul class=\"pagination\">\n\t    \n\t\n\n<li >\n\t<a href='?page_no=12369'>Previous<\/a>\n\t<\/li>\n\n\n       \n    \n\n<li><a href='?page_no=1'>1<\/a><\/li>\n\n\n\n<li><a href='?page_no=2'>2<\/a><\/li>\n\n\n\n<li><a>...<\/a><\/li>\n\n\n\n<li><a href='?page_no=12368'>12368<\/a><\/li>\n\n\n\n<li><a href='?page_no=12369'>12369<\/a><\/li>\n\n\n\n<li class='active'><a>12370<\/a><\/li>\n\n\n\n<li><a href='?page_no=12371'>12371<\/a><\/li>\n\n\n\n<li><a href='?page_no=12372'>12372<\/a><\/li>\n\n\n\n<li><a>...<\/a><\/li>\n\n\n\n<li><a href='?page_no=56169'>56169<\/a><\/li>\n\n\n\n<li><a href='?page_no=56170'>56170<\/a><\/li>\n\n    \n\t\n\n<li >\n\t<a href='?page_no=12371'>Next<\/a>\n\t<\/li>\n\n\n    \n\n<li><a href='?page_no=56170'>Last &rsaquo;&rsaquo;<\/a><\/li>\n\n<\/ul>\n\n\n--><br \/>\n<\/body><\/p>\n","protected":false},"excerpt":{"rendered":"<p>Santo Domingo, R. D., 26 de julio.- El curso sobre factores de riesgo en el trabajo y seguro laboral fue impartido en el Hospital Traumatol\u00f3gico Ney Arias Lora, para capacitar y prevenir accidentes laborales en la instituci\u00f3n. El mismo fue impartido por la doctora Fl\u00e9rida Flores D\u00edaz, m\u00e9dico ocupacional de la Administradora de Riesgos Laborales [&hellip;]<\/p>\n","protected":false},"author":3,"featured_media":0,"comment_status":"open","ping_status":"open","sticky":false,"template":"","format":"standard","meta":{"footnotes":""},"categories":[20],"tags":[],"class_list":["post-217894","post","type-post","status-publish","format-standard","hentry","category-dominicana-hoy"],"_links":{"self":[{"href":"https:\/\/diariodominicano.com\/index.php?rest_route=\/wp\/v2\/posts\/217894","targetHints":{"allow":["GET"]}}],"collection":[{"href":"https:\/\/diariodominicano.com\/index.php?rest_route=\/wp\/v2\/posts"}],"about":[{"href":"https:\/\/diariodominicano.com\/index.php?rest_route=\/wp\/v2\/types\/post"}],"author":[{"embeddable":true,"href":"https:\/\/diariodominicano.com\/index.php?rest_route=\/wp\/v2\/users\/3"}],"replies":[{"embeddable":true,"href":"https:\/\/diariodominicano.com\/index.php?rest_route=%2Fwp%2Fv2%2Fcomments&post=217894"}],"version-history":[{"count":0,"href":"https:\/\/diariodominicano.com\/index.php?rest_route=\/wp\/v2\/posts\/217894\/revisions"}],"wp:attachment":[{"href":"https:\/\/diariodominicano.com\/index.php?rest_route=%2Fwp%2Fv2%2Fmedia&parent=217894"}],"wp:term":[{"taxonomy":"category","embeddable":true,"href":"https:\/\/diariodominicano.com\/index.php?rest_route=%2Fwp%2Fv2%2Fcategories&post=217894"},{"taxonomy":"post_tag","embeddable":true,"href":"https:\/\/diariodominicano.com\/index.php?rest_route=%2Fwp%2Fv2%2Ftags&post=217894"}],"curies":[{"name":"wp","href":"https:\/\/api.w.org\/{rel}","templated":true}]}}