{"id":217890,"date":"2016-07-26T10:44:55","date_gmt":"2016-07-26T10:44:55","guid":{"rendered":"http:\/\/diariodominicano.ddns.net\/?p=217890"},"modified":"2016-07-26T10:44:55","modified_gmt":"2016-07-26T10:44:55","slug":"comision-presidencial-destaca-labor-de-reforestacion-vb","status":"publish","type":"post","link":"https:\/\/diariodominicano.com\/?p=217890","title":{"rendered":"Comisi\u00f3n Presidencial destaca labor de reforestaci\u00f3n VB"},"content":{"rendered":"<p><body><\/p>\n<p><img decoding=\"async\" src=\"img3\/comision 26-7.jpg\" \/>  <\/p>\n<p><strong><span class=\"text1noticias\">Santo Domingo, R. D., 26 de julio.- <\/span><\/strong><span class=\"text1noticias\">La Comisi\u00f3n Presidencial para el rescate de los r\u00edos Ozama e Isabela destac\u00f3 la labor de reforestaci\u00f3n que realiza el Voluntariado Bancentraliano (VB) en la cuenca alta del r\u00edo Ozama, en coordinaci\u00f3n con el ministerio de Medio Ambiente y Recursos Naturales.<\/span><\/p>\n<p><span class=\"text1noticias\"> <\/span><\/p>\n<p><span class=\"text1noticias\">Hablando al inicio de la VII jornada de siembra en el \u00e1rea del nacimiento del Ozama, el licenciado Onofre Rojas, coordinador de dicha comisi\u00f3n, agradeci\u00f3 al Voluntariado Bancentraliano por esta iniciativa, indicando que la reforestaci\u00f3n de la cuenca del r\u00edo Ozama es de fundamental importancia para garantizar la vida futura del Gran Santo Domingo.<\/span><\/p>\n<p><span class=\"text1noticias\"> <\/span><\/p>\n<p><span class=\"text1noticias\">\u00abLa cuenca del Ozama tiene unos tres mil kil\u00f3metros cuadrados de extensi\u00f3n y en ella nacen unos 400 arroyos y riachuelos que alimentan esa gran f\u00e1brica de agua que es el r\u00edo Ozama; por eso esta labor de siembra que hace el Voluntariado Bancentraliano es vital para el pa\u00eds\u00bb, dijo Rojas.<\/span><\/p>\n<p><span class=\"text1noticias\"> <\/span><\/p>\n<p><span class=\"text1noticias\">En la VII jornada de siembra participaron 73 voluntarios que plantaron 4, 875 pinos Caribea en el paraje Los guineos, municipio de Yamas\u00e1, provincia Monte Plata. La actividad fue coordinada y conducida por la licenciada Anesther D\u00edaz, secretaria y encargada de la comisi\u00f3n de medio ambiente del Voluntariado Bancentraliano. <\/span><\/p>\n<p><span class=\"text1noticias\"> <\/span><\/p>\n<p><span class=\"text1noticias\">En la actividad participaron funcionarios y empleados (con sus familiares) de los departamentos Administrativo, Cultural, Seguridad, Internacional, Contralor\u00eda, Contabilidad, Tesorer\u00eda, Compras, Comunicaci\u00f3n, Recursos Humanos, Presupuesto, ARS Plan Salud y Sistemas y Tecnolog\u00eda.<\/span><\/p>\n<p><span class=\"text1noticias\"> <\/span><\/p>\n<p><span class=\"text1noticias\">Esta siembra es parte del acuerdo de colaboraci\u00f3n suscrito con el ministerio de Medio Ambiente y Recursos Naturales que contempla la reforestaci\u00f3n de 4,025 tareas de esta zona de la Sierra de Yamas\u00e1, el equipamiento de la Oficina de protecci\u00f3n a la cuenca alta del r\u00edo Ozama y la realizaci\u00f3n de una campa\u00f1a educativa sobre la importancia de la protecci\u00f3n del Ozama, dirigida a estudiantes de las comunidades cercanas al nacimiento del r<\/span>\u00edo.<\/p>\n<\/p>\n<h6> 2016-07-26 10:44:55 <\/h6>\n<p><!--\n<link rel=\"stylesheet\" href=\"css\/bootstrap.min.css\">\n\n\n<ul class=\"pagination\">\n\t    \n\t\n\n<li >\n\t<a href='?page_no=12366'>Previous<\/a>\n\t<\/li>\n\n\n       \n    \n\n<li><a href='?page_no=1'>1<\/a><\/li>\n\n\n\n<li><a href='?page_no=2'>2<\/a><\/li>\n\n\n\n<li><a>...<\/a><\/li>\n\n\n\n<li><a href='?page_no=12365'>12365<\/a><\/li>\n\n\n\n<li><a href='?page_no=12366'>12366<\/a><\/li>\n\n\n\n<li class='active'><a>12367<\/a><\/li>\n\n\n\n<li><a href='?page_no=12368'>12368<\/a><\/li>\n\n\n\n<li><a href='?page_no=12369'>12369<\/a><\/li>\n\n\n\n<li><a>...<\/a><\/li>\n\n\n\n<li><a href='?page_no=56169'>56169<\/a><\/li>\n\n\n\n<li><a href='?page_no=56170'>56170<\/a><\/li>\n\n    \n\t\n\n<li >\n\t<a href='?page_no=12368'>Next<\/a>\n\t<\/li>\n\n\n    \n\n<li><a href='?page_no=56170'>Last &rsaquo;&rsaquo;<\/a><\/li>\n\n<\/ul>\n\n\n--><br \/>\n<\/body><\/p>\n","protected":false},"excerpt":{"rendered":"<p>Santo Domingo, R. D., 26 de julio.- La Comisi\u00f3n Presidencial para el rescate de los r\u00edos Ozama e Isabela destac\u00f3 la labor de reforestaci\u00f3n que realiza el Voluntariado Bancentraliano (VB) en la cuenca alta del r\u00edo Ozama, en coordinaci\u00f3n con el ministerio de Medio Ambiente y Recursos Naturales. Hablando al inicio de la VII jornada [&hellip;]<\/p>\n","protected":false},"author":3,"featured_media":0,"comment_status":"open","ping_status":"open","sticky":false,"template":"","format":"standard","meta":{"footnotes":""},"categories":[20],"tags":[],"class_list":["post-217890","post","type-post","status-publish","format-standard","hentry","category-dominicana-hoy"],"_links":{"self":[{"href":"https:\/\/diariodominicano.com\/index.php?rest_route=\/wp\/v2\/posts\/217890","targetHints":{"allow":["GET"]}}],"collection":[{"href":"https:\/\/diariodominicano.com\/index.php?rest_route=\/wp\/v2\/posts"}],"about":[{"href":"https:\/\/diariodominicano.com\/index.php?rest_route=\/wp\/v2\/types\/post"}],"author":[{"embeddable":true,"href":"https:\/\/diariodominicano.com\/index.php?rest_route=\/wp\/v2\/users\/3"}],"replies":[{"embeddable":true,"href":"https:\/\/diariodominicano.com\/index.php?rest_route=%2Fwp%2Fv2%2Fcomments&post=217890"}],"version-history":[{"count":0,"href":"https:\/\/diariodominicano.com\/index.php?rest_route=\/wp\/v2\/posts\/217890\/revisions"}],"wp:attachment":[{"href":"https:\/\/diariodominicano.com\/index.php?rest_route=%2Fwp%2Fv2%2Fmedia&parent=217890"}],"wp:term":[{"taxonomy":"category","embeddable":true,"href":"https:\/\/diariodominicano.com\/index.php?rest_route=%2Fwp%2Fv2%2Fcategories&post=217890"},{"taxonomy":"post_tag","embeddable":true,"href":"https:\/\/diariodominicano.com\/index.php?rest_route=%2Fwp%2Fv2%2Ftags&post=217890"}],"curies":[{"name":"wp","href":"https:\/\/api.w.org\/{rel}","templated":true}]}}