{"id":217889,"date":"2016-07-26T12:05:12","date_gmt":"2016-07-26T12:05:12","guid":{"rendered":"http:\/\/diariodominicano.ddns.net\/?p=217889"},"modified":"2016-07-26T12:05:12","modified_gmt":"2016-07-26T12:05:12","slug":"abriran-compuertas-tuneles-b-y-c-de-la-presa-de-sabana-yegua","status":"publish","type":"post","link":"https:\/\/diariodominicano.com\/?p=217889","title":{"rendered":"Abrir\u00e1n compuertas t\u00faneles B y C de la presa de Sabana Yegua"},"content":{"rendered":"<p><body><\/p>\n<p><img decoding=\"async\" src=\"img3\/presa 26-7.jpg\" \/>  <\/p>\n<p><span class=\"text1noticias\">Azua, R. D., 26 de julio.- El Instituto Nacional de Recursos Hidr\u00e1ulicos (INDRHI), el Centro de Operaciones de Emergencias (COE), Defensa Civil y la Empresa de Generaci\u00f3n Hidroel\u00e9ctrica Dominicana (EGEHID), reiteraron que el viernes 29 de julio a las 8 de la ma\u00f1ana, se realizar\u00e1n las pruebas en las compuertas ubicadas en los t\u00faneles B y C de la presa de Sabana Yegua, como parte del protocolo de inspecci\u00f3n de estas infraestructuras ante la temporada cicl\u00f3nica.<\/span><\/p>\n<p><span class=\"text1noticias\"> <\/span><\/p>\n<p><span class=\"text1noticias\">Entre las comunidades que han sido advertidas de la operaci\u00f3n est\u00e1n: Los Bancos, Villarpando, Arroyo Salado, Magueyal, Periquito, San Sim\u00f3n , Hato Nuevo, Bastida, Or\u00e9gano Grande, Or\u00e9gano Chiquito, Vuelta Grande, Fondo Negro, Quita Coraza, San ram\u00f3n, Arroyo Grande, Los G\u00fciros, Los Conuquitos, Tamayo y Montegrande. <\/span><\/p>\n<p><span class=\"text1noticias\"> <\/span><\/p>\n<p><span class=\"text1noticias\">El INDRHI y las dem\u00e1s instituciones oficiales, constituidas en el Comit\u00e9 de Operaci\u00f3n de Presas y Embalses (COPRE), indicaron que la Defensa Civil fue notificada sobre la acci\u00f3n a llevar a cabo en Sabana Yegua, para que disponga las medidas preventivas de vigilancia.<\/span><\/p>\n<p><span class=\"text1noticias\"> <\/span><\/p>\n<p><span class=\"text1noticias\">El director ejecutivo del organismo rector de las aguas del pa\u00eds, ingeniero Olgo Fern\u00e1ndez, quien habl\u00f3 como vocero del COPRE, dijo que producto de esta prueba los caudales en el r\u00edo Yaque del Sur aumentar\u00e1n aguas abajo de la presa, pero que no provocar\u00e1n inundaciones, puesto que ser\u00e1n manejados, para que se mantengan dentro de la secci\u00f3n hidr\u00e1ulica del afluente.<\/span><\/p>\n<p><span class=\"text1noticias\"> <\/span><\/p>\n<p><span class=\"text1noticias\">Exhort\u00f3 a los encargados de los Distritos de Riego de la regi\u00f3n Sur y a los alcaldes de las comunidades antes mencionadas a realizar la coordinaci\u00f3n de lugar con las dem\u00e1s autoridades, para que se adopten las medidas pertinentes con el objetivo de preservar vidas y propiedades.<\/span><\/p>\n<p><span class=\"text1noticias\"> <\/span><\/p>\n<p><span class=\"text1noticias\">El anuncio fue hecho en  rueda de prensa en la que estuvieron presentes el general Juan Manuel M\u00e9ndez Garc\u00eda y el coronel Olivares, director y subdirector del COE, respectivamente; el ingeniero Samuel Peralta, representante de la EGEHID, representantes de la Defensa Civil y el ingeniero Luis Cuevas, coordinador del COPRE, entre otros t\u00e9cnicos del INDRH<\/span>I.<\/p>\n<h6> 2016-07-26 12:05:12 <\/h6>\n<p><!--\n<link rel=\"stylesheet\" href=\"css\/bootstrap.min.css\">\n\n\n<ul class=\"pagination\">\n\t    \n\t\n\n<li >\n\t<a href='?page_no=12365'>Previous<\/a>\n\t<\/li>\n\n\n       \n    \n\n<li><a href='?page_no=1'>1<\/a><\/li>\n\n\n\n<li><a href='?page_no=2'>2<\/a><\/li>\n\n\n\n<li><a>...<\/a><\/li>\n\n\n\n<li><a href='?page_no=12364'>12364<\/a><\/li>\n\n\n\n<li><a href='?page_no=12365'>12365<\/a><\/li>\n\n\n\n<li class='active'><a>12366<\/a><\/li>\n\n\n\n<li><a href='?page_no=12367'>12367<\/a><\/li>\n\n\n\n<li><a href='?page_no=12368'>12368<\/a><\/li>\n\n\n\n<li><a>...<\/a><\/li>\n\n\n\n<li><a href='?page_no=56169'>56169<\/a><\/li>\n\n\n\n<li><a href='?page_no=56170'>56170<\/a><\/li>\n\n    \n\t\n\n<li >\n\t<a href='?page_no=12367'>Next<\/a>\n\t<\/li>\n\n\n    \n\n<li><a href='?page_no=56170'>Last &rsaquo;&rsaquo;<\/a><\/li>\n\n<\/ul>\n\n\n--><br \/>\n<\/body><\/p>\n","protected":false},"excerpt":{"rendered":"<p>Azua, R. D., 26 de julio.- El Instituto Nacional de Recursos Hidr\u00e1ulicos (INDRHI), el Centro de Operaciones de Emergencias (COE), Defensa Civil y la Empresa de Generaci\u00f3n Hidroel\u00e9ctrica Dominicana (EGEHID), reiteraron que el viernes 29 de julio a las 8 de la ma\u00f1ana, se realizar\u00e1n las pruebas en las compuertas ubicadas en los t\u00faneles B [&hellip;]<\/p>\n","protected":false},"author":3,"featured_media":0,"comment_status":"open","ping_status":"open","sticky":false,"template":"","format":"standard","meta":{"footnotes":""},"categories":[20],"tags":[],"class_list":["post-217889","post","type-post","status-publish","format-standard","hentry","category-dominicana-hoy"],"_links":{"self":[{"href":"https:\/\/diariodominicano.com\/index.php?rest_route=\/wp\/v2\/posts\/217889","targetHints":{"allow":["GET"]}}],"collection":[{"href":"https:\/\/diariodominicano.com\/index.php?rest_route=\/wp\/v2\/posts"}],"about":[{"href":"https:\/\/diariodominicano.com\/index.php?rest_route=\/wp\/v2\/types\/post"}],"author":[{"embeddable":true,"href":"https:\/\/diariodominicano.com\/index.php?rest_route=\/wp\/v2\/users\/3"}],"replies":[{"embeddable":true,"href":"https:\/\/diariodominicano.com\/index.php?rest_route=%2Fwp%2Fv2%2Fcomments&post=217889"}],"version-history":[{"count":0,"href":"https:\/\/diariodominicano.com\/index.php?rest_route=\/wp\/v2\/posts\/217889\/revisions"}],"wp:attachment":[{"href":"https:\/\/diariodominicano.com\/index.php?rest_route=%2Fwp%2Fv2%2Fmedia&parent=217889"}],"wp:term":[{"taxonomy":"category","embeddable":true,"href":"https:\/\/diariodominicano.com\/index.php?rest_route=%2Fwp%2Fv2%2Fcategories&post=217889"},{"taxonomy":"post_tag","embeddable":true,"href":"https:\/\/diariodominicano.com\/index.php?rest_route=%2Fwp%2Fv2%2Ftags&post=217889"}],"curies":[{"name":"wp","href":"https:\/\/api.w.org\/{rel}","templated":true}]}}