{"id":217888,"date":"2016-07-26T13:00:06","date_gmt":"2016-07-26T13:00:06","guid":{"rendered":"http:\/\/diariodominicano.ddns.net\/?p=217888"},"modified":"2016-07-26T13:00:06","modified_gmt":"2016-07-26T13:00:06","slug":"dominguez-brito-inaugura-oficina-medio-ambiente-en-gascue","status":"publish","type":"post","link":"https:\/\/diariodominicano.com\/?p=217888","title":{"rendered":"Dominguez Brito inaugura oficina Medio Ambiente en Gascue"},"content":{"rendered":"<p><body><\/p>\n<p><img decoding=\"async\" src=\"img3\/MP 26-7.jpg\" \/>  <\/p>\n<p><span class=\"text1noticias\">Santo  Domingo, R. D., 26 de julio.- El procurador general de la Rep\u00fablica, Francisco Dom\u00ednguez Brito, puso en funcionamiento las nuevas oficinas de la Procuradur\u00eda Especializada de Medio Ambiente y los Recursos Naturales en la avenida Pasteur casi esquina George Washington, en el sector de Gascue, Distrito Nacional.<\/span><\/p>\n<p><span class=\"text1noticias\"> <\/span><\/p>\n<p><span class=\"text1noticias\">La inauguraci\u00f3n del local, que fue remodelado y equipado con una inversi\u00f3n de aproximadamente RD$8 millones, tiene el prop\u00f3sito de mejorar los servicios que ofrece esa dependencia del Ministerio P\u00fablico, que se encarga de los procesos por infracciones a la Ley de Medio Ambiente No. 64-00, as\u00ed como de recibir las denuncias y querellas de esos casos.<\/span><\/p>\n<p><span class=\"text1noticias\"> <\/span><\/p>\n<p><span class=\"text1noticias\">El procurador Dom\u00ednguez Brito dijo que buscan redimensionar, fortalecer y trazar nuevas estrategias en lo que es la pol\u00edtica de las diferentes procuradur\u00edas especializadas, y en este caso espec\u00edfico, la de Medio Ambiente.  \u00abHoy dejamos inaugurada una planta f\u00edsica mucho m\u00e1s confortable que permitir\u00e1 ofrecer un servicio m\u00e1s eficiente\u00bb.<\/span><\/p>\n<p><span class=\"text1noticias\"> <\/span><\/p>\n<p><span class=\"text1noticias\">Dijo que el establecimiento es un bien incautado por la Procuradur\u00eda Especializada contra el Tr\u00e1fico Il\u00edcito de Migrantes  y la Trata de Personas, fruto de las labores de persecuci\u00f3n y la lucha contra el crimen, donde el Estado solo deber\u00e1 pagar la mitad de una hipoteca.<\/span><\/p>\n<p><span class=\"text1noticias\"> <\/span><\/p>\n<p><span class=\"text1noticias\">El Procurador General expres\u00f3 tambi\u00e9n que buscan dar m\u00e1s apoyo al Sistema Nacional de Atenci\u00f3n a Emergencias y Seguridad  9-1-1 y al tema de los ruidos en el Gran Santo Domingo, y el seguimiento en San Crist\u00f3bal, Santiago y Puerto Plata donde, dijo, ser\u00e1 implementado.<\/span><\/p>\n<p><span class=\"text1noticias\"> <\/span><\/p>\n<p><span class=\"text1noticias\">\u00abCon el fortalecimiento de esta dependencia procuramos ser m\u00e1s fuertes en garantizar a la ciudadan\u00eda mayor paz con respecto a los ruidos. <\/span><\/p>\n<p><span class=\"text1noticias\"> <\/span><\/p>\n<p><span class=\"text1noticias\">En este sentido, se han dado instrucciones precisas, no solo de incautar las bocinas, sino tambi\u00e9n, las plantas y los equipos electr\u00f3nicos que nutren las bocinas, los cuales adem\u00e1s deben ser destruidos\u00bb. <\/span><\/p>\n<p><span class=\"text1noticias\"> <\/span><\/p>\n<p><span class=\"text1noticias\">Dijo que tambi\u00e9n se ha dado instrucciones para que se procure el cierre de los negocios que no dejan dormir a las personas que trabajan y a las personas mayores, que necesitan paz.<\/span><\/p>\n<p><span class=\"text1noticias\"> <\/span><\/p>\n<p><span class=\"text1noticias\">Dom\u00ednguez Brito explic\u00f3 que han establecido como prioridades ser proactivo en todo lo referente a los ruidos y al fortalecimiento del 911. Asimismo en la implementaci\u00f3n de nuevas metodolog\u00edas y estrategias, enfocadas en aquellos casos que ponen en peligro el medio ambiente en cuestiones tan fundamentales como el agua y los bosques.<\/span><\/p>\n<p><span class=\"text1noticias\"> <\/span><\/p>\n<p><span class=\"text1noticias\">En otro orden, explic\u00f3 que ha dado instrucciones para la protecci\u00f3n de la especie marina, al tiempo que anunci\u00f3 una lucha a nivel  nacional contra la pesca con chinchorro y \u00abcontra todo lo que est\u00e1 golpeando los corales, nuestra vegetaci\u00f3n marina protegida\u00bb.<\/span><\/p>\n<p><span class=\"text1noticias\"> <\/span><\/p>\n<p><span class=\"text1noticias\">El edificio inaugurado consta de dos niveles de 450 metros cuadrados por nivel  y dispone de un \u00e1rea para el despacho general, seis oficinas para procuradores generales de Medio Ambiente, dos recepciones, \u00e1rea de seguridad y de auxiliares administrativos, as\u00ed como de un \u00e1rea para incautaciones y un archivo general.<\/span><\/p>\n<p><span class=\"text1noticias\"> <\/span><\/p>\n<p><span class=\"text1noticias\">En el acto tambi\u00e9n particip\u00f3 la titular de la Procuradur\u00eda Especializada de Medio Ambiente y Recursos Naturales, Francia Calder\u00f3n Collado, as\u00ed como procuradores de cortes y fiscales adscritos a esa entidad, quienes tienen a cargo las labores de prevenci\u00f3n, persecuci\u00f3n y combate de los delitos ambientales.<\/span><\/p>\n<p><span class=\"text1noticias\"> <\/span><\/p>\n<p><span class=\"text1noticias\">Las nuevas oficinas tambi\u00e9n cuentan con un sal\u00f3n donde se podr\u00e1n celebrar reuniones en un ambiente m\u00e1s confortable.  Asimismo dispone de un sistema de aire acondicionado Inverter de 18000 hasta 36000 Btu, \u00e1reas de recursos humanos, un \u00e1rea de mantenimiento, dos cocinas y cuatro bloques de ba\u00f1o.<\/span><\/p>\n<p><span class=\"text1noticias\"> <\/span><\/p>\n<p><span class=\"text1noticias\">La  Procuradur\u00eda Especializada de Medio Ambiente, que anteriormente funcionaba en el antiguo edificio del Palacio de Justicia del Centro de los H\u00e9roes, tiene atribuciones y funciones que est\u00e1n consagradas en la Constituci\u00f3n de la Rep\u00fablica y la Ley de Medio Ambiente 64-00, entre las que se encuentra la de asumir las investigaciones, acusaciones y denuncias que sean recibidas en torno a los delitos de medio ambiente.<\/span><\/p>\n<p><span class=\"text1noticias\"> <\/span><\/p>\n<p><span class=\"text1noticias\">En la actividad tambi\u00e9n participaron los titulares de la Procuradur\u00eda Especializada de Persecuci\u00f3n de la Corrupci\u00f3n Administrativa (PEPCA) y de Cr\u00edmenes y Delitos de Alta Tecnolog\u00eda, Laura Guerrero y John Henry Reynoso, respectivamente; procuradores generales adjuntos, el director administrativo y financiero del Ministerio P\u00fablico, Orlando Rodr\u00edguez, y el encargado de Compras, Francis Cuevas, entre otros<\/span>.<\/p>\n<\/p>\n<h6> 2016-07-26 13:00:06 <\/h6>\n<p><!--\n<link rel=\"stylesheet\" href=\"css\/bootstrap.min.css\">\n\n\n<ul class=\"pagination\">\n\t    \n\t\n\n<li >\n\t<a href='?page_no=12364'>Previous<\/a>\n\t<\/li>\n\n\n       \n    \n\n<li><a href='?page_no=1'>1<\/a><\/li>\n\n\n\n<li><a href='?page_no=2'>2<\/a><\/li>\n\n\n\n<li><a>...<\/a><\/li>\n\n\n\n<li><a href='?page_no=12363'>12363<\/a><\/li>\n\n\n\n<li><a href='?page_no=12364'>12364<\/a><\/li>\n\n\n\n<li class='active'><a>12365<\/a><\/li>\n\n\n\n<li><a href='?page_no=12366'>12366<\/a><\/li>\n\n\n\n<li><a href='?page_no=12367'>12367<\/a><\/li>\n\n\n\n<li><a>...<\/a><\/li>\n\n\n\n<li><a href='?page_no=56169'>56169<\/a><\/li>\n\n\n\n<li><a href='?page_no=56170'>56170<\/a><\/li>\n\n    \n\t\n\n<li >\n\t<a href='?page_no=12366'>Next<\/a>\n\t<\/li>\n\n\n    \n\n<li><a href='?page_no=56170'>Last &rsaquo;&rsaquo;<\/a><\/li>\n\n<\/ul>\n\n\n--><br \/>\n<\/body><\/p>\n","protected":false},"excerpt":{"rendered":"<p>Santo Domingo, R. D., 26 de julio.- El procurador general de la Rep\u00fablica, Francisco Dom\u00ednguez Brito, puso en funcionamiento las nuevas oficinas de la Procuradur\u00eda Especializada de Medio Ambiente y los Recursos Naturales en la avenida Pasteur casi esquina George Washington, en el sector de Gascue, Distrito Nacional. La inauguraci\u00f3n del local, que fue remodelado [&hellip;]<\/p>\n","protected":false},"author":3,"featured_media":0,"comment_status":"open","ping_status":"open","sticky":false,"template":"","format":"standard","meta":{"footnotes":""},"categories":[20],"tags":[],"class_list":["post-217888","post","type-post","status-publish","format-standard","hentry","category-dominicana-hoy"],"_links":{"self":[{"href":"https:\/\/diariodominicano.com\/index.php?rest_route=\/wp\/v2\/posts\/217888","targetHints":{"allow":["GET"]}}],"collection":[{"href":"https:\/\/diariodominicano.com\/index.php?rest_route=\/wp\/v2\/posts"}],"about":[{"href":"https:\/\/diariodominicano.com\/index.php?rest_route=\/wp\/v2\/types\/post"}],"author":[{"embeddable":true,"href":"https:\/\/diariodominicano.com\/index.php?rest_route=\/wp\/v2\/users\/3"}],"replies":[{"embeddable":true,"href":"https:\/\/diariodominicano.com\/index.php?rest_route=%2Fwp%2Fv2%2Fcomments&post=217888"}],"version-history":[{"count":0,"href":"https:\/\/diariodominicano.com\/index.php?rest_route=\/wp\/v2\/posts\/217888\/revisions"}],"wp:attachment":[{"href":"https:\/\/diariodominicano.com\/index.php?rest_route=%2Fwp%2Fv2%2Fmedia&parent=217888"}],"wp:term":[{"taxonomy":"category","embeddable":true,"href":"https:\/\/diariodominicano.com\/index.php?rest_route=%2Fwp%2Fv2%2Fcategories&post=217888"},{"taxonomy":"post_tag","embeddable":true,"href":"https:\/\/diariodominicano.com\/index.php?rest_route=%2Fwp%2Fv2%2Ftags&post=217888"}],"curies":[{"name":"wp","href":"https:\/\/api.w.org\/{rel}","templated":true}]}}