{"id":217887,"date":"2016-07-26T14:35:19","date_gmt":"2016-07-26T14:35:19","guid":{"rendered":"http:\/\/diariodominicano.ddns.net\/?p=217887"},"modified":"2016-07-26T14:35:19","modified_gmt":"2016-07-26T14:35:19","slug":"mepyd-confirma-suspension-de-89-ongs","status":"publish","type":"post","link":"https:\/\/diariodominicano.com\/?p=217887","title":{"rendered":"&#13;MEPyD confirma suspensi\u00f3n de 89 ONGs"},"content":{"rendered":"<p><body><\/p>\n<p><img decoding=\"async\" src=\"img3\/monetrodosjpg.jpg\" \/>  <\/p>\n<p><span class=\"text1noticias\">  <\/span><\/p>\n<\/p>\n<p><span class=\"text1noticias\">Santo Domingo, RD, 26 de julio.-  El ministro de Econom\u00eda, Planificaci\u00f3n y Desarrollo (MEPyD), confirm\u00f3 este martes en rueda de prensa en el Palacio Nacional que recomend\u00f3 la suspensi\u00f3n cautelar  de la  entrega de fondos a 89 organizaciones sin fines de lucro (ONG) que reciben asignaciones de fondos p\u00fablicos debido a una serie de irregularidades e incumplimiento a las normas establecidas en la Ley 122-05.<\/span><\/p>\n<\/p>\n<p><span class=\"text1noticias\">Hablando en representaci\u00f3n del ministro Tem\u00edstocles Mont\u00e1s, el viceministro de Planificaci\u00f3n del MEPyD, Juan Tom\u00e1s Monegro, subray\u00f3 que todas las organizaciones de la sociedad civil registradas deben presentar sus informes de declaraci\u00f3n jurada de ingresos a la Direcci\u00f3n General de Impuestos Internos (DGII);  y que si no lo hacen su RNC son desactivados autom\u00e1ticamente, quedando imposibilitadas para recibir recursos del Estado.  <\/span><\/p>\n<\/p>\n<p><span class=\"text1noticias\">En el encuentro con la prensa, hubo representantes de entidades p\u00fablicas y privadas que integran el Centro Nacional de Fomento y Promoci\u00f3n de las Instituciones sin Fines de Lucro el (CASFL), dependencia del MEPyD que est\u00e1 a cargo del ingeniero Hern\u00e1n Paredes, quien acompa\u00f1\u00f3 al viceministro Monegro en el encuentro con los medios de comunicaci\u00f3n.<\/span><\/p>\n<\/p>\n<p><span class=\"text1noticias\"> Entre los presentes figuraron Katia Mej\u00eda,  de la Fundaci\u00f3n Sur Futuro;  Addys Then, de Alianza ONG; Graciela de la Cruz, Centro de Solidaridad para el Desarrollo de la Mujer (CE-MUJER; Jos\u00e9 Encarnaci\u00f3n, Fundaci\u00f3n Dominicana para el Desarrollo Integral (FUNDESI); Niobe Guzm\u00e1n, Ministerio de Hacienda-DIGEPRES; Mario Varela,  Procuradur\u00eda General de la Rep\u00fablica, y Giselle Scanlon, del Instituto Nacional de la Salud, inform\u00f3 la Unidad de Comunicaci\u00f3n del MEPyD.<\/span><\/p>\n<\/p>\n<p><span class=\"text1noticias\">Monegro resalt\u00f3 que la mayor\u00eda de las organizaciones de la sociedad civil que reciben fondos p\u00fablicos presentan sus informes de ejecuci\u00f3n al Gobierno Central y que el Informe de Ejecuci\u00f3n Presupuestaria 2015 la C\u00e1mara de Cuentas report\u00f3 que de 1,381 ONG que recibieron transferencias presupuestarias en ese a\u00f1o, solo 280 (1 de cada cinco) no presentaron sus informes o lo hicieron de forma parcial.  <\/span><\/p>\n<\/p>\n<p><span class=\"text1noticias\">Asimismo, agreg\u00f3 que el pasado a\u00f1o 2015, el CASFL recibi\u00f3 1,482 solicitudes de igual n\u00famero de entidades de la sociedad civil, lo que representa un 21% de las m\u00e1s de 7 mil entidades inscritas en el Registro Nacional de Habilitaci\u00f3n al 20 de junio de este a\u00f1o.<\/span><\/p>\n<\/p>\n<p><span class=\"text1noticias\">Por otro lado, Monegro anunci\u00f3 que a finales de este a\u00f1o pondr\u00e1n en funcionamiento una plataforma tecnol\u00f3gica  que modernizar\u00e1 y transparentar\u00e1 la gesti\u00f3n de fomento de las ASFL en la Rep\u00fablica Dominicana con la  interconexi\u00f3n de todos los actores p\u00fablicos y privados que intervienen en el proceso,  y facilitar\u00e1 la gesti\u00f3n y la rendici\u00f3n de cuentas.<\/span><\/p>\n<p><span class=\"text1noticias\"> <\/span><\/p>\n<p><span class=\"text1noticias\">\u00abExhortamos a que los ministerios que transfieren fondos p\u00fablicos a las ASFL a que  contribuyan con su cuota en la instalaci\u00f3n de los mecanismos de habilitaci\u00f3n de las ONG. Esto sumar\u00e1 calidad a la gesti\u00f3n y facilitar\u00e1 la rendici\u00f3n de cuentas\u00bb, expres\u00f3 a la vez que   valor\u00f3 las iniciativas voluntarias que se vienen desarrollando en las organizaciones de la sociedad civil para fomentar las buenas pr\u00e1cticas, como los Informes Colectivos de Rendici\u00f3n de Cuentas y Transparencia.<\/span><\/p>\n<h6> 2016-07-26 14:35:19 <\/h6>\n<p><!--\n<link rel=\"stylesheet\" href=\"css\/bootstrap.min.css\">\n\n\n<ul class=\"pagination\">\n\t    \n\t\n\n<li >\n\t<a href='?page_no=12363'>Previous<\/a>\n\t<\/li>\n\n\n       \n    \n\n<li><a href='?page_no=1'>1<\/a><\/li>\n\n\n\n<li><a href='?page_no=2'>2<\/a><\/li>\n\n\n\n<li><a>...<\/a><\/li>\n\n\n\n<li><a href='?page_no=12362'>12362<\/a><\/li>\n\n\n\n<li><a href='?page_no=12363'>12363<\/a><\/li>\n\n\n\n<li class='active'><a>12364<\/a><\/li>\n\n\n\n<li><a href='?page_no=12365'>12365<\/a><\/li>\n\n\n\n<li><a href='?page_no=12366'>12366<\/a><\/li>\n\n\n\n<li><a>...<\/a><\/li>\n\n\n\n<li><a href='?page_no=56169'>56169<\/a><\/li>\n\n\n\n<li><a href='?page_no=56170'>56170<\/a><\/li>\n\n    \n\t\n\n<li >\n\t<a href='?page_no=12365'>Next<\/a>\n\t<\/li>\n\n\n    \n\n<li><a href='?page_no=56170'>Last &rsaquo;&rsaquo;<\/a><\/li>\n\n<\/ul>\n\n\n--><br \/>\n<\/body><\/p>\n","protected":false},"excerpt":{"rendered":"<p>Santo Domingo, RD, 26 de julio.- El ministro de Econom\u00eda, Planificaci\u00f3n y Desarrollo (MEPyD), confirm\u00f3 este martes en rueda de prensa en el Palacio Nacional que recomend\u00f3 la suspensi\u00f3n cautelar de la entrega de fondos a 89 organizaciones sin fines de lucro (ONG) que reciben asignaciones de fondos p\u00fablicos debido a una serie de irregularidades [&hellip;]<\/p>\n","protected":false},"author":3,"featured_media":0,"comment_status":"open","ping_status":"open","sticky":false,"template":"","format":"standard","meta":{"footnotes":""},"categories":[20],"tags":[],"class_list":["post-217887","post","type-post","status-publish","format-standard","hentry","category-dominicana-hoy"],"_links":{"self":[{"href":"https:\/\/diariodominicano.com\/index.php?rest_route=\/wp\/v2\/posts\/217887","targetHints":{"allow":["GET"]}}],"collection":[{"href":"https:\/\/diariodominicano.com\/index.php?rest_route=\/wp\/v2\/posts"}],"about":[{"href":"https:\/\/diariodominicano.com\/index.php?rest_route=\/wp\/v2\/types\/post"}],"author":[{"embeddable":true,"href":"https:\/\/diariodominicano.com\/index.php?rest_route=\/wp\/v2\/users\/3"}],"replies":[{"embeddable":true,"href":"https:\/\/diariodominicano.com\/index.php?rest_route=%2Fwp%2Fv2%2Fcomments&post=217887"}],"version-history":[{"count":0,"href":"https:\/\/diariodominicano.com\/index.php?rest_route=\/wp\/v2\/posts\/217887\/revisions"}],"wp:attachment":[{"href":"https:\/\/diariodominicano.com\/index.php?rest_route=%2Fwp%2Fv2%2Fmedia&parent=217887"}],"wp:term":[{"taxonomy":"category","embeddable":true,"href":"https:\/\/diariodominicano.com\/index.php?rest_route=%2Fwp%2Fv2%2Fcategories&post=217887"},{"taxonomy":"post_tag","embeddable":true,"href":"https:\/\/diariodominicano.com\/index.php?rest_route=%2Fwp%2Fv2%2Ftags&post=217887"}],"curies":[{"name":"wp","href":"https:\/\/api.w.org\/{rel}","templated":true}]}}