{"id":217884,"date":"2016-07-27T08:57:44","date_gmt":"2016-07-27T08:57:44","guid":{"rendered":"http:\/\/diariodominicano.ddns.net\/?p=217884"},"modified":"2016-07-27T08:57:44","modified_gmt":"2016-07-27T08:57:44","slug":"presidenta-del-senado-recibe-delegacion-de-cuba","status":"publish","type":"post","link":"https:\/\/diariodominicano.com\/?p=217884","title":{"rendered":"Presidenta del Senado Recibe delegaci\u00f3n de Cuba"},"content":{"rendered":"<p><body><\/p>\n<p><img decoding=\"async\" src=\"img3\/delecion c 27-7.jpg\" \/>  <\/p>\n<p>Santo Domingo, R. D.,  27 de julio.- La presidenta del Senado, Cristina Lizardo,  recibi\u00f3 este martes en su despacho la visita de cortes\u00eda de una delegaci\u00f3n cubana, encabezada por el embajador  de ese pa\u00eds, Carlos de la Nuez, y el h\u00e9roe cubano Fernando Gonz\u00e1lez Llort,  previo a la celebraci\u00f3n en el pa\u00eds del VIII Congreso Intercontinental de Solidaridad con Cuba.<\/p>\n<\/p>\n<p>En el encuentro se rememor\u00f3 la historia de solidaridad y cooperaci\u00f3n que han caracterizado las relaciones entre los dos pueblos.<\/p>\n<\/p>\n<p>Cristina Lizardo, quien cuando fue diputada fue presidenta del Comit\u00e9 de Parlamentarios Amigos de Cuba, record\u00f3 las acciones impulsadas desde el Congreso Nacional a trav\u00e9s de la aprobaci\u00f3n de varias resoluciones \u00abpara que la solidaridad llegara hasta donde fuera posible para lograr la liberaci\u00f3n\u00bb de los 5 cubanos que estuvieron presos en Estados Unidos injustamente acusados de espionaje y conspiraci\u00f3n.<\/p>\n<\/p>\n<p>Record\u00f3 que el amor y el respeto que siente por Cuba es uno de los legados del profesor Juan Bosch, ya que fue uno de los que propici\u00f3 la formaci\u00f3n y el fortalecimiento de esos lazos de hermandad.<\/p>\n<\/p>\n<p>En tanto. Fernando Gonz\u00e1lez Llort, quien adem\u00e1s es vicepresidente del Instituto Cubano de Amistad con los Pueblos (ICAP) y uno de los h\u00e9roes cubanos que estuvo preso en Estados Unidos, resalt\u00f3 que entre los factores que contribuyeron a lograr la liberaci\u00f3n de los cinco \u00absin duda uno de ellos fue la solidaridad internacional\u00bb y destac\u00f3 de manera especial las resoluciones que fueron aprobadas tanto en la C\u00e1mara de Diputados como en el Senado de la Rep\u00fablica con ese prop\u00f3sito.<\/p>\n<\/p>\n<p>Acompa\u00f1aron a Cristina Lizardo en el recibimiento de esta visita el vocero de los senadores del Partido de la Liberaci\u00f3n Dominicana, Adriano S\u00e1nchez Roa, as\u00ed como los senadores Julio C\u00e9sar Valent\u00edn, Jos\u00e9 Rafael Vargas y Rafael Calder\u00f3n. Tambi\u00e9n estuvo presente el doctor Omar Ventura, director de Representaci\u00f3n.<\/p>\n<\/p>\n<p>Mientras que la delegaci\u00f3n cubana estuvo adem\u00e1s conformada por Kenia Serrano, presidenta del Instituto Cubano de Amistad con los Pueblos (ICAP), Roberto C\u00e9sar Hamilton, director para Am\u00e9rica Latina y el Caribe del ICAP, el H\u00e9roe Nacional Cubano, el comandante Delio G\u00f3mez Ochoa, entre otros miembros.<\/p>\n<\/p>\n<p>El evento<\/p>\n<\/p>\n<p>El VIII Congreso Intercontinental de Solidaridad con Cuba se realizar\u00e1 desde el 28 al 31 de julio en la Universidad Aut\u00f3noma de Santo Domingo.<\/p>\n<\/p>\n<p>Se espera la presencia de m\u00e1s de 230 delegados de 25 pa\u00edses y ser\u00e1 un espacio donde habr\u00e1 conferencias, talleres y encuentros que destacan la importancia de la solidaridad internacional.<\/p>\n<\/p>\n<p>Este evento que se realiza cada dos a\u00f1os es primera vez que se celebra en un pa\u00eds caribe\u00f1o. <\/p>\n<\/p>\n<h6> 2016-07-27 08:57:44 <\/h6>\n<p><!--\n<link rel=\"stylesheet\" href=\"css\/bootstrap.min.css\">\n\n\n<ul class=\"pagination\">\n\t    \n\t\n\n<li >\n\t<a href='?page_no=12360'>Previous<\/a>\n\t<\/li>\n\n\n       \n    \n\n<li><a href='?page_no=1'>1<\/a><\/li>\n\n\n\n<li><a href='?page_no=2'>2<\/a><\/li>\n\n\n\n<li><a>...<\/a><\/li>\n\n\n\n<li><a href='?page_no=12359'>12359<\/a><\/li>\n\n\n\n<li><a href='?page_no=12360'>12360<\/a><\/li>\n\n\n\n<li class='active'><a>12361<\/a><\/li>\n\n\n\n<li><a href='?page_no=12362'>12362<\/a><\/li>\n\n\n\n<li><a href='?page_no=12363'>12363<\/a><\/li>\n\n\n\n<li><a>...<\/a><\/li>\n\n\n\n<li><a href='?page_no=56169'>56169<\/a><\/li>\n\n\n\n<li><a href='?page_no=56170'>56170<\/a><\/li>\n\n    \n\t\n\n<li >\n\t<a href='?page_no=12362'>Next<\/a>\n\t<\/li>\n\n\n    \n\n<li><a href='?page_no=56170'>Last &rsaquo;&rsaquo;<\/a><\/li>\n\n<\/ul>\n\n\n--><br \/>\n<\/body><\/p>\n","protected":false},"excerpt":{"rendered":"<p>Santo Domingo, R. D., 27 de julio.- La presidenta del Senado, Cristina Lizardo, recibi\u00f3 este martes en su despacho la visita de cortes\u00eda de una delegaci\u00f3n cubana, encabezada por el embajador de ese pa\u00eds, Carlos de la Nuez, y el h\u00e9roe cubano Fernando Gonz\u00e1lez Llort, previo a la celebraci\u00f3n en el pa\u00eds del VIII Congreso [&hellip;]<\/p>\n","protected":false},"author":3,"featured_media":0,"comment_status":"open","ping_status":"open","sticky":false,"template":"","format":"standard","meta":{"footnotes":""},"categories":[20],"tags":[],"class_list":["post-217884","post","type-post","status-publish","format-standard","hentry","category-dominicana-hoy"],"_links":{"self":[{"href":"https:\/\/diariodominicano.com\/index.php?rest_route=\/wp\/v2\/posts\/217884","targetHints":{"allow":["GET"]}}],"collection":[{"href":"https:\/\/diariodominicano.com\/index.php?rest_route=\/wp\/v2\/posts"}],"about":[{"href":"https:\/\/diariodominicano.com\/index.php?rest_route=\/wp\/v2\/types\/post"}],"author":[{"embeddable":true,"href":"https:\/\/diariodominicano.com\/index.php?rest_route=\/wp\/v2\/users\/3"}],"replies":[{"embeddable":true,"href":"https:\/\/diariodominicano.com\/index.php?rest_route=%2Fwp%2Fv2%2Fcomments&post=217884"}],"version-history":[{"count":0,"href":"https:\/\/diariodominicano.com\/index.php?rest_route=\/wp\/v2\/posts\/217884\/revisions"}],"wp:attachment":[{"href":"https:\/\/diariodominicano.com\/index.php?rest_route=%2Fwp%2Fv2%2Fmedia&parent=217884"}],"wp:term":[{"taxonomy":"category","embeddable":true,"href":"https:\/\/diariodominicano.com\/index.php?rest_route=%2Fwp%2Fv2%2Fcategories&post=217884"},{"taxonomy":"post_tag","embeddable":true,"href":"https:\/\/diariodominicano.com\/index.php?rest_route=%2Fwp%2Fv2%2Ftags&post=217884"}],"curies":[{"name":"wp","href":"https:\/\/api.w.org\/{rel}","templated":true}]}}