{"id":217883,"date":"2016-07-27T09:27:20","date_gmt":"2016-07-27T09:27:20","guid":{"rendered":"http:\/\/diariodominicano.ddns.net\/?p=217883"},"modified":"2016-07-27T09:27:20","modified_gmt":"2016-07-27T09:27:20","slug":"inician-charlas-de-orientacion-y-educacion-a-la-comunidad","status":"publish","type":"post","link":"https:\/\/diariodominicano.com\/?p=217883","title":{"rendered":"Inician charlas de orientaci\u00f3n y educacion a la comunidad"},"content":{"rendered":"<p><body><\/p>\n<p><img decoding=\"async\" src=\"img3\/jubal 27-7.jpg\" \/>  <\/p>\n<p>Barahona, R. D., 27 de julio.- La procuradur\u00eda fiscal de este distrito judicial y la fundaci\u00f3n J\u00f3venes  Barahoneros con Liderazgos (JOBAL), iniciaron la campa\u00f1a de orientaci\u00f3n y educaci\u00f3n acerca de la violencia intrafamiliar, violencia de g\u00e9nero y el maltrato infantil en la comunidad de Batey Bombita de este municipio de Barahona.<\/p>\n<\/p>\n<p>La charla estuvo a cargo del facilitador y procurador fiscal Freddy Ismael Garc\u00eda Melo, quien expuso de forma magistral acerca de los da\u00f1os morales, emocionales y materiales que produce la violencia contra la mujer y el maltrato infantil.<\/p>\n<\/p>\n<p>Garc\u00eda Melo llam\u00f3 a los presentes a tomar conciencia y pensar antes de cometer una acci\u00f3n violente contra su pareja o contra cualquier mujer, porque esto adem\u00e1s provocar situaciones lamentables, deja huellas y traumas dif\u00edciles de superar a las v\u00edctimas.<\/p>\n<\/p>\n<p>En la actividad los j\u00f3venes de la Fundaci\u00f3n JOBAL, tambi\u00e9n expresaron su parecer sobre el tema y llamaron a que todos podemos lograr tener una sociedad de paz y tranquilidad, sin violencia, sin maltrato a la mujer y a los ni\u00f1os y ni\u00f1as.<\/p>\n<\/p>\n<p>En la misma participaron decenas de mujeres y hombres de la comunidad, quienes se mostraron atentos a cada explicaci\u00f3n.<\/p>\n<\/p>\n<p>Por su parte el fiscal titular de este distrito judicial Yv\u00e1n Ariel G\u00f3mez Rubio, hizo un llamado a todas las fuerzas vivas y la sociedad en sentido general a que se integren a esta jornada para todos juntos unir fuerzas y erradicar la violencia contra la mujer y el maltrato infantil, precis\u00f3 el fiscal.<\/p>\n<h6> 2016-07-27 09:27:20 <\/h6>\n<p><!--\n<link rel=\"stylesheet\" href=\"css\/bootstrap.min.css\">\n\n\n<ul class=\"pagination\">\n\t    \n\t\n\n<li >\n\t<a href='?page_no=12359'>Previous<\/a>\n\t<\/li>\n\n\n       \n    \n\n<li><a href='?page_no=1'>1<\/a><\/li>\n\n\n\n<li><a href='?page_no=2'>2<\/a><\/li>\n\n\n\n<li><a>...<\/a><\/li>\n\n\n\n<li><a href='?page_no=12358'>12358<\/a><\/li>\n\n\n\n<li><a href='?page_no=12359'>12359<\/a><\/li>\n\n\n\n<li class='active'><a>12360<\/a><\/li>\n\n\n\n<li><a href='?page_no=12361'>12361<\/a><\/li>\n\n\n\n<li><a href='?page_no=12362'>12362<\/a><\/li>\n\n\n\n<li><a>...<\/a><\/li>\n\n\n\n<li><a href='?page_no=56169'>56169<\/a><\/li>\n\n\n\n<li><a href='?page_no=56170'>56170<\/a><\/li>\n\n    \n\t\n\n<li >\n\t<a href='?page_no=12361'>Next<\/a>\n\t<\/li>\n\n\n    \n\n<li><a href='?page_no=56170'>Last &rsaquo;&rsaquo;<\/a><\/li>\n\n<\/ul>\n\n\n--><br \/>\n<\/body><\/p>\n","protected":false},"excerpt":{"rendered":"<p>Barahona, R. D., 27 de julio.- La procuradur\u00eda fiscal de este distrito judicial y la fundaci\u00f3n J\u00f3venes Barahoneros con Liderazgos (JOBAL), iniciaron la campa\u00f1a de orientaci\u00f3n y educaci\u00f3n acerca de la violencia intrafamiliar, violencia de g\u00e9nero y el maltrato infantil en la comunidad de Batey Bombita de este municipio de Barahona. La charla estuvo a [&hellip;]<\/p>\n","protected":false},"author":3,"featured_media":0,"comment_status":"open","ping_status":"open","sticky":false,"template":"","format":"standard","meta":{"footnotes":""},"categories":[20],"tags":[],"class_list":["post-217883","post","type-post","status-publish","format-standard","hentry","category-dominicana-hoy"],"_links":{"self":[{"href":"https:\/\/diariodominicano.com\/index.php?rest_route=\/wp\/v2\/posts\/217883","targetHints":{"allow":["GET"]}}],"collection":[{"href":"https:\/\/diariodominicano.com\/index.php?rest_route=\/wp\/v2\/posts"}],"about":[{"href":"https:\/\/diariodominicano.com\/index.php?rest_route=\/wp\/v2\/types\/post"}],"author":[{"embeddable":true,"href":"https:\/\/diariodominicano.com\/index.php?rest_route=\/wp\/v2\/users\/3"}],"replies":[{"embeddable":true,"href":"https:\/\/diariodominicano.com\/index.php?rest_route=%2Fwp%2Fv2%2Fcomments&post=217883"}],"version-history":[{"count":0,"href":"https:\/\/diariodominicano.com\/index.php?rest_route=\/wp\/v2\/posts\/217883\/revisions"}],"wp:attachment":[{"href":"https:\/\/diariodominicano.com\/index.php?rest_route=%2Fwp%2Fv2%2Fmedia&parent=217883"}],"wp:term":[{"taxonomy":"category","embeddable":true,"href":"https:\/\/diariodominicano.com\/index.php?rest_route=%2Fwp%2Fv2%2Fcategories&post=217883"},{"taxonomy":"post_tag","embeddable":true,"href":"https:\/\/diariodominicano.com\/index.php?rest_route=%2Fwp%2Fv2%2Ftags&post=217883"}],"curies":[{"name":"wp","href":"https:\/\/api.w.org\/{rel}","templated":true}]}}