{"id":217881,"date":"2016-07-27T10:30:41","date_gmt":"2016-07-27T10:30:41","guid":{"rendered":"http:\/\/diariodominicano.ddns.net\/?p=217881"},"modified":"2016-07-27T10:30:41","modified_gmt":"2016-07-27T10:30:41","slug":"realizaran-seminario-internacional-sobre-calidad-y-la-mejora-continua","status":"publish","type":"post","link":"https:\/\/diariodominicano.com\/?p=217881","title":{"rendered":"Realizar\u00e1n Seminario internacional sobre calidad y la mejora continua"},"content":{"rendered":"<p><body><\/p>\n<p><img decoding=\"async\" src=\"img3\/seminario s 27-7.jpg\" \/>  <\/p>\n<p><span class=\"text1noticias\">Santiago, R. D., 27 de julio.- El director de la Fundaci\u00f3n Iberoamericana de la Calidad (DUNDIBEQ), Juan Lu\u00eds Mart\u00edn Cuesta, el especialista en Gesti\u00f3n P\u00fablica para Am\u00e9rica Latina y el Caribe  de la Organizaci\u00f3n de Estados Americanos (OEA), Hugo J. Inga Huamancaja, Sa\u00fal Abreu, quien dirige la Asociaci\u00f3n para el Desarrollo Incorporada (APEDI), el ministro Ram\u00f3n Ventura Camejo y otros expertos, expondr\u00e1n este jueves en Santiago, en un Seminario internacional titulado, Los premios a la calidad y la mejora continua, organizado por el Ministerio de Administraci\u00f3n P\u00fablica (MAP).<\/span><\/p>\n<p><span class=\"text1noticias\"> <\/span><\/p>\n<p><span class=\"text1noticias\">Las inscripciones de los participantes para el evento comenzar\u00e1n a las 9:00 de la ma\u00f1ana en el Auditorio Ciencias  de la Salud,  de la Pontificia Universidad Cat\u00f3lica Madre y Maestra (PUCMM). <\/span><\/p>\n<p><span class=\"text1noticias\"> <\/span><\/p>\n<p><span class=\"text1noticias\"> Ser\u00e1 una actividad previa a la entrega de los galardones de Oro, Plata y Bronce, de la tercera versi\u00f3n del Premio Provincial a la Calidad de Santiago, que ser\u00e1 realizado, este viernes a partir de las 10:00 de la ma\u00f1ana, en el Teatro de la PUCMM, actividad a la cual est\u00e1 invitado el Presidente Danilo Medina S\u00e1nchez.    <\/span><\/p>\n<p><span class=\"text1noticias\"> <\/span><\/p>\n<p><span class=\"text1noticias\">Todos esos esfuerzos, desarrollados por el MAP, instituciones empresariales, acad\u00e9micas, profesionales, de la sociedad civil y otros sectores, tienen como objetivo principal convertir a Santiago en la provincia de los mejores servicios p\u00fablicos de Am\u00e9rica Central y el Caribe. <\/span><\/p>\n<p><span class=\"text1noticias\"> <\/span><\/p>\n<p><span class=\"text1noticias\">La cooperaci\u00f3n empresarial y otros sectores se registra a nivel nacional,  seg\u00fan lo informado por el periodista Lu\u00eds C\u00e9spedes Pe\u00f1a; a ambas actividades est\u00e1n invitados los comunicadores.  <\/span><\/p>\n<p><span class=\"text1noticias\">  <\/span><\/p>\n<p><span class=\"text1noticias\">En el importante evento pronunciar\u00e1  una conferencia Chanel Rosa, director del Seguro Nacional de Salud (SENASA), ganador de Premio Iberoamericano de la Calidad 2015 y el Gran Nacional a la Calidad en el 2014. Tambi\u00e9n hab\u00eda ganado Medalla de  Plata.<\/span><\/p>\n<p><span class=\"text1noticias\">  <\/span><\/p>\n<p><span class=\"text1noticias\">En el desarrollo del seminario, habr\u00e1 un panel titulado: Los Premios a la calidad: herramienta impulsadora de mejores servicios p\u00fablicos, con la moderaci\u00f3n  de Sa\u00fal Abreu, director de la APEDI. Los representantes de la OEA y la FUNDIBEQ, tambi\u00e9n participar\u00e1n como panelistas.<\/span><\/p>\n<p><span class=\"text1noticias\">  <\/span><\/p>\n<p><span class=\"text1noticias\">El alcalde San Jos\u00e9 de las Matas, Jorge Lu\u00eds Bison\u00f3, moderar\u00e1 un conversatorio que ser\u00e1 desarrollado sobre la Importancia de las postulaciones a los Premios a la Calidad del MAP, con el objetivo de logro de mejora continua de los servicios p\u00fablicos.<\/span><\/p>\n<p><span class=\"text1noticias\"> <\/span><\/p>\n<p><span class=\"text1noticias\">Contar\u00e1 con la participaci\u00f3n de representantes de instituciones ganadoras de Medalla de Oro de las versiones 2014 y 2015, del Premio  Provincial a la Calidad de Santiago. Figuran  Ysmailin Collado, directora del Distrito Educativo 08-04, Mar\u00eda Zunilda N\u00fa\u00f1ez, quien dirige el Centro de Investigaciones Biom\u00e9- dicas y Cl\u00ednicas,  Mar\u00eda A. Santos, directora del Polit\u00e9cnico Nuestra Se\u00f1ora de las Mercedes, y Mar\u00eda T. Vel\u00e1zquez, encargada de Recursos Humanos  de la Regional  Norte de la Oficina Nacional de la Propiedad Industrial (ONAPI).<\/span><\/p>\n<p><span class=\"text1noticias\"> <\/span><\/p>\n<p><span class=\"text1noticias\">La ceremonia de entrega de la tercera edici\u00f3n del Premio Provincial a la Calidad de Santiago, culmina un amplio calendario que incluy\u00f3 un per\u00edodo de capacitaci\u00f3n a los postulantes, entrega de documentos y su revisi\u00f3n, entre otras actividades.<\/span><\/p>\n<p><span class=\"text1noticias\"> <\/span><\/p>\n<p><span class=\"text1noticias\">En los esfuerzos del Gobierno Dominicano, a trav\u00e9s del MAP, para mejorar la calidad de los servicios p\u00fablicos, colaboran  t\u00e9cnicamente la Uni\u00f3n Europea, la OEA, FUNDIBEQ, la  Rep\u00fablica de Corea, el Banco Interamericano de Desarrollo (BID), Estados Unidos y otras naciones, como Espa\u00f1a, relaciones logradas por el ministro del MAP, a trav\u00e9s de sus viajes internacionales buscando las mejores pr\u00e1cticas de  los diferentes Estados para ser aplicadas en el pa\u00eds.  <\/span><\/p>\n<h6> 2016-07-27 10:30:41 <\/h6>\n<p><!--\n<link rel=\"stylesheet\" href=\"css\/bootstrap.min.css\">\n\n\n<ul class=\"pagination\">\n\t    \n\t\n\n<li >\n\t<a href='?page_no=12358'>Previous<\/a>\n\t<\/li>\n\n\n       \n    \n\n<li><a href='?page_no=1'>1<\/a><\/li>\n\n\n\n<li><a href='?page_no=2'>2<\/a><\/li>\n\n\n\n<li><a>...<\/a><\/li>\n\n\n\n<li><a href='?page_no=12357'>12357<\/a><\/li>\n\n\n\n<li><a href='?page_no=12358'>12358<\/a><\/li>\n\n\n\n<li class='active'><a>12359<\/a><\/li>\n\n\n\n<li><a href='?page_no=12360'>12360<\/a><\/li>\n\n\n\n<li><a href='?page_no=12361'>12361<\/a><\/li>\n\n\n\n<li><a>...<\/a><\/li>\n\n\n\n<li><a href='?page_no=56169'>56169<\/a><\/li>\n\n\n\n<li><a href='?page_no=56170'>56170<\/a><\/li>\n\n    \n\t\n\n<li >\n\t<a href='?page_no=12360'>Next<\/a>\n\t<\/li>\n\n\n    \n\n<li><a href='?page_no=56170'>Last &rsaquo;&rsaquo;<\/a><\/li>\n\n<\/ul>\n\n\n--><br \/>\n<\/body><\/p>\n","protected":false},"excerpt":{"rendered":"<p>Santiago, R. D., 27 de julio.- El director de la Fundaci\u00f3n Iberoamericana de la Calidad (DUNDIBEQ), Juan Lu\u00eds Mart\u00edn Cuesta, el especialista en Gesti\u00f3n P\u00fablica para Am\u00e9rica Latina y el Caribe de la Organizaci\u00f3n de Estados Americanos (OEA), Hugo J. Inga Huamancaja, Sa\u00fal Abreu, quien dirige la Asociaci\u00f3n para el Desarrollo Incorporada (APEDI), el ministro [&hellip;]<\/p>\n","protected":false},"author":3,"featured_media":0,"comment_status":"open","ping_status":"open","sticky":false,"template":"","format":"standard","meta":{"footnotes":""},"categories":[20],"tags":[],"class_list":["post-217881","post","type-post","status-publish","format-standard","hentry","category-dominicana-hoy"],"_links":{"self":[{"href":"https:\/\/diariodominicano.com\/index.php?rest_route=\/wp\/v2\/posts\/217881","targetHints":{"allow":["GET"]}}],"collection":[{"href":"https:\/\/diariodominicano.com\/index.php?rest_route=\/wp\/v2\/posts"}],"about":[{"href":"https:\/\/diariodominicano.com\/index.php?rest_route=\/wp\/v2\/types\/post"}],"author":[{"embeddable":true,"href":"https:\/\/diariodominicano.com\/index.php?rest_route=\/wp\/v2\/users\/3"}],"replies":[{"embeddable":true,"href":"https:\/\/diariodominicano.com\/index.php?rest_route=%2Fwp%2Fv2%2Fcomments&post=217881"}],"version-history":[{"count":0,"href":"https:\/\/diariodominicano.com\/index.php?rest_route=\/wp\/v2\/posts\/217881\/revisions"}],"wp:attachment":[{"href":"https:\/\/diariodominicano.com\/index.php?rest_route=%2Fwp%2Fv2%2Fmedia&parent=217881"}],"wp:term":[{"taxonomy":"category","embeddable":true,"href":"https:\/\/diariodominicano.com\/index.php?rest_route=%2Fwp%2Fv2%2Fcategories&post=217881"},{"taxonomy":"post_tag","embeddable":true,"href":"https:\/\/diariodominicano.com\/index.php?rest_route=%2Fwp%2Fv2%2Ftags&post=217881"}],"curies":[{"name":"wp","href":"https:\/\/api.w.org\/{rel}","templated":true}]}}