{"id":217878,"date":"2016-07-27T14:51:04","date_gmt":"2016-07-27T14:51:04","guid":{"rendered":"http:\/\/diariodominicano.ddns.net\/?p=217878"},"modified":"2016-07-27T14:51:04","modified_gmt":"2016-07-27T14:51:04","slug":"regularizaran-transito-en-el-municipio-de-barahona","status":"publish","type":"post","link":"https:\/\/diariodominicano.com\/?p=217878","title":{"rendered":"Regularizar\u00e1n tr\u00e1nsito en el municipio de Barahona"},"content":{"rendered":"<p><body><\/p>\n<p><img decoding=\"async\" src=\"img3\/ae92ced3-12de-449e-a1f3-a10040dacd22.jpg\" \/>  <\/p>\n<p><span class=\"text1noticias\">Barahona, R.D., 27 de julio.- La Autoridad Metropolitana de Transporte (AMET), en colaboraci\u00f3n con la Alcald\u00eda Municipal y el apoyo de la Gobernaci\u00f3n Provincial de esta localidad, iniciar\u00e1n un proceso de regularizaci\u00f3n y organizaci\u00f3n del tr\u00e1nsito de aqu\u00ed. <\/span><\/p>\n<\/p>\n<p><span class=\"text1noticias\">En una rueda de prensa ofrecida por el Director de la AMET, General de Brigada Frener Bello Arias, el Alcalde Municipal Noel Octavio Suberv\u00ed Nin (Tavito), el Gobernador Pedro Pe\u00f1a Rubio y el Director de la Junta Distrital de Villa Central, se dieron a conocer las diferentes rutas donde existen problemas viales en el tr\u00e1nsito urbano, lo que afecta a la circulaci\u00f3n o desplazamiento de veh\u00edculos y el paso de los transe\u00fantes.<\/span><\/p>\n<\/p>\n<p><span class=\"text1noticias\">Entre los principales caminos que ser\u00e1n intervenida est\u00e1n, la Avenida Casandra Damir\u00f3n, Luis Eduardo del Monde, General Antonio Duverge, Mar\u00eda Montez, Acanona con Padre Billini, en especial donde est\u00e1n las tres esquinas de Jacobo, entre otras. <\/span><\/p>\n<\/p>\n<p><span class=\"text1noticias\">Por su parte el gobernador Pedro Pe\u00f1a Rubio, dijo que Barahona se encamina al desarrollo y organizaci\u00f3n por lo que es de suma importancia que se ponga a funcionar un transporte urbano por parte del gobierno, para brindar un servicio m\u00e1s fluido m\u00e1s seguro y con confortable a los ciudadanos.<\/span><\/p>\n<\/p>\n<p><span class=\"text1noticias\">En tanto que el Alcalde Municipal Tavito Suberv\u00ed, agradeci\u00f3 el apoyo del Director de la AMET, por la iniciativa y llam\u00f3 a que todos juntos aporten su granito de arena para solucionar el problema del tr\u00e1nsito sin represi\u00f3n, ni violentar derechos de los ciudadanos, <\/span><\/p>\n<\/p>\n<p><span class=\"text1noticias\">En este sentido espec\u00edfico lo que se busca es vivir en un municipio mejor organizado donde todos estemos m\u00e1s c\u00f3modo y acorde con las autoridades.<\/span><\/p>\n<\/p>\n<p><span class=\"text1noticias\">De su lado Frender Bello dijo que tanto la AMET como la alcald\u00eda municipal trabajar\u00e1n de manera coordinada en este proceso por lo que pidieron a la colaboraci\u00f3n de todos los sectores organizados de la ciudad.<\/span><\/p>\n<\/p>\n<\/p>\n<\/p>\n<\/p>\n<h6> 2016-07-27 14:51:04 <\/h6>\n<p><!--\n<link rel=\"stylesheet\" href=\"css\/bootstrap.min.css\">\n\n\n<ul class=\"pagination\">\n\t    \n\t\n\n<li >\n\t<a href='?page_no=12355'>Previous<\/a>\n\t<\/li>\n\n\n       \n    \n\n<li><a href='?page_no=1'>1<\/a><\/li>\n\n\n\n<li><a href='?page_no=2'>2<\/a><\/li>\n\n\n\n<li><a>...<\/a><\/li>\n\n\n\n<li><a href='?page_no=12354'>12354<\/a><\/li>\n\n\n\n<li><a href='?page_no=12355'>12355<\/a><\/li>\n\n\n\n<li class='active'><a>12356<\/a><\/li>\n\n\n\n<li><a href='?page_no=12357'>12357<\/a><\/li>\n\n\n\n<li><a href='?page_no=12358'>12358<\/a><\/li>\n\n\n\n<li><a>...<\/a><\/li>\n\n\n\n<li><a href='?page_no=56169'>56169<\/a><\/li>\n\n\n\n<li><a href='?page_no=56170'>56170<\/a><\/li>\n\n    \n\t\n\n<li >\n\t<a href='?page_no=12357'>Next<\/a>\n\t<\/li>\n\n\n    \n\n<li><a href='?page_no=56170'>Last &rsaquo;&rsaquo;<\/a><\/li>\n\n<\/ul>\n\n\n--><br \/>\n<\/body><\/p>\n","protected":false},"excerpt":{"rendered":"<p>Barahona, R.D., 27 de julio.- La Autoridad Metropolitana de Transporte (AMET), en colaboraci\u00f3n con la Alcald\u00eda Municipal y el apoyo de la Gobernaci\u00f3n Provincial de esta localidad, iniciar\u00e1n un proceso de regularizaci\u00f3n y organizaci\u00f3n del tr\u00e1nsito de aqu\u00ed. En una rueda de prensa ofrecida por el Director de la AMET, General de Brigada Frener Bello [&hellip;]<\/p>\n","protected":false},"author":3,"featured_media":0,"comment_status":"open","ping_status":"open","sticky":false,"template":"","format":"standard","meta":{"footnotes":""},"categories":[20],"tags":[],"class_list":["post-217878","post","type-post","status-publish","format-standard","hentry","category-dominicana-hoy"],"_links":{"self":[{"href":"https:\/\/diariodominicano.com\/index.php?rest_route=\/wp\/v2\/posts\/217878","targetHints":{"allow":["GET"]}}],"collection":[{"href":"https:\/\/diariodominicano.com\/index.php?rest_route=\/wp\/v2\/posts"}],"about":[{"href":"https:\/\/diariodominicano.com\/index.php?rest_route=\/wp\/v2\/types\/post"}],"author":[{"embeddable":true,"href":"https:\/\/diariodominicano.com\/index.php?rest_route=\/wp\/v2\/users\/3"}],"replies":[{"embeddable":true,"href":"https:\/\/diariodominicano.com\/index.php?rest_route=%2Fwp%2Fv2%2Fcomments&post=217878"}],"version-history":[{"count":0,"href":"https:\/\/diariodominicano.com\/index.php?rest_route=\/wp\/v2\/posts\/217878\/revisions"}],"wp:attachment":[{"href":"https:\/\/diariodominicano.com\/index.php?rest_route=%2Fwp%2Fv2%2Fmedia&parent=217878"}],"wp:term":[{"taxonomy":"category","embeddable":true,"href":"https:\/\/diariodominicano.com\/index.php?rest_route=%2Fwp%2Fv2%2Fcategories&post=217878"},{"taxonomy":"post_tag","embeddable":true,"href":"https:\/\/diariodominicano.com\/index.php?rest_route=%2Fwp%2Fv2%2Ftags&post=217878"}],"curies":[{"name":"wp","href":"https:\/\/api.w.org\/{rel}","templated":true}]}}