{"id":217877,"date":"2016-07-27T15:01:20","date_gmt":"2016-07-27T15:01:20","guid":{"rendered":"http:\/\/diariodominicano.ddns.net\/?p=217877"},"modified":"2016-07-27T15:01:20","modified_gmt":"2016-07-27T15:01:20","slug":"publican-documento-sobre-politica-nacional-de-cambio-climatico","status":"publish","type":"post","link":"https:\/\/diariodominicano.com\/?p=217877","title":{"rendered":"Publican documento sobre Pol\u00edtica Nacional de Cambio Clim\u00e1tico&#13;"},"content":{"rendered":"<p><body><\/p>\n<p><img decoding=\"async\" src=\"img3\/49cf3fab-d7fa-4733-bf01-9eff5fcbbf36.jpg\" \/>  <\/p>\n<p><span class=\"text1noticias\">Santo Domingo, R.D., 27 de julio.- El Gobierno present\u00f3 este mi\u00e9rcoles el documento que compendia la sistematizaci\u00f3n de la Pol\u00edtica Nacional de Cambio Clim\u00e1tico, proceso que sienta las bases para la elaboraci\u00f3n de una estrategia de cambio clim\u00e1tico de largo plazo para Rep\u00fablica Dominicana.<\/span><\/p>\n<\/p>\n<p><span class=\"text1noticias\">La presentaci\u00f3n de la publicaci\u00f3n se realiz\u00f3 en el sal\u00f3n Verde del Palacio Nacional, actividad que estuvo encabezada por el viceministro de Planificaci\u00f3n del Ministerio de Econom\u00eda, Planificaci\u00f3n y Desarrollo (MEPyD), Juan T. Monegro; la viceministra de Coordinaci\u00f3n y Gesti\u00f3n Gubernamental, Zoraima Cuello; el vicepresidente ejecutivo del Consejo Nacional para el Cambio Clim\u00e1tico y el Mecanismo de Desarrollo Limpio (CNCCMDL), Omar Ram\u00edrez Tejada, y el representante residente del Programa de las Naciones Unidas para el Desarrollo (PNUD), Lorenzo Jim\u00e9nez de Luis.<\/span><\/p>\n<\/p>\n<p><span class=\"text1noticias\">La Pol\u00edtica Nacional de Cambio Clim\u00e1tico traza una hoja de ruta para fomentar las acciones que en materia institucional de adaptaci\u00f3n y mitigaci\u00f3n al cambio clim\u00e1tico se implementan en el pa\u00eds, y contribuir\u00e1 a consolidar el proceso de articulaci\u00f3n de esas acciones con medidas concretas y efectivas y con la participaci\u00f3n de los actores sociales.<\/span><\/p>\n<\/p>\n<p><span class=\"text1noticias\">El proceso inici\u00f3 en 2012, con la participaci\u00f3n activa de las instituciones del Gobierno, de representantes de la sociedad civil organizada, del sector privado y de la academia, tomando como marco la visi\u00f3n diagn\u00f3stica de la realidad clim\u00e1tica y ambiental del pa\u00eds y el marco de objetivos, metas y pol\u00edticas p\u00fablicas relativas al tema contenidos en la Estrategia Nacional de Desarrollo (END 2030) y del Plan Nacional Plurianual del Sector P\u00fablico.<\/span><\/p>\n<\/p>\n<p><span class=\"text1noticias\">Adem\u00e1s, el documento contentivo de la sistematizaci\u00f3n de la Pol\u00edtica Nacional de Cambio Clim\u00e1tico es presentado por la Comisi\u00f3n Nacional para el Desarrollo Sostenible como un producto que est\u00e1 en l\u00ednea con la adaptaci\u00f3n a la agenda nacional de los objetivos y metas de la Agenda 2030 para el Desarrollo Sostenible, conocida como la Agenda ODS. <\/span><\/p>\n<\/p>\n<p><span class=\"text1noticias\">Uno de los temas pilares de la Agenda ODS es \u00abProteger el planeta, luchar contra el cambio clim\u00e1tico y hacer un uso sostenible de los recursos naturales, y proteger los oc\u00e9anos\u00bb. A este pilar est\u00e1n articulados los objetivos 6, 7, 13, 14 y 15 de la Agenda ODS, con 40 del total de 169 metas que contiene dicha Agenda.  <\/span><\/p>\n<\/p>\n<p><span class=\"text1noticias\">En el proceso formulaci\u00f3n de la Pol\u00edtica Nacional de Cambio Clim\u00e1tico fueron presentados vac\u00edos y puntos de entrada para la incorporaci\u00f3n de la adaptaci\u00f3n y la mitigaci\u00f3n del cambio clim\u00e1tico en la agenda nacional, y se trabaj\u00f3 en una propuesta de Pol\u00edtica Nacional de Cambio Clim\u00e1tico que fue avalada como tal por el Ministerio de Econom\u00eda, Planificaci\u00f3n y Desarrollo. La Pol\u00edtica fue oficializada y promulgada por el Decreto No. 269-15. <\/span><\/p>\n<\/p>\n<p><span class=\"text1noticias\">El documento de sistematizaci\u00f3n del proceso de elaboraci\u00f3n de la Pol\u00edtica Nacional de Cambio Clim\u00e1tico se realiz\u00f3 con el apoyo del PNUD, a trav\u00e9s de la Unidad de Medio Ambiente y Energ\u00eda Renovable, que procura el fortalecimiento de las capacidades nacionales en Rep\u00fablica Dominicana a fin de alcanzar un desarrollo sostenible compatible con el clima.<\/span><\/p>\n<\/p>\n<p><span class=\"text1noticias\">En cuanto al siguiente paso, que ser\u00e1 la formulaci\u00f3n de la Estrategia Nacional de Cambio Clim\u00e1tico, estar\u00e1 basada en los compromisos establecidos bajo los acuerdos internacionales de los cuales el pa\u00eds es signatario, en el marco legal e institucional vigente y en los instrumentos del Sistema Nacional de Planificaci\u00f3n e Inversi\u00f3n P\u00fablica. En adici\u00f3n, tomar\u00e1n en cuenta las proyecciones de cambio clim\u00e1tico que determinar\u00e1n el quehacer de las instituciones que conforman el CNCCMDL.<\/span><\/p>\n<h6> 2016-07-27 15:01:20 <\/h6>\n<p><!--\n<link rel=\"stylesheet\" href=\"css\/bootstrap.min.css\">\n\n\n<ul class=\"pagination\">\n\t    \n\t\n\n<li >\n\t<a href='?page_no=12354'>Previous<\/a>\n\t<\/li>\n\n\n       \n    \n\n<li><a href='?page_no=1'>1<\/a><\/li>\n\n\n\n<li><a href='?page_no=2'>2<\/a><\/li>\n\n\n\n<li><a>...<\/a><\/li>\n\n\n\n<li><a href='?page_no=12353'>12353<\/a><\/li>\n\n\n\n<li><a href='?page_no=12354'>12354<\/a><\/li>\n\n\n\n<li class='active'><a>12355<\/a><\/li>\n\n\n\n<li><a href='?page_no=12356'>12356<\/a><\/li>\n\n\n\n<li><a href='?page_no=12357'>12357<\/a><\/li>\n\n\n\n<li><a>...<\/a><\/li>\n\n\n\n<li><a href='?page_no=56169'>56169<\/a><\/li>\n\n\n\n<li><a href='?page_no=56170'>56170<\/a><\/li>\n\n    \n\t\n\n<li >\n\t<a href='?page_no=12356'>Next<\/a>\n\t<\/li>\n\n\n    \n\n<li><a href='?page_no=56170'>Last &rsaquo;&rsaquo;<\/a><\/li>\n\n<\/ul>\n\n\n--><br \/>\n<\/body><\/p>\n","protected":false},"excerpt":{"rendered":"<p>Santo Domingo, R.D., 27 de julio.- El Gobierno present\u00f3 este mi\u00e9rcoles el documento que compendia la sistematizaci\u00f3n de la Pol\u00edtica Nacional de Cambio Clim\u00e1tico, proceso que sienta las bases para la elaboraci\u00f3n de una estrategia de cambio clim\u00e1tico de largo plazo para Rep\u00fablica Dominicana. La presentaci\u00f3n de la publicaci\u00f3n se realiz\u00f3 en el sal\u00f3n Verde [&hellip;]<\/p>\n","protected":false},"author":3,"featured_media":0,"comment_status":"open","ping_status":"open","sticky":false,"template":"","format":"standard","meta":{"footnotes":""},"categories":[20],"tags":[],"class_list":["post-217877","post","type-post","status-publish","format-standard","hentry","category-dominicana-hoy"],"_links":{"self":[{"href":"https:\/\/diariodominicano.com\/index.php?rest_route=\/wp\/v2\/posts\/217877","targetHints":{"allow":["GET"]}}],"collection":[{"href":"https:\/\/diariodominicano.com\/index.php?rest_route=\/wp\/v2\/posts"}],"about":[{"href":"https:\/\/diariodominicano.com\/index.php?rest_route=\/wp\/v2\/types\/post"}],"author":[{"embeddable":true,"href":"https:\/\/diariodominicano.com\/index.php?rest_route=\/wp\/v2\/users\/3"}],"replies":[{"embeddable":true,"href":"https:\/\/diariodominicano.com\/index.php?rest_route=%2Fwp%2Fv2%2Fcomments&post=217877"}],"version-history":[{"count":0,"href":"https:\/\/diariodominicano.com\/index.php?rest_route=\/wp\/v2\/posts\/217877\/revisions"}],"wp:attachment":[{"href":"https:\/\/diariodominicano.com\/index.php?rest_route=%2Fwp%2Fv2%2Fmedia&parent=217877"}],"wp:term":[{"taxonomy":"category","embeddable":true,"href":"https:\/\/diariodominicano.com\/index.php?rest_route=%2Fwp%2Fv2%2Fcategories&post=217877"},{"taxonomy":"post_tag","embeddable":true,"href":"https:\/\/diariodominicano.com\/index.php?rest_route=%2Fwp%2Fv2%2Ftags&post=217877"}],"curies":[{"name":"wp","href":"https:\/\/api.w.org\/{rel}","templated":true}]}}