{"id":217876,"date":"2016-07-27T15:30:21","date_gmt":"2016-07-27T15:30:21","guid":{"rendered":"http:\/\/diariodominicano.ddns.net\/?p=217876"},"modified":"2016-07-27T15:30:21","modified_gmt":"2016-07-27T15:30:21","slug":"dan-a-conocer-coalicion-por-el-desarrollo-fronterizo-codefro","status":"publish","type":"post","link":"https:\/\/diariodominicano.com\/?p=217876","title":{"rendered":"Dan a conocer  Coalici\u00f3n por el Desarrollo Fronterizo (CODEFRO)"},"content":{"rendered":"<p><body><\/p>\n<p><img decoding=\"async\" src=\"img3\/1f5e955f-cbe2-4b5c-9159-8c01acbacbfd.jpg\" \/>  <\/p>\n<p><span class=\"text1noticias\">Dajab\u00f3n, R.D., 27 de julio.- Dan a conocer la Coalici\u00f3n por el Desarrollo Fronterizo (CODEFRO),la cual es una organizaci\u00f3n conformada por diversas entidades que nace para trabajar a favor del desarrollo integral y sostenible de la frontera.<\/span><\/p>\n<\/p>\n<p><span class=\"text1noticias\">Seg\u00fan el sacerdote jesuita Mario Serrano, en esta nueva instituci\u00f3n se encuentra entidades religiosas, sociales, econ\u00f3micas y educativas, que aspiran a que la regi\u00f3n fronteriza, tanto Rep\u00fablica Dominicana como Hait\u00ed, mejoren la calidad de vida de sus habitantes.<\/span><\/p>\n<\/p>\n<p><span class=\"text1noticias\">Mario Serrano, explic\u00f3 que el primer proceso de esta coalici\u00f3n es hacer que la lucha sea de todos, y que por tanto el primer paso que se ha dado ha sido tratar de integrar a todos los sectores.<\/span><\/p>\n<\/p>\n<p><span class=\"text1noticias\">Manifest\u00f3 que muchas de las luchas no llegan alcanzar sus objetivos, porque muchas veces se inicia una acci\u00f3n sin tener un proceso estrat\u00e9gico a corto, mediano y largo plazo, ni una estrategia que le permita permanecer en el tiempo de manera sostenible, \u00abPor eso nosotros henos decidido desarrollar un proceso sin prisa pero sin pausa\u00bb, dijo.<\/span><\/p>\n<\/p>\n<p><span class=\"text1noticias\">Expres\u00f3 que los grandes problemas que tiene el municipio de Dajab\u00f3n y la frontera, no son peque\u00f1os, son complejos.<\/span><\/p>\n<\/p>\n<p><span class=\"text1noticias\">Dijo Adem\u00e1s,  que esta coalici\u00f3n quiere desarrollar una lucha estrat\u00e9gica y organizada y que para ello, dentro de la misma se han conformado diferentes comisiones, como son la de Organizaci\u00f3n y Coordinaci\u00f3n, Comisi\u00f3n de An\u00e1lisis, Comisi\u00f3n de Comunicaci\u00f3n y Una comisi\u00f3n de Finanza.   <\/span><\/p>\n<\/p>\n<p><span class=\"text1noticias\">En lo inmediato la Coalici\u00f3n por el Desarrollo Fronterizo (CODEFRO), asume como primer plan de trabajo todo lo relativo a la ley 285-04, y su reglamento 631-11, sobre Migraci\u00f3n, que establece la movilidad del habitante transfronterizo entre las comunidades lim\u00edtrofes de la frontera.<\/span><\/p>\n<\/p>\n<h6> 2016-07-27 15:30:21 <\/h6>\n<p><!--\n<link rel=\"stylesheet\" href=\"css\/bootstrap.min.css\">\n\n\n<ul class=\"pagination\">\n\t    \n\t\n\n<li >\n\t<a href='?page_no=12353'>Previous<\/a>\n\t<\/li>\n\n\n       \n    \n\n<li><a href='?page_no=1'>1<\/a><\/li>\n\n\n\n<li><a href='?page_no=2'>2<\/a><\/li>\n\n\n\n<li><a>...<\/a><\/li>\n\n\n\n<li><a href='?page_no=12352'>12352<\/a><\/li>\n\n\n\n<li><a href='?page_no=12353'>12353<\/a><\/li>\n\n\n\n<li class='active'><a>12354<\/a><\/li>\n\n\n\n<li><a href='?page_no=12355'>12355<\/a><\/li>\n\n\n\n<li><a href='?page_no=12356'>12356<\/a><\/li>\n\n\n\n<li><a>...<\/a><\/li>\n\n\n\n<li><a href='?page_no=56169'>56169<\/a><\/li>\n\n\n\n<li><a href='?page_no=56170'>56170<\/a><\/li>\n\n    \n\t\n\n<li >\n\t<a href='?page_no=12355'>Next<\/a>\n\t<\/li>\n\n\n    \n\n<li><a href='?page_no=56170'>Last &rsaquo;&rsaquo;<\/a><\/li>\n\n<\/ul>\n\n\n--><br \/>\n<\/body><\/p>\n","protected":false},"excerpt":{"rendered":"<p>Dajab\u00f3n, R.D., 27 de julio.- Dan a conocer la Coalici\u00f3n por el Desarrollo Fronterizo (CODEFRO),la cual es una organizaci\u00f3n conformada por diversas entidades que nace para trabajar a favor del desarrollo integral y sostenible de la frontera. Seg\u00fan el sacerdote jesuita Mario Serrano, en esta nueva instituci\u00f3n se encuentra entidades religiosas, sociales, econ\u00f3micas y educativas, [&hellip;]<\/p>\n","protected":false},"author":3,"featured_media":0,"comment_status":"open","ping_status":"open","sticky":false,"template":"","format":"standard","meta":{"footnotes":""},"categories":[20],"tags":[],"class_list":["post-217876","post","type-post","status-publish","format-standard","hentry","category-dominicana-hoy"],"_links":{"self":[{"href":"https:\/\/diariodominicano.com\/index.php?rest_route=\/wp\/v2\/posts\/217876","targetHints":{"allow":["GET"]}}],"collection":[{"href":"https:\/\/diariodominicano.com\/index.php?rest_route=\/wp\/v2\/posts"}],"about":[{"href":"https:\/\/diariodominicano.com\/index.php?rest_route=\/wp\/v2\/types\/post"}],"author":[{"embeddable":true,"href":"https:\/\/diariodominicano.com\/index.php?rest_route=\/wp\/v2\/users\/3"}],"replies":[{"embeddable":true,"href":"https:\/\/diariodominicano.com\/index.php?rest_route=%2Fwp%2Fv2%2Fcomments&post=217876"}],"version-history":[{"count":0,"href":"https:\/\/diariodominicano.com\/index.php?rest_route=\/wp\/v2\/posts\/217876\/revisions"}],"wp:attachment":[{"href":"https:\/\/diariodominicano.com\/index.php?rest_route=%2Fwp%2Fv2%2Fmedia&parent=217876"}],"wp:term":[{"taxonomy":"category","embeddable":true,"href":"https:\/\/diariodominicano.com\/index.php?rest_route=%2Fwp%2Fv2%2Fcategories&post=217876"},{"taxonomy":"post_tag","embeddable":true,"href":"https:\/\/diariodominicano.com\/index.php?rest_route=%2Fwp%2Fv2%2Ftags&post=217876"}],"curies":[{"name":"wp","href":"https:\/\/api.w.org\/{rel}","templated":true}]}}