{"id":217874,"date":"2016-07-27T16:27:23","date_gmt":"2016-07-27T16:27:23","guid":{"rendered":"http:\/\/diariodominicano.ddns.net\/?p=217874"},"modified":"2016-07-27T16:27:23","modified_gmt":"2016-07-27T16:27:23","slug":"estudiantes-meritorios-de-origen-dominicano-en-espana-visitan-pd","status":"publish","type":"post","link":"https:\/\/diariodominicano.com\/?p=217874","title":{"rendered":"Estudiantes meritorios de origen dominicano en Espa\u00f1a visitan PD&#13;"},"content":{"rendered":"<p><body><\/p>\n<p><img decoding=\"async\" src=\"img3\/b0318506-d6ef-483e-9267-9f2b7526cf87.jpg\" \/><br \/><img decoding=\"async\" src=\"img3\/3a2713ec-95c5-4198-9d90-9cea9c1f8176.jpg\" \/>  <\/p>\n<p><span class=\"text1noticias\">Santo Domingo, R.D., 27 de julio.-La Primera Dama C\u00e1ndida Montilla de Medina recibi\u00f3 este mi\u00e9rcoles a un grupo de estudiantes dominicanos que  obtuvieron el Premio al M\u00e9rito Escolar 2015 en Espa\u00f1a, donde residen.<\/span><\/p>\n<\/p>\n<p><span class=\"text1noticias\">Montilla de Medina comparti\u00f3 impresiones con los j\u00f3venes, en el Sal\u00f3n Galer\u00eda de Primeras Damas, donde se produjo el encuentro.<\/span><\/p>\n<\/p>\n<p><span class=\"text1noticias\">Los J\u00f3venes estuvieron acompa\u00f1ados por el embajador dominicano en Espa\u00f1a, An\u00edbal de Castro,  y la ministra consejera, encargada de Asuntos sociales de esa misi\u00f3n diplom\u00e1tica, Clara Morel.<\/span><\/p>\n<\/p>\n<p><span class=\"text1noticias\">Tambi\u00e9n figur\u00f3 en la comitiva Raquel Alvarez, en representaci\u00f3n de la directora de Relaciones Internacionales del Ministerio de Educaci\u00f3n del pa\u00eds, Rita Guzm\u00e1n Ceballos.<\/span><\/p>\n<\/p>\n<p><span class=\"text1noticias\">La Primera Dama  Montilla de Medina exhort\u00f3 a los j\u00f3venes  a continuar su formaci\u00f3n acad\u00e9mica, para que sigan cosechando \u00e9xitos y, adem\u00e1s, les entreg\u00f3 un presente.<\/span><\/p>\n<\/p>\n<p><span class=\"text1noticias\">Los alumnos meritorios recibidos por Montilla de Medina son  Ada Marte Mesa, Rachel P\u00e9rez Sierra, Dowin  Felipe Vargas, Priscila V\u00e1squez Hidalgo y Maryi Mart\u00ednez Pimentel.<\/span><\/p>\n<\/p>\n<p><span class=\"text1noticias\">Adem\u00e1s, Yaima Langom\u00e1s Valenzuela, Sonia Ang\u00e9lica Romero Roque, Raymelin Rodr\u00edguez Abr\u00e9u, Emiliany Mercedes Germ\u00e1n y Chantal J\u00e1quez Medrano. <\/span><\/p>\n<\/p>\n<p><span class=\"text1noticias\">Entre los estudiantes dominicanos meritorios en Espa\u00f1a figura tambi\u00e9n Felipe Vargas, quien es el \u00fanico var\u00f3n,  pero no pudo viajar al pa\u00eds,  por razones ajenas a su voluntad.<\/span><\/p>\n<\/p>\n<p><span class=\"text1noticias\">El Premio al M\u00e9rito Escolar es una iniciativa de la Embajada dominicana en Espa\u00f1a y  cuenta con el apoyo de los ministerios de Educaci\u00f3n, Relaciones Exteriores, Turismo y Cultura, as\u00ed como  del Despacho de la Primera Dama.<\/span><\/p>\n<\/p>\n<p><span class=\"text1noticias\">El reconocimiento busca promover la integraci\u00f3n de los alumnos criollos en las instituciones educativas y en la sociedad, as\u00ed como  fortalecer sus v\u00ednculos con su pa\u00eds de origen.<\/span><\/p>\n<\/p>\n<p><span class=\"text1noticias\">Montilla de Medina estuvo  junto a Martha Rodr\u00edguez de B\u00e1ez, coordinadora T\u00e9cnica y Miguel Reyes S\u00e1nchez, asesor en materia internacional de su Despacho.<\/span><\/p>\n<\/p>\n<p><span class=\"text1noticias\">El encuentro incluy\u00f3 fotograf\u00edas; risas y conversatorios sobre c\u00f3mo se sienten los j\u00f3venes en su pa\u00eds de origen, as\u00ed como preguntas en torno a las carreras que elegir\u00e1n en el futuro.<\/span><\/p>\n<\/p>\n<p><span class=\"text1noticias\">Luego de compartir con los estudiantes dominicanos residentes en Espa\u00f1a, la Primera Dama Montilla de Medina recibi\u00f3 en su despacho a los artistas criollos Johnny Ventura y Amaury S\u00e1nchez, acompa\u00f1ados de Juan Jos\u00e9 Ventura, quienes le giraron una visita de cortes\u00eda.<\/span><\/p>\n<\/p>\n<\/p>\n<h6> 2016-07-27 16:27:23 <\/h6>\n<p><!--\n<link rel=\"stylesheet\" href=\"css\/bootstrap.min.css\">\n\n\n<ul class=\"pagination\">\n\t    \n\t\n\n<li >\n\t<a href='?page_no=12351'>Previous<\/a>\n\t<\/li>\n\n\n       \n    \n\n<li><a href='?page_no=1'>1<\/a><\/li>\n\n\n\n<li><a href='?page_no=2'>2<\/a><\/li>\n\n\n\n<li><a>...<\/a><\/li>\n\n\n\n<li><a href='?page_no=12350'>12350<\/a><\/li>\n\n\n\n<li><a href='?page_no=12351'>12351<\/a><\/li>\n\n\n\n<li class='active'><a>12352<\/a><\/li>\n\n\n\n<li><a href='?page_no=12353'>12353<\/a><\/li>\n\n\n\n<li><a href='?page_no=12354'>12354<\/a><\/li>\n\n\n\n<li><a>...<\/a><\/li>\n\n\n\n<li><a href='?page_no=56169'>56169<\/a><\/li>\n\n\n\n<li><a href='?page_no=56170'>56170<\/a><\/li>\n\n    \n\t\n\n<li >\n\t<a href='?page_no=12353'>Next<\/a>\n\t<\/li>\n\n\n    \n\n<li><a href='?page_no=56170'>Last &rsaquo;&rsaquo;<\/a><\/li>\n\n<\/ul>\n\n\n--><br \/>\n<\/body><\/p>\n","protected":false},"excerpt":{"rendered":"<p>Santo Domingo, R.D., 27 de julio.-La Primera Dama C\u00e1ndida Montilla de Medina recibi\u00f3 este mi\u00e9rcoles a un grupo de estudiantes dominicanos que obtuvieron el Premio al M\u00e9rito Escolar 2015 en Espa\u00f1a, donde residen. Montilla de Medina comparti\u00f3 impresiones con los j\u00f3venes, en el Sal\u00f3n Galer\u00eda de Primeras Damas, donde se produjo el encuentro. Los J\u00f3venes [&hellip;]<\/p>\n","protected":false},"author":3,"featured_media":0,"comment_status":"open","ping_status":"open","sticky":false,"template":"","format":"standard","meta":{"footnotes":""},"categories":[20],"tags":[],"class_list":["post-217874","post","type-post","status-publish","format-standard","hentry","category-dominicana-hoy"],"_links":{"self":[{"href":"https:\/\/diariodominicano.com\/index.php?rest_route=\/wp\/v2\/posts\/217874","targetHints":{"allow":["GET"]}}],"collection":[{"href":"https:\/\/diariodominicano.com\/index.php?rest_route=\/wp\/v2\/posts"}],"about":[{"href":"https:\/\/diariodominicano.com\/index.php?rest_route=\/wp\/v2\/types\/post"}],"author":[{"embeddable":true,"href":"https:\/\/diariodominicano.com\/index.php?rest_route=\/wp\/v2\/users\/3"}],"replies":[{"embeddable":true,"href":"https:\/\/diariodominicano.com\/index.php?rest_route=%2Fwp%2Fv2%2Fcomments&post=217874"}],"version-history":[{"count":0,"href":"https:\/\/diariodominicano.com\/index.php?rest_route=\/wp\/v2\/posts\/217874\/revisions"}],"wp:attachment":[{"href":"https:\/\/diariodominicano.com\/index.php?rest_route=%2Fwp%2Fv2%2Fmedia&parent=217874"}],"wp:term":[{"taxonomy":"category","embeddable":true,"href":"https:\/\/diariodominicano.com\/index.php?rest_route=%2Fwp%2Fv2%2Fcategories&post=217874"},{"taxonomy":"post_tag","embeddable":true,"href":"https:\/\/diariodominicano.com\/index.php?rest_route=%2Fwp%2Fv2%2Ftags&post=217874"}],"curies":[{"name":"wp","href":"https:\/\/api.w.org\/{rel}","templated":true}]}}