{"id":217873,"date":"2016-07-27T16:49:25","date_gmt":"2016-07-27T16:49:25","guid":{"rendered":"http:\/\/diariodominicano.ddns.net\/?p=217873"},"modified":"2016-07-27T16:49:25","modified_gmt":"2016-07-27T16:49:25","slug":"cei-rd-expone-logros-en-almuerzo-de-adoexpo","status":"publish","type":"post","link":"https:\/\/diariodominicano.com\/?p=217873","title":{"rendered":"CEI-RD expone logros en almuerzo de ADOEXPO"},"content":{"rendered":"<p><body><\/p>\n<p><img decoding=\"async\" src=\"img3\/752b5e87-7723-4224-b6d8-61f9234a53e8.jpg\" \/>  <\/p>\n<p><strong><span class=\"text1noticias\">Santo Domingo, R.D., 27 de julio. &#8211;<\/span><\/strong><span class=\"text1noticias\">La Asociaci\u00f3n Dominicana de Exportadores (ADOEXPO) celebr\u00f3 su almuerzo anual, en el sal\u00f3n Garden Tent del Hotel Embajador, contando con el Director Ejecutivo del Centro de Exportaci\u00f3n e Inversi\u00f3n de la Rep\u00fablica Dominicana (CEI-RD), Jean Rodr\u00edguez como orador principal, con la conferencia titulada: \u00abHecho en RD: Promoviendo las Exportaciones Dominicanas\u00bb.<\/span><\/p>\n<p><span class=\"text1noticias\"> <\/span><\/p>\n<p><span class=\"text1noticias\">El presidente de ADOEXPO, \u00c1lvaro Sousa, indic\u00f3 que el pa\u00eds necesita continuar ampliando los mercados a los que tiene acceso as\u00ed como diversificando la oferta exportable, al tiempo que destac\u00f3 que \u00ablos m\u00e1s beneficiados de las labores de promoci\u00f3n y capacitaci\u00f3n realizadas por el CEI-RD son los peque\u00f1os y medianos exportadores, y esto es exactamente lo que nuestro pa\u00eds requiere, nuevas empresas exportadoras que puedan progresar.\u00bb<\/span><\/p>\n<p><span class=\"text1noticias\"> <\/span><\/p>\n<p><span class=\"text1noticias\">En su alocuci\u00f3n central, el director del CEI-RD, Jean Rodr\u00edguez, destac\u00f3 la labor del Gobierno realizada durante estos 4 a\u00f1os a favor del sector, incluyendo haber quintuplicado las capacitaciones anuales, y duplicado la asistencia a ferias promocionales. Resalt\u00f3 tambi\u00e9n el gran y positivo impacto de la Feria RD Exporta, celebrada en Sansouc\u00ed el pasado mes, en la que se concertaron m\u00e1s de 3,900 reuniones de negocios que resultaron en USD$ 522 MM.<\/span><\/p>\n<\/p>\n<p><span class=\"text1noticias\"> <\/span><\/p>\n<p><span class=\"text1noticias\">Rodr\u00edguez destac\u00f3 los datos publicados por la CEPAL, el Banco Central y el CEI-RD, que demuestran que las exportaciones dominicanas aumentaron cerca de un 14% en los \u00faltimos cuatro a\u00f1os, pasando de US$8,361.6 millones de d\u00f3lares en el a\u00f1o 2011, a US$9,523.3 millones durante el a\u00f1o 2015, y marcando un contraste significativo con todas las regiones del mundo y con el promedio global.<\/span><\/p>\n<p><span class=\"text1noticias\"> <\/span><\/p>\n<p><span class=\"text1noticias\">En ese sentido, seg\u00fan datos de la OMC, en los \u00faltimos 4 a\u00f1os, Norteam\u00e9rica no vio crecer sus exportaciones sustancialmente y Asia, el gran exportador del mundo, present\u00f3 una reducci\u00f3n en sus exportaciones. En el mismo quatrenio, \u00c1frica sufri\u00f3 una ca\u00edda de m\u00e1s de un 36%, al tiempo que Europa cay\u00f3 en m\u00e1s de un 10 y Am\u00e9rica Central y Suram\u00e9rica se desplomaron con una reducci\u00f3n de casi un 30%. Similarmente, los pa\u00edses del CARICOM han sufrido una baja de casi un 39%. A nivel global, el promedio mundial muestra una baja de m\u00e1s de un 10%.<\/span><\/p>\n<p><span class=\"text1noticias\"> <\/span><\/p>\n<p><span class=\"text1noticias\">expres\u00f3, que los cigarros hechos a m\u00e1quina pasaron de US$ 9,124,323.74 en el 2011 a US$ 441,513,479.96 en el 2015, para un aumento de un 4,738.9%; las chinolas de un US$ 42,607.59 en el 2011 a US$ 651,940.12 en el 2015, para un incremento de un 1430.1%.<\/span><\/p>\n<p><span class=\"text1noticias\"> <\/span><\/p>\n<p><span class=\"text1noticias\">De igual forma, los jengibres pasaron de US$ 18,028.85 en el 2011 a US$110,503.03 en el 2015, para un aumento de un 512.9%; el tabaco tipo capa para cigarros pas\u00f3 de US$ 5,171,090.00 en el 2011 a US$ 23,810,847.15 en el 2015, para un incremento de un 360.5%.<\/span><\/p>\n<p><span class=\"text1noticias\"> <\/span><\/p>\n<p><span class=\"text1noticias\">Los mangos pasaron de US$ 6,852,658.24 en el 2011 a US$ 15,772,755.74 en el 2015, para un aumento de un 130.2%; las pi\u00f1as de un US$ 3,268,774.38 en el 2011 a US$ 5,019,405.47 en el 2015, para un incremento de un 53.6%. Los bananos pasaron de US$ 156,558,581.38 en el 2011 a US$ 226,565,376.09 en el 2015, para un aumento de un 44.7%; el cacao en grano pas\u00f3 de US$ 175,620,911.43 en el 2011 a US$ 250,384,392.68 en el 2015, para un incremento de un 42.6%.<\/span><\/p>\n<p><span class=\"text1noticias\"> <\/span><\/p>\n<p><span class=\"text1noticias\">Finalmente, las batatas pasaron de US$ 4,657,316.09 en el 2011 a US$ 5,906,887.45 en el 2015, para un aumento de un 26.8%; y el cemento gris pas\u00f3 de US$ 77,925,971.65 en el 2011 a US$ 90,170,776.81 en el 2015, para un incremento de un 15.7%.<\/span><\/p>\n<h6> 2016-07-27 16:49:25 <\/h6>\n<p><!--\n<link rel=\"stylesheet\" href=\"css\/bootstrap.min.css\">\n\n\n<ul class=\"pagination\">\n\t    \n\t\n\n<li >\n\t<a href='?page_no=12350'>Previous<\/a>\n\t<\/li>\n\n\n       \n    \n\n<li><a href='?page_no=1'>1<\/a><\/li>\n\n\n\n<li><a href='?page_no=2'>2<\/a><\/li>\n\n\n\n<li><a>...<\/a><\/li>\n\n\n\n<li><a href='?page_no=12349'>12349<\/a><\/li>\n\n\n\n<li><a href='?page_no=12350'>12350<\/a><\/li>\n\n\n\n<li class='active'><a>12351<\/a><\/li>\n\n\n\n<li><a href='?page_no=12352'>12352<\/a><\/li>\n\n\n\n<li><a href='?page_no=12353'>12353<\/a><\/li>\n\n\n\n<li><a>...<\/a><\/li>\n\n\n\n<li><a href='?page_no=56169'>56169<\/a><\/li>\n\n\n\n<li><a href='?page_no=56170'>56170<\/a><\/li>\n\n    \n\t\n\n<li >\n\t<a href='?page_no=12352'>Next<\/a>\n\t<\/li>\n\n\n    \n\n<li><a href='?page_no=56170'>Last &rsaquo;&rsaquo;<\/a><\/li>\n\n<\/ul>\n\n\n--><br \/>\n<\/body><\/p>\n","protected":false},"excerpt":{"rendered":"<p>Santo Domingo, R.D., 27 de julio. &#8211;La Asociaci\u00f3n Dominicana de Exportadores (ADOEXPO) celebr\u00f3 su almuerzo anual, en el sal\u00f3n Garden Tent del Hotel Embajador, contando con el Director Ejecutivo del Centro de Exportaci\u00f3n e Inversi\u00f3n de la Rep\u00fablica Dominicana (CEI-RD), Jean Rodr\u00edguez como orador principal, con la conferencia titulada: \u00abHecho en RD: Promoviendo las Exportaciones [&hellip;]<\/p>\n","protected":false},"author":3,"featured_media":0,"comment_status":"open","ping_status":"open","sticky":false,"template":"","format":"standard","meta":{"footnotes":""},"categories":[20],"tags":[],"class_list":["post-217873","post","type-post","status-publish","format-standard","hentry","category-dominicana-hoy"],"_links":{"self":[{"href":"https:\/\/diariodominicano.com\/index.php?rest_route=\/wp\/v2\/posts\/217873","targetHints":{"allow":["GET"]}}],"collection":[{"href":"https:\/\/diariodominicano.com\/index.php?rest_route=\/wp\/v2\/posts"}],"about":[{"href":"https:\/\/diariodominicano.com\/index.php?rest_route=\/wp\/v2\/types\/post"}],"author":[{"embeddable":true,"href":"https:\/\/diariodominicano.com\/index.php?rest_route=\/wp\/v2\/users\/3"}],"replies":[{"embeddable":true,"href":"https:\/\/diariodominicano.com\/index.php?rest_route=%2Fwp%2Fv2%2Fcomments&post=217873"}],"version-history":[{"count":0,"href":"https:\/\/diariodominicano.com\/index.php?rest_route=\/wp\/v2\/posts\/217873\/revisions"}],"wp:attachment":[{"href":"https:\/\/diariodominicano.com\/index.php?rest_route=%2Fwp%2Fv2%2Fmedia&parent=217873"}],"wp:term":[{"taxonomy":"category","embeddable":true,"href":"https:\/\/diariodominicano.com\/index.php?rest_route=%2Fwp%2Fv2%2Fcategories&post=217873"},{"taxonomy":"post_tag","embeddable":true,"href":"https:\/\/diariodominicano.com\/index.php?rest_route=%2Fwp%2Fv2%2Ftags&post=217873"}],"curies":[{"name":"wp","href":"https:\/\/api.w.org\/{rel}","templated":true}]}}