{"id":217872,"date":"2016-07-28T08:26:32","date_gmt":"2016-07-28T08:26:32","guid":{"rendered":"http:\/\/diariodominicano.ddns.net\/?p=217872"},"modified":"2016-07-28T08:26:32","modified_gmt":"2016-07-28T08:26:32","slug":"obras-publicas-dona-tanques-para-basura-en-playas","status":"publish","type":"post","link":"https:\/\/diariodominicano.com\/?p=217872","title":{"rendered":"Obras P\u00fablicas dona tanques para basura en playas"},"content":{"rendered":"<p><body><\/p>\n<p><img decoding=\"async\" src=\"img3\/tanques 28-7.jpg\" \/>  <\/p>\n<p><span class=\"text1noticias\">Barahona, R. D., 28 de julio.-  El ministerio de Obras P\u00fablicas  y Comunicaciones (MOPC) don\u00f3 decenas  de tanques para el dep\u00f3sito de basura a la Asociaci\u00f3n de Comerciantes  de las playas El Quemaito y Bahoruco de la zona costera de esta provincia.<\/span><\/p>\n<p><span class=\"text1noticias\"> <\/span><\/p>\n<p><span class=\"text1noticias\">Los tanques fueron entregados por  el director regional  de la instituci\u00f3n Carlos Garc\u00eda L\u00f3pez, quien dijo que los tanques est\u00e1n clasificados para depositar desechos org\u00e1nicos, papel y pl\u00e1sticos.<\/span><\/p>\n<p><span class=\"text1noticias\"> <\/span><\/p>\n<p><span class=\"text1noticias\">El  presidente de la Asociaci\u00f3n de Comerciantes de El Quemaito, Julio F\u00e9liz Cuevas (Jul\u00edn), agradeci\u00f3 el donativo hecho por Obras P\u00fablicas.<\/span><\/p>\n<p><span class=\"text1noticias\"> <\/span><\/p>\n<p><span class=\"text1noticias\">Entrega de playas<\/span><\/p>\n<p><span class=\"text1noticias\"> <\/span><\/p>\n<p><span class=\"text1noticias\">La instituci\u00f3n hizo entrega al ministerio de Turismo de las playas El Quemaito y Bahoruco, las cuales fueron rehabilitadas por brigadas de Obras P\u00fablicas  donde se realizar\u00e1  este fin de semana el III triatl\u00f3n. <\/span><\/p>\n<p><span class=\"text1noticias\"> <\/span><\/p>\n<p><span class=\"text1noticias\">XTERRA.<\/span><\/p>\n<p><span class=\"text1noticias\"> <\/span><\/p>\n<p><span class=\"text1noticias\">El director regional de Obras P\u00fablicas, Carlos Garc\u00eda L\u00f3pez, entreg\u00f3 los balnearios rehabilitados al director regional de Turismo, Jos\u00e9 Santana, y a la Asociaci\u00f3n de Comerciantes de El Quemaito.<\/span><\/p>\n<p><span class=\"text1noticias\"> <\/span><\/p>\n<p><span class=\"text1noticias\">Garc\u00eda Lopez, dijo  que pesar  que concluyeron la primera etapa de limpieza, los trabajos continuar\u00e1n en las dem\u00e1s playas de la costa.<\/span><\/p>\n<p><span class=\"text1noticias\"> <\/span><\/p>\n<p><span class=\"text1noticias\">A la actividad asistieron el director de la Unidad de Combate Contra Plagas, Abel Tejada, en representaci\u00f3n del ingeniero Douglas Borrell, encargado del Programa de Mantenimiento de Carreteras del MOPC y Jacobo Mateo Hijo de Relaciones P\u00fablicas.<\/span><\/p>\n<p><span class=\"text1noticias\"> <\/span><\/p>\n<p><span class=\"text1noticias\">Adem\u00e1s por el Cluster Turistico, Emy Morgan, el presidente Asociaci\u00f3n de Comerciantes de El Quemaito, Julio F\u00e9liz Cuevas (Jul\u00edn).<\/span><\/p>\n<p><span class=\"text1noticias\"> <\/span><\/p>\n<p><span class=\"text1noticias\">Tambien el encargado de la Comisi\u00f3n Militar y Policial de la zona Barahona- Pedernales, mayor P\u00e9rez Medina y el teniente coronel Medrano Castro encargado de la regi\u00f3n Sur de la Comisi\u00f3n Vial del MOPC, por la Polic\u00eda Nacional, el teniente coronel Ricardo Alc\u00e1ntara y por  el Cuerpo Especializado de Seguridad Tur\u00edstica, el capit\u00e1n Julio Aramis de<\/span> la Cruz.<\/p>\n<h6> 2016-07-28 08:26:32 <\/h6>\n<p><!--\n<link rel=\"stylesheet\" href=\"css\/bootstrap.min.css\">\n\n\n<ul class=\"pagination\">\n\t    \n\t\n\n<li >\n\t<a href='?page_no=12349'>Previous<\/a>\n\t<\/li>\n\n\n       \n    \n\n<li><a href='?page_no=1'>1<\/a><\/li>\n\n\n\n<li><a href='?page_no=2'>2<\/a><\/li>\n\n\n\n<li><a>...<\/a><\/li>\n\n\n\n<li><a href='?page_no=12348'>12348<\/a><\/li>\n\n\n\n<li><a href='?page_no=12349'>12349<\/a><\/li>\n\n\n\n<li class='active'><a>12350<\/a><\/li>\n\n\n\n<li><a href='?page_no=12351'>12351<\/a><\/li>\n\n\n\n<li><a href='?page_no=12352'>12352<\/a><\/li>\n\n\n\n<li><a>...<\/a><\/li>\n\n\n\n<li><a href='?page_no=56169'>56169<\/a><\/li>\n\n\n\n<li><a href='?page_no=56170'>56170<\/a><\/li>\n\n    \n\t\n\n<li >\n\t<a href='?page_no=12351'>Next<\/a>\n\t<\/li>\n\n\n    \n\n<li><a href='?page_no=56170'>Last &rsaquo;&rsaquo;<\/a><\/li>\n\n<\/ul>\n\n\n--><br \/>\n<\/body><\/p>\n","protected":false},"excerpt":{"rendered":"<p>Barahona, R. D., 28 de julio.- El ministerio de Obras P\u00fablicas y Comunicaciones (MOPC) don\u00f3 decenas de tanques para el dep\u00f3sito de basura a la Asociaci\u00f3n de Comerciantes de las playas El Quemaito y Bahoruco de la zona costera de esta provincia. Los tanques fueron entregados por el director regional de la instituci\u00f3n Carlos Garc\u00eda [&hellip;]<\/p>\n","protected":false},"author":3,"featured_media":0,"comment_status":"open","ping_status":"open","sticky":false,"template":"","format":"standard","meta":{"footnotes":""},"categories":[20],"tags":[],"class_list":["post-217872","post","type-post","status-publish","format-standard","hentry","category-dominicana-hoy"],"_links":{"self":[{"href":"https:\/\/diariodominicano.com\/index.php?rest_route=\/wp\/v2\/posts\/217872","targetHints":{"allow":["GET"]}}],"collection":[{"href":"https:\/\/diariodominicano.com\/index.php?rest_route=\/wp\/v2\/posts"}],"about":[{"href":"https:\/\/diariodominicano.com\/index.php?rest_route=\/wp\/v2\/types\/post"}],"author":[{"embeddable":true,"href":"https:\/\/diariodominicano.com\/index.php?rest_route=\/wp\/v2\/users\/3"}],"replies":[{"embeddable":true,"href":"https:\/\/diariodominicano.com\/index.php?rest_route=%2Fwp%2Fv2%2Fcomments&post=217872"}],"version-history":[{"count":0,"href":"https:\/\/diariodominicano.com\/index.php?rest_route=\/wp\/v2\/posts\/217872\/revisions"}],"wp:attachment":[{"href":"https:\/\/diariodominicano.com\/index.php?rest_route=%2Fwp%2Fv2%2Fmedia&parent=217872"}],"wp:term":[{"taxonomy":"category","embeddable":true,"href":"https:\/\/diariodominicano.com\/index.php?rest_route=%2Fwp%2Fv2%2Fcategories&post=217872"},{"taxonomy":"post_tag","embeddable":true,"href":"https:\/\/diariodominicano.com\/index.php?rest_route=%2Fwp%2Fv2%2Ftags&post=217872"}],"curies":[{"name":"wp","href":"https:\/\/api.w.org\/{rel}","templated":true}]}}