{"id":217870,"date":"2016-07-28T08:34:49","date_gmt":"2016-07-28T08:34:49","guid":{"rendered":"http:\/\/diariodominicano.ddns.net\/?p=217870"},"modified":"2016-07-28T08:34:49","modified_gmt":"2016-07-28T08:34:49","slug":"comienza-viii-encuentro-continental-de-solidaridad-con-cuba","status":"publish","type":"post","link":"https:\/\/diariodominicano.com\/?p=217870","title":{"rendered":"Comienza VIII Encuentro Continental de Solidaridad con Cuba"},"content":{"rendered":"<p><body><\/p>\n<p><img decoding=\"async\" src=\"img3\/Solid-cuba.jpg\" \/>  <\/p>\n<p><span class=\"text1noticias\">Santo Domingo, 28 jul (PL) El VIII Encuentro Continental de Solidaridad con Cuba comienza hoy en Rep\u00fablica Dominicana con la presencia de cientos de delegados de 24 pa\u00edses.<\/span><\/p>\n<p><span class=\"text1noticias\"> <\/span><\/p>\n<p><span class=\"text1noticias\">Se trata de un evento organizado por la Campa\u00f1a Dominicana de Solidaridad con Cuba, el Comit\u00e9 Puertorrique\u00f1o de Solidaridad con Cuba y el Instituto Cubano de Amistad con los Pueblos (ICAP).<\/span><\/p>\n<p><span class=\"text1noticias\"> <\/span><\/p>\n<p><span class=\"text1noticias\">La sede de la reuni\u00f3n es la Universidad Aut\u00f3noma de Santo Domingo y su rector, Iv\u00e1n Grull\u00f3n, es el presidente de honor del Comit\u00e9 Nacional Preparatorio que integraron diversas organizaciones y entidades.<\/span><\/p>\n<p><span class=\"text1noticias\"> <\/span><\/p>\n<p><span class=\"text1noticias\">En este encuentro participar\u00e1n personalidades internacionales como el te\u00f3logo brasile\u00f1o Frei Betto y se celebrar\u00e1n conferencia y paneles, tanto en esta capital como en las ciudades de Barahona, San Francisco de Macor\u00eds, Ban\u00ed y Santiago de los Caballeros, que ser\u00e1n sub-sedes.<\/span><\/p>\n<p><span class=\"text1noticias\"> <\/span><\/p>\n<p><span class=\"text1noticias\">Habr\u00e1 conferencias que abordar\u00e1n temas como el bloqueo de Estados Unidos contra Cuba, la situaci\u00f3n colonial y los prisioneros pol\u00edticos de Puerto Rico, el acoso del imperialismo y la oligarqu\u00eda contra la Revoluci\u00f3n Bolivariana de Venezuela y la trascendencia de la integraci\u00f3n y la solidaridad con Cuba.<\/span><\/p>\n<p><span class=\"text1noticias\"> <\/span><\/p>\n<p><span class=\"text1noticias\">Tambi\u00e9n se organizaron paneles y mesas de trabajo sobre la participaci\u00f3n de la mujer en el proceso de integraci\u00f3n, la juventud frente a la crisis y alternativas solidarias, el plan de acci\u00f3n continental de solidaridad con Cuba y los prisioneros pol\u00edticos del imperio y los derechos humanos.<\/span><\/p>\n<p><span class=\"text1noticias\"> <\/span><\/p>\n<p><span class=\"text1noticias\">En esta ocasi\u00f3n ser\u00e1n puestos en circulaci\u00f3n los libros \u00abLa Contra Revoluci\u00f3n\u00bb del autor Teodoro Rivero, y \u00abEl bloqueo contra Cuba. Ahora la gran guerra por otra v\u00eda\u00bb, del poeta y profesor, Rafael Nino F\u00e9liz.<\/span><\/p>\n<p><span class=\"text1noticias\"> <\/span><\/p>\n<p><span class=\"text1noticias\">La presidenta del ICAP, Kenia Serrano, destac\u00f3 que Rep\u00fablica Dominicana es el primer pa\u00eds caribe\u00f1o que asume un reto de esta naturaleza porque se trata de un evento con complejidad organizativa que adem\u00e1s tiene la innovaci\u00f3n de que Puerto Rico, quien por su condici\u00f3n colonial no puede acogerlo en suelo patrio, es aqu\u00ed coanfitri\u00f3n.<\/span><\/p>\n<p><span class=\"text1noticias\"> <\/span><\/p>\n<p><span class=\"text1noticias\">Tambi\u00e9n se\u00f1al\u00f3 que la presencia del h\u00e9roe cubano Fernando Gonz\u00e1lez en esta actividad, en representaci\u00f3n de los Cinco H\u00e9roes, es muestra de lo que para la Revoluci\u00f3n significa la solidaridad mundial.<\/span><\/p>\n<h6> 2016-07-28 08:34:49 <\/h6>\n<p><!--\n<link rel=\"stylesheet\" href=\"css\/bootstrap.min.css\">\n\n\n<ul class=\"pagination\">\n\t    \n\t\n\n<li >\n\t<a href='?page_no=12348'>Previous<\/a>\n\t<\/li>\n\n\n       \n    \n\n<li><a href='?page_no=1'>1<\/a><\/li>\n\n\n\n<li><a href='?page_no=2'>2<\/a><\/li>\n\n\n\n<li><a>...<\/a><\/li>\n\n\n\n<li><a href='?page_no=12347'>12347<\/a><\/li>\n\n\n\n<li><a href='?page_no=12348'>12348<\/a><\/li>\n\n\n\n<li class='active'><a>12349<\/a><\/li>\n\n\n\n<li><a href='?page_no=12350'>12350<\/a><\/li>\n\n\n\n<li><a href='?page_no=12351'>12351<\/a><\/li>\n\n\n\n<li><a>...<\/a><\/li>\n\n\n\n<li><a href='?page_no=56169'>56169<\/a><\/li>\n\n\n\n<li><a href='?page_no=56170'>56170<\/a><\/li>\n\n    \n\t\n\n<li >\n\t<a href='?page_no=12350'>Next<\/a>\n\t<\/li>\n\n\n    \n\n<li><a href='?page_no=56170'>Last &rsaquo;&rsaquo;<\/a><\/li>\n\n<\/ul>\n\n\n--><br \/>\n<\/body><\/p>\n","protected":false},"excerpt":{"rendered":"<p>Santo Domingo, 28 jul (PL) El VIII Encuentro Continental de Solidaridad con Cuba comienza hoy en Rep\u00fablica Dominicana con la presencia de cientos de delegados de 24 pa\u00edses. Se trata de un evento organizado por la Campa\u00f1a Dominicana de Solidaridad con Cuba, el Comit\u00e9 Puertorrique\u00f1o de Solidaridad con Cuba y el Instituto Cubano de Amistad [&hellip;]<\/p>\n","protected":false},"author":3,"featured_media":0,"comment_status":"open","ping_status":"open","sticky":false,"template":"","format":"standard","meta":{"footnotes":""},"categories":[20],"tags":[],"class_list":["post-217870","post","type-post","status-publish","format-standard","hentry","category-dominicana-hoy"],"_links":{"self":[{"href":"https:\/\/diariodominicano.com\/index.php?rest_route=\/wp\/v2\/posts\/217870","targetHints":{"allow":["GET"]}}],"collection":[{"href":"https:\/\/diariodominicano.com\/index.php?rest_route=\/wp\/v2\/posts"}],"about":[{"href":"https:\/\/diariodominicano.com\/index.php?rest_route=\/wp\/v2\/types\/post"}],"author":[{"embeddable":true,"href":"https:\/\/diariodominicano.com\/index.php?rest_route=\/wp\/v2\/users\/3"}],"replies":[{"embeddable":true,"href":"https:\/\/diariodominicano.com\/index.php?rest_route=%2Fwp%2Fv2%2Fcomments&post=217870"}],"version-history":[{"count":0,"href":"https:\/\/diariodominicano.com\/index.php?rest_route=\/wp\/v2\/posts\/217870\/revisions"}],"wp:attachment":[{"href":"https:\/\/diariodominicano.com\/index.php?rest_route=%2Fwp%2Fv2%2Fmedia&parent=217870"}],"wp:term":[{"taxonomy":"category","embeddable":true,"href":"https:\/\/diariodominicano.com\/index.php?rest_route=%2Fwp%2Fv2%2Fcategories&post=217870"},{"taxonomy":"post_tag","embeddable":true,"href":"https:\/\/diariodominicano.com\/index.php?rest_route=%2Fwp%2Fv2%2Ftags&post=217870"}],"curies":[{"name":"wp","href":"https:\/\/api.w.org\/{rel}","templated":true}]}}