{"id":217869,"date":"2016-07-28T14:22:58","date_gmt":"2016-07-28T14:22:58","guid":{"rendered":"http:\/\/diariodominicano.ddns.net\/?p=217869"},"modified":"2016-07-28T14:22:58","modified_gmt":"2016-07-28T14:22:58","slug":"minerd-llama-a-segunda-convocatoria-de-pruebas-nacionales","status":"publish","type":"post","link":"https:\/\/diariodominicano.com\/?p=217869","title":{"rendered":"MINERD llama a Segunda Convocatoria de Pruebas Nacionales"},"content":{"rendered":"<p><body><\/p>\n<p><img decoding=\"async\" src=\"img3\/745ad81e-72a1-4226-9a0a-bb2a8136d092.jpg\" \/><br \/><img decoding=\"async\" src=\"img3\/4e4ac7fb-25a6-468f-aefa-3bce377529af.jpg\" \/>  <\/p>\n<p><strong><span class=\"text1noticias\">Santo Domingo, R.D., 28 de julio.-<\/span><\/strong><span class=\"text1noticias\"> El Ministerio de Educaci\u00f3n (MINERD) llam\u00f3 a 105,702 estudiantes de Octavo Grado de B\u00e1sica, Tercer Ciclo de Educaci\u00f3n de Adultos y del nivel Medio en la Modalidad General y T\u00e9cnico Profesional, a la segunda convocatoria de las Pruebas Nacionales que inician este s\u00e1bado 30 de julio.<\/span><\/p>\n<\/p>\n<p><span class=\"text1noticias\">La Directora de Evaluaci\u00f3n de la Calidad Educativa, Ancell Scheker Mendoza, anunci\u00f3 que del Octavo Grado est\u00e1n convocados 21,042 estudiantes; 8,970 de Educaci\u00f3n B\u00e1sica de Adultos; 68,062 del nivel Medio en la Modalidad General, y 7,628 t\u00e9cnicos profesionales.<\/span><\/p>\n<\/p>\n<p><span class=\"text1noticias\">Apunt\u00f3 que en esta segunda convocatoria, las Pruebas para el Tercer Ciclo de Adultos de B\u00e1sica inician este s\u00e1bado 30 de julio con Lengua Espa\u00f1ola; el domingo 31, Matem\u00e1ticas, y contin\u00faan el s\u00e1bado 6 de agosto con Ciencias Sociales y el domingo 7, Ciencias de la Naturaleza, en horario de 9:00 a 11:00 de la ma\u00f1ana. <\/span><\/p>\n<\/p>\n<p><span class=\"text1noticias\">Subray\u00f3 que los estudiantes del Octavo Grado de B\u00e1sica comienzan sus ex\u00e1menes el martes 2 de agosto con Lengua Espa\u00f1ola; mi\u00e9rcoles 3, Matem\u00e1tica; jueves 4, Ciencias Sociales y el viernes 5, Ciencias de la Naturaleza, en horario de 9:00 a 11:00 de la ma\u00f1ana.   <\/span><\/p>\n<\/p>\n<p><span class=\"text1noticias\">Nivel Medio<\/span><\/p>\n<p><span class=\"text1noticias\">Scheker Mendoza puntualiz\u00f3 que los estudiantes del nivel Medio, en la Modalidad General y T\u00e9cnico Professional, est\u00e1n convocados  desde el 9 al 12 de agosto, de 10:00 de la ma\u00f1ana a 12:00 del mediod\u00eda. Los ex\u00e1menes inician el martes 9 con Lengua Espa\u00f1ola, mi\u00e9rcoles 10 Matem\u00e1tica; jueves 11, Ciencias Sociales y viernes 12, concluyen con Ciencias Naturales. <\/span><\/p>\n<\/p>\n<p><span class=\"text1noticias\">Declar\u00f3 que la aplicaci\u00f3n de las Pruebas Nacionales de este a\u00f1o est\u00e1 sujeta a innovaciones con la intenci\u00f3n de atender demandas y mejorar la eficiencia de los procesos.<\/span><\/p>\n<\/p>\n<p><span class=\"text1noticias\">La Directora de Evaluaci\u00f3n de la Calidad Educativa explic\u00f3 que entre las novedades en el proceso de este a\u00f1o est\u00e1 el establecimiento de nuevas fechas y horarios para las Pruebas Nacionales de los estudiantes del Tercer Ciclo de B\u00e1sica de Adultos, quienes se examinar\u00e1n en dos fines de semana.  <\/span><\/p>\n<\/p>\n<h6> 2016-07-28 14:22:58 <\/h6>\n<p><!--\n<link rel=\"stylesheet\" href=\"css\/bootstrap.min.css\">\n\n\n<ul class=\"pagination\">\n\t    \n\t\n\n<li >\n\t<a href='?page_no=12347'>Previous<\/a>\n\t<\/li>\n\n\n       \n    \n\n<li><a href='?page_no=1'>1<\/a><\/li>\n\n\n\n<li><a href='?page_no=2'>2<\/a><\/li>\n\n\n\n<li><a>...<\/a><\/li>\n\n\n\n<li><a href='?page_no=12346'>12346<\/a><\/li>\n\n\n\n<li><a href='?page_no=12347'>12347<\/a><\/li>\n\n\n\n<li class='active'><a>12348<\/a><\/li>\n\n\n\n<li><a href='?page_no=12349'>12349<\/a><\/li>\n\n\n\n<li><a href='?page_no=12350'>12350<\/a><\/li>\n\n\n\n<li><a>...<\/a><\/li>\n\n\n\n<li><a href='?page_no=56169'>56169<\/a><\/li>\n\n\n\n<li><a href='?page_no=56170'>56170<\/a><\/li>\n\n    \n\t\n\n<li >\n\t<a href='?page_no=12349'>Next<\/a>\n\t<\/li>\n\n\n    \n\n<li><a href='?page_no=56170'>Last &rsaquo;&rsaquo;<\/a><\/li>\n\n<\/ul>\n\n\n--><br \/>\n<\/body><\/p>\n","protected":false},"excerpt":{"rendered":"<p>Santo Domingo, R.D., 28 de julio.- El Ministerio de Educaci\u00f3n (MINERD) llam\u00f3 a 105,702 estudiantes de Octavo Grado de B\u00e1sica, Tercer Ciclo de Educaci\u00f3n de Adultos y del nivel Medio en la Modalidad General y T\u00e9cnico Profesional, a la segunda convocatoria de las Pruebas Nacionales que inician este s\u00e1bado 30 de julio. La Directora de [&hellip;]<\/p>\n","protected":false},"author":3,"featured_media":0,"comment_status":"open","ping_status":"open","sticky":false,"template":"","format":"standard","meta":{"footnotes":""},"categories":[20],"tags":[],"class_list":["post-217869","post","type-post","status-publish","format-standard","hentry","category-dominicana-hoy"],"_links":{"self":[{"href":"https:\/\/diariodominicano.com\/index.php?rest_route=\/wp\/v2\/posts\/217869","targetHints":{"allow":["GET"]}}],"collection":[{"href":"https:\/\/diariodominicano.com\/index.php?rest_route=\/wp\/v2\/posts"}],"about":[{"href":"https:\/\/diariodominicano.com\/index.php?rest_route=\/wp\/v2\/types\/post"}],"author":[{"embeddable":true,"href":"https:\/\/diariodominicano.com\/index.php?rest_route=\/wp\/v2\/users\/3"}],"replies":[{"embeddable":true,"href":"https:\/\/diariodominicano.com\/index.php?rest_route=%2Fwp%2Fv2%2Fcomments&post=217869"}],"version-history":[{"count":0,"href":"https:\/\/diariodominicano.com\/index.php?rest_route=\/wp\/v2\/posts\/217869\/revisions"}],"wp:attachment":[{"href":"https:\/\/diariodominicano.com\/index.php?rest_route=%2Fwp%2Fv2%2Fmedia&parent=217869"}],"wp:term":[{"taxonomy":"category","embeddable":true,"href":"https:\/\/diariodominicano.com\/index.php?rest_route=%2Fwp%2Fv2%2Fcategories&post=217869"},{"taxonomy":"post_tag","embeddable":true,"href":"https:\/\/diariodominicano.com\/index.php?rest_route=%2Fwp%2Fv2%2Ftags&post=217869"}],"curies":[{"name":"wp","href":"https:\/\/api.w.org\/{rel}","templated":true}]}}