{"id":217868,"date":"2016-07-28T14:33:28","date_gmt":"2016-07-28T14:33:28","guid":{"rendered":"http:\/\/diariodominicano.ddns.net\/?p=217868"},"modified":"2016-07-28T14:33:28","modified_gmt":"2016-07-28T14:33:28","slug":"mic-conmemora-su-50-aniversario","status":"publish","type":"post","link":"https:\/\/diariodominicano.com\/?p=217868","title":{"rendered":"MIC conmemora su 50 aniversario"},"content":{"rendered":"<p><body><\/p>\n<p><img decoding=\"async\" src=\"img3\/31ccc7b9-54a9-4a3b-a82a-3e204badb172.jpg\" \/><br \/><img decoding=\"async\" src=\"img3\/47915c4d-656e-4d45-b831-219d23504af1.jpg\" \/>  <\/p>\n<p>Santo Domingo, R.D., 28 de julio.- Con motivo de celebrarse el 50 aniversario de su fundaci\u00f3n, el Ministerio de Industria y Comercio (MIC) celebr\u00f3 este jueves una misa en acci\u00f3n de gracia y deposit\u00f3 una ofrenda floral en el Altar de la Patria, como tributo a los forjadores de la naci\u00f3n dominicana.<\/p>\n<\/p>\n<p>El Ministro de Industria y Comercio (MIC), Jos\u00e9 Del Castillo Savi\u00f1\u00f3n, tuvo a su cargo las palabras de acci\u00f3n de gracias, donde destac\u00f3 el papel que la instituci\u00f3n ha jugado de manera estelar, en sus 50 a\u00f1os de historia, incidiendo en el desarrollo productivo y comercial de la Rep\u00fablica Dominicana.<\/p>\n<\/p>\n<p>\u00abLe damos gracias a Dios en este d\u00eda, porque desde el a\u00f1o 2012 nos ha dado la oportunidad de renovar la instituci\u00f3n, para los fines de luego reestructurar el Ministerio en el marco de una legislaci\u00f3n, que ya fue aprobada por el Senado de la Rep\u00fablica, y esperamos que los diputados la conviertan en ley y sea promulgada por el Poder Ejecutivo\u00bb, manifest\u00f3 Del Castillo Savi\u00f1\u00f3n.<\/p>\n<\/p>\n<p>Consider\u00f3 que con la ley, que designa a la instituci\u00f3n el nombre Ministerio de Industria, Comercio y Pymes, se producir\u00e1 el relanzamiento del MIC y lo pondr\u00e1 acorde con los nuevos tiempos para seguir fomentando el crecimiento de las zonas francas y el crecimiento de las importaciones, as\u00ed como de las micro, Peque\u00f1as y Medianas Empresas(PYMES).<\/p>\n<\/p>\n<p>Agradeci\u00f3 a los empleados y funcionarios del MIC, por haberlo acompa\u00f1ado en estos \u00faltimos cuatro a\u00f1os, enfrentando desaf\u00edos y satisfacciones con realizaciones donde el ministerio ha logrado importantes reconocimientos locales e internacionales, destacando el premio Medalla de Oro por la gesti\u00f3n sobre mejoras de pr\u00e1cticas de gesti\u00f3n en la administraci\u00f3n p\u00fablica, en el 2014.<\/p>\n<p>Al finalizar las palabras de acci\u00f3n de gracias, Del Castillo Savi\u00f1\u00f3n , entreg\u00f3 medallas de reconocimientos a los 15 empleados m\u00e1s antiguos del Ministerio , por su colaboraci\u00f3n y entrega al servicio de la instituci\u00f3n.<\/p>\n<\/p>\n<p>El Ministerio de Industria y Comercio tiene sus or\u00edgenes con la fundaci\u00f3n misma de la Rep\u00fablica Dominicana, ya que en la primera Carta Magna de la Naci\u00f3n, en el a\u00f1o 1844, el Poder Ejecutivo se estructur\u00f3 con cuatro ministerios y uno de ellos fue el \u00abMinisterio de Hacienda y Comercio\u00bb.<\/p>\n<\/p>\n<p>El MIC ha experimentado desde su creaci\u00f3n varios cambios, entre los cuales se destacan que en el a\u00f1o 1934, por disposici\u00f3n contenida en la Ley de Secretar\u00edas de Estado n\u00famero 786, se le denomina \u00abSecretar\u00eda de Estado de Trabajo, Agricultura e Industria y Comercio.<\/p>\n<\/p>\n<h6> 2016-07-28 14:33:28 <\/h6>\n<p><!--\n<link rel=\"stylesheet\" href=\"css\/bootstrap.min.css\">\n\n\n<ul class=\"pagination\">\n\t    \n\t\n\n<li >\n\t<a href='?page_no=12346'>Previous<\/a>\n\t<\/li>\n\n\n       \n    \n\n<li><a href='?page_no=1'>1<\/a><\/li>\n\n\n\n<li><a href='?page_no=2'>2<\/a><\/li>\n\n\n\n<li><a>...<\/a><\/li>\n\n\n\n<li><a href='?page_no=12345'>12345<\/a><\/li>\n\n\n\n<li><a href='?page_no=12346'>12346<\/a><\/li>\n\n\n\n<li class='active'><a>12347<\/a><\/li>\n\n\n\n<li><a href='?page_no=12348'>12348<\/a><\/li>\n\n\n\n<li><a href='?page_no=12349'>12349<\/a><\/li>\n\n\n\n<li><a>...<\/a><\/li>\n\n\n\n<li><a href='?page_no=56169'>56169<\/a><\/li>\n\n\n\n<li><a href='?page_no=56170'>56170<\/a><\/li>\n\n    \n\t\n\n<li >\n\t<a href='?page_no=12348'>Next<\/a>\n\t<\/li>\n\n\n    \n\n<li><a href='?page_no=56170'>Last &rsaquo;&rsaquo;<\/a><\/li>\n\n<\/ul>\n\n\n--><br \/>\n<\/body><\/p>\n","protected":false},"excerpt":{"rendered":"<p>Santo Domingo, R.D., 28 de julio.- Con motivo de celebrarse el 50 aniversario de su fundaci\u00f3n, el Ministerio de Industria y Comercio (MIC) celebr\u00f3 este jueves una misa en acci\u00f3n de gracia y deposit\u00f3 una ofrenda floral en el Altar de la Patria, como tributo a los forjadores de la naci\u00f3n dominicana. El Ministro de [&hellip;]<\/p>\n","protected":false},"author":3,"featured_media":0,"comment_status":"open","ping_status":"open","sticky":false,"template":"","format":"standard","meta":{"footnotes":""},"categories":[20],"tags":[],"class_list":["post-217868","post","type-post","status-publish","format-standard","hentry","category-dominicana-hoy"],"_links":{"self":[{"href":"https:\/\/diariodominicano.com\/index.php?rest_route=\/wp\/v2\/posts\/217868","targetHints":{"allow":["GET"]}}],"collection":[{"href":"https:\/\/diariodominicano.com\/index.php?rest_route=\/wp\/v2\/posts"}],"about":[{"href":"https:\/\/diariodominicano.com\/index.php?rest_route=\/wp\/v2\/types\/post"}],"author":[{"embeddable":true,"href":"https:\/\/diariodominicano.com\/index.php?rest_route=\/wp\/v2\/users\/3"}],"replies":[{"embeddable":true,"href":"https:\/\/diariodominicano.com\/index.php?rest_route=%2Fwp%2Fv2%2Fcomments&post=217868"}],"version-history":[{"count":0,"href":"https:\/\/diariodominicano.com\/index.php?rest_route=\/wp\/v2\/posts\/217868\/revisions"}],"wp:attachment":[{"href":"https:\/\/diariodominicano.com\/index.php?rest_route=%2Fwp%2Fv2%2Fmedia&parent=217868"}],"wp:term":[{"taxonomy":"category","embeddable":true,"href":"https:\/\/diariodominicano.com\/index.php?rest_route=%2Fwp%2Fv2%2Fcategories&post=217868"},{"taxonomy":"post_tag","embeddable":true,"href":"https:\/\/diariodominicano.com\/index.php?rest_route=%2Fwp%2Fv2%2Ftags&post=217868"}],"curies":[{"name":"wp","href":"https:\/\/api.w.org\/{rel}","templated":true}]}}