{"id":217867,"date":"2016-07-28T16:28:02","date_gmt":"2016-07-28T16:28:02","guid":{"rendered":"http:\/\/diariodominicano.ddns.net\/?p=217867"},"modified":"2016-07-28T16:28:02","modified_gmt":"2016-07-28T16:28:02","slug":"venden-cinco-mil-viviendas-en-la-ciudad-juan-bosch","status":"publish","type":"post","link":"https:\/\/diariodominicano.com\/?p=217867","title":{"rendered":"&#13;Venden cinco mil viviendas en la Ciudad Juan Bosch"},"content":{"rendered":"<p><body><\/p>\n<p><img decoding=\"async\" src=\"img3\/Apartamentosjuanbosch.jpg\" \/><br \/><img decoding=\"async\" src=\"img3\/encargada.jpg\" \/><br \/><img decoding=\"async\" src=\"img3\/funcionarosyclaro.jpg\" \/>  <\/p>\n<\/p>\n<p><strong>Santo Domingo, RD, 28 de julio.-<\/strong> La directora ejecutiva de la Comisi\u00f3n Presidencial para el Desarrollo del Mercado Hipotecario y Fideicomiso, Lena Ciccone, inform\u00f3 hoy que cinco mil viviendas del proyecto habitacional Ciudad Juan Bosch ya est\u00e1n vendidas.<\/p>\n<p>Adem\u00e1s, otras 2,500 viviendas est\u00e1n en proceso de construcci\u00f3n, de las cuales 1,000 han sido terminadas.<\/p>\n<\/p>\n<p>Miles de familias trabajadoras cumplir\u00e1n sue\u00f1o tener vivienda propia y digna<\/p>\n<\/p>\n<p>Estos datos fueron ofrecidos durante una visita guiada a periodistas y reporteros gr\u00e1ficos de diversos medios de comunicaci\u00f3n, por el proyecto que cumplir\u00e1 el sue\u00f1o de miles de familias trabajadoras de adquirir su vivienda propia y digna.<\/p>\n<\/p>\n<p>\u00abEste emblem\u00e1tico proyecto enmarca la pol\u00edtica de vivienda del gobierno del presidente Danilo Medina y es coordinado por el Ministerio de la Presidencia para hacer que muchos dominicanos que no so\u00f1aban con tener una vivienda, porque no hab\u00eda en el mercado una vivienda de bajo costo en un lugar tan bonito y placentero, puedan cumplir con ese sue\u00f1o tan anhelado\u00bb.<\/p>\n<p>Alianza p\u00fablico privada a favor de la gente<\/p>\n<\/p>\n<p>Precis\u00f3 que Ciudad Juan Bosch se desarrolla gracias a una alianza entre el sector p\u00fablico y privado para mejorar la calidad de vida de la gente.<\/p>\n<\/p>\n<p>El sector privado construye las viviendas y las \u00e1reas comerciales del proyecto ubicado en el municipio de Santo Domingo Este, en un territorio de unos 3.2 millones de metros cuadrados de propiedad p\u00fablica.<\/p>\n<\/p>\n<p>En ese contexto, destac\u00f3 que 20 desarrolladores han dicho presente en la construcci\u00f3n de 25 mil viviendas de bajo costo, con un \u00e1rea de 45 a 80 metros cuadrados, en dos y tres habitaciones, cuyos precios oscilan entre RD$900 mil y RD$2.4 millones.<\/p>\n<\/p>\n<p>Tato Bison\u00f3 exhorta a aprovechar pol\u00edticas de fomento de acceso a viviendas bajo costo<\/p>\n<\/p>\n<p>El presidente de Constructora Bison\u00f3, Rafael Bison\u00f3 (Tato), exhort\u00f3 a las familias trabajadoras a aprovechar esta pol\u00edtica de fomento de acceso a viviendas de bajo costo, al tiempo que valor\u00f3 las cualidades de Ciudad Juan Bosch.<\/p>\n<\/p>\n<p>\u00abEste proyecto va a contar con agua de d\u00eda y de noche, los servicios, \u00e1reas verdes, escuelas, hospitales, sitios de seguridad, plazas comerciales y una serie de cualidades que la gente no tiene que salir de aqu\u00ed\u00bb.<\/p>\n<\/p>\n<p>Sector p\u00fablico aporta terrenos e infraestructuras viales y de servicios<\/p>\n<\/p>\n<p>Por su parte, el sector p\u00fablico aport\u00f3 los terrenos y desarrolla la infraestructura vial, de agua potable, sanitaria, el\u00e9ctrica, as\u00ed como equipamientos sociales e institucionales, como escuelas, centros de salud, destacamentos de polic\u00eda y bomberos, parques, y otros.<\/p>\n<\/p>\n<p>Obras avanzan a extraordinario ritmo<\/p>\n<\/p>\n<p>Las obras avanzan a buen ritmo, el Ministerio de Obras P\u00fablicas y Comunicaciones (MOPC) termin\u00f3 la construcci\u00f3n del acceso al proyecto a trav\u00e9s de una gran avenida de entrada desde las Am\u00e9ricas, de 4 carriles en una extensi\u00f3n de 2 kil\u00f3metros.<\/p>\n<\/p>\n<p>Del mismo modo, concluy\u00f3 la construcci\u00f3n de una avenida marginal a la Ecol\u00f3gica frente al proyecto de un kil\u00f3metro de longitud y una v\u00eda interna del proyecto con cerca de 800 metros de longitud, dentro del \u00e1rea de las primeras viviendas a ser habitadas.<\/p>\n<\/p>\n<p>Se ha avanzado, adem\u00e1s, en la intervenci\u00f3n de m\u00e1s del 70% del resto de las v\u00edas internas del proyecto, para garantizar el acceso a todos los lotes en desarrollo.<\/p>\n<\/p>\n<p>Agua de la mejor calidad<\/p>\n<\/p>\n<p>De su lado, el director de la Corporaci\u00f3n de Acueductos y Alcantarillados de Santo Domingo (CAASD), Alejandro Mont\u00e1s, manifest\u00f3 que dos kil\u00f3metros de alcantarillado sanitario que conectan a una planta de tratamiento cuyo primer m\u00f3dulo ha sido rehabilitado.<\/p>\n<\/p>\n<p>\u00abLa red est\u00e1 totalmente lista y garantizada para las 25 mil viviendas, para las que se construyeron ahora y para las que se construir\u00e1n en el futuro\u00bb.<\/p>\n<\/p>\n<p>Puntualiz\u00f3 que La CAASD tambi\u00e9n ha completado a la fecha unos 10 kil\u00f3metros de instalaciones internas de tuber\u00edas para el servicio de agua potable y se construyen los dos tanques elevados de abastecimiento que garantizar\u00e1n agua de la mejor calidad para todos los habitantes.<\/p>\n<\/p>\n<p>Asimismo, se instalaron 3 m\u00f3dulos de cisternas para garantizar el agua a los primeros residentes.  <\/p>\n<\/p>\n<p>Instalaciones el\u00e9ctricas y alumbrado p\u00fablico<\/p>\n<\/p>\n<p>Otro avance significativo lo constituyen las instalaciones el\u00e9ctricas y de alumbrado p\u00fablico, a cargo de la Empresa de Distribuci\u00f3n El\u00e9ctrica del Este (EDEESTE), de las cuales se han completado 4.5 kil\u00f3metros.<\/p>\n<p>F\u00e1cil acceso a requerimientos cotidianos<\/p>\n<\/p>\n<p>De su lado el director de la Oficina de Ingenieros Supervisores de Obras del Estado (OISOE), Francisco Pag\u00e1n, afirm\u00f3 que ya se tiene en proceso de ejecuci\u00f3n la construcci\u00f3n de 3 escuelas b\u00e1sicas, 2 liceos secundarios, 3 estancias infantiles, un hospital de 40 camas.<\/p>\n<\/p>\n<p>Igualmente, 2 parques recreativos y deportivos, para garantizar una vida de f\u00e1cil acceso a los requerimientos cotidianos tanto de los primeros habitantes del proyecto como de los \u00faltimos.<\/p>\n<\/p>\n<p>De la misma forma, se inici\u00f3 el levantamiento de centros de Atenci\u00f3n Primaria, Capacitaci\u00f3n Laboral,  de atenci\u00f3n a envejecientes y adultos con discapacidad; un Parque Infantil de Educaci\u00f3n Vial,  2 destacamentos de polic\u00eda y 2 cuarteles de bomberos.<\/p>\n<\/p>\n<p>Se han adjudicado, adem\u00e1s, 2 \u00e1reas comerciales para un hipermercado y una plaza comercial de 2 niveles. <\/p>\n<p>M\u00e1s de 200 visitantes al d\u00eda<\/p>\n<\/p>\n<p>El parque de ventas del proyecto opera desde diciembre de 2015 y recibe m\u00e1s de 200 visitantes al d\u00eda, interesados en conocer las ofertas de los distintos desarrolladores.  <\/p>\n<\/p>\n<p>En este parque, los bancos y asociaciones de ahorros y pr\u00e9stamos estar\u00e1n ofertando las mejores condiciones de financiamiento, para que todos los dominicanos y dominicanas puedan adquirir su primera vivienda. <\/p>\n<\/p>\n<p>Solidaridad del Estado a trav\u00e9s de Bono ITBIS y Bono Tierra<\/p>\n<\/p>\n<p>El Estado ayuda a las familias a cumplir el sue\u00f1o de un techo propio, completando el inicial con Bono ITBIS y Bono Tierra, que entre ambos aportan entre un 10% y 12% del valor de la vivienda, de manera que los adquirientes solo deben buscar entre un 8% y 10% de inicial.<\/p>\n<\/p>\n<p>Tasas fijas a 20 a\u00f1os para adquirientes y tasas bajas para desarrolladores<\/p>\n<\/p>\n<p>Adem\u00e1s, el gobierno del presidente Danilo Medina ha logrado que los bancos presten a tasas fijas de 8% por 20 a\u00f1os a los adquirientes; as\u00ed como con tasas bajas para los desarrolladores a fin de que pudieran cumplir con los precios ofertados. <\/p>\n<\/p>\n<p>Esto fue posible gracias a que el Gobierno gestion\u00f3 la disposici\u00f3n de 10 mil millones de pesos para el encaje legal, ante las Autoridades Monetarias y Financieras.<\/p>\n<\/p>\n<p>Viviendas de calidad en propiedad, por el mismo precio de un alquiler <\/p>\n<\/p>\n<p>En este contexto, el portavoz del Gobierno y director general de Comunicaci\u00f3n, Roberto Rodr\u00edguez Marchena, cit\u00f3 el ejemplo de una vivienda cuyo costo es de 900 mil pesos, las familias tendr\u00edan que ahorrar alrededor de 80 mil pesos, mientras que el Estado les aportar\u00eda unos 120 mil pesos.  <\/p>\n<\/p>\n<p>Explic\u00f3 que la cuota mensual de esa vivienda a 20 a\u00f1os ser\u00eda de alrededor de 7 mil pesos. Esto permitir\u00e1 que las familias no tengan que preocuparse por que en poco tiempo la suban y produzca desasosiego y desbalance al presupuesto familiar.  <\/p>\n<\/p>\n<p>En el caso de una vivienda de 1.5 millones, las familias tendr\u00edan que buscar unos 145 mil pesos mientras que el Estado les aportar\u00eda para el pago del inicial unos 155 mil pesos, y el pago mensual ser\u00eda de aproximadamente 11 mil pesos.  <\/p>\n<\/p>\n<p>Las familias perfectamente podr\u00e1n sustituir el pago del alquiler mensual por el pago de su propia vivienda.<\/p>\n<p>Nutrida participaci\u00f3n<\/p>\n<\/p>\n<p>Entre los periodistas y reporteros gr\u00e1ficos que recibieron explicaciones del emblem\u00e1tico proyecto estuvieron Ernesto Trinidad y Elvin Tav\u00e1rez, de Teleantillas; Luis Villaverde y Ricardo Concepci\u00f3n, del canal 4 RD; Maholy De Paula y Carlos S\u00e1nchez Tatis, de AN7; Vladimir N\u00fa\u00f1ez y \u00c1ngelo Guerra, de Noticias SIN.<\/p>\n<\/p>\n<p>Tambi\u00e9n Weyni Polanco y F\u00e9lix Espinosa, de Telesistema; Biviana Inoa y Eliezer Encarnaci\u00f3n, de Telefuturo; Mar\u00eda de los \u00c1ngeles y Omar Silverio, de Mundo Visi\u00f3n, as\u00ed como Yarilis Calca\u00f1o y C\u00e1ndido M\u00e9ndez, de NCDN.<\/p>\n<\/p>\n<p>Del mismo modo, Katherine Luna, del List\u00edn Diario; Sorange Batista y F\u00e9lix De la Cruz, del peri\u00f3dico Hoy; Wagner Santana y Juan Tom\u00e1s Valenzuela, por El Caribe; Dominga Ram\u00edrez y Jos\u00e9 De Le\u00f3n, por El D\u00eda; Francia Valdez, Daniel Duverg\u00e9 y Claribel Medina, por El Nuevo Diario;  Alberto Caminero y Mario Terrero, por El Nacional y Adonis D\u00edaz y Nehem\u00edas Albino, de Diario Libre.<\/p>\n<\/p>\n<p>Miembros de la prensa digital tambi\u00e9n participaron en el recorrido y conocieron los avances en los trabajos de Ciudad Juan Bosch, entre estos se encontraban Yokaury V\u00e1squez, de Dominicanoshoy.com; Manuel Santos, de Noticia Libre y Jos\u00e9 An\u00edbal Cuevas, de <\/p>\n<p>Tras las Huellas Digital.<\/p>\n<\/p>\n<p>Asimismo, Ariel Lora, de Red de Noticias; Carlos Rodr\u00edguez, por De la Zona Oriental; Salvador S\u00e1nchez, por La Naci\u00f3n Dominicana; Robert Vargas, de Ciudad Oriental; Joel Vargas, de Infovisi\u00f3n; Arturo De los Santos, de VIP Comunication; Logan Jim\u00e9nez, de La Vozsincensura.net; H\u00e9ctor S\u00e1nchez, el Sol de la Florida y Miguel Morillo, de Cuentas Claras.<\/p>\n<h6> 2016-07-28 16:28:02 <\/h6>\n<p><!--\n<link rel=\"stylesheet\" href=\"css\/bootstrap.min.css\">\n\n\n<ul class=\"pagination\">\n\t    \n\t\n\n<li >\n\t<a href='?page_no=12345'>Previous<\/a>\n\t<\/li>\n\n\n       \n    \n\n<li><a href='?page_no=1'>1<\/a><\/li>\n\n\n\n<li><a href='?page_no=2'>2<\/a><\/li>\n\n\n\n<li><a>...<\/a><\/li>\n\n\n\n<li><a href='?page_no=12344'>12344<\/a><\/li>\n\n\n\n<li><a href='?page_no=12345'>12345<\/a><\/li>\n\n\n\n<li class='active'><a>12346<\/a><\/li>\n\n\n\n<li><a href='?page_no=12347'>12347<\/a><\/li>\n\n\n\n<li><a href='?page_no=12348'>12348<\/a><\/li>\n\n\n\n<li><a>...<\/a><\/li>\n\n\n\n<li><a href='?page_no=56169'>56169<\/a><\/li>\n\n\n\n<li><a href='?page_no=56170'>56170<\/a><\/li>\n\n    \n\t\n\n<li >\n\t<a href='?page_no=12347'>Next<\/a>\n\t<\/li>\n\n\n    \n\n<li><a href='?page_no=56170'>Last &rsaquo;&rsaquo;<\/a><\/li>\n\n<\/ul>\n\n\n--><br \/>\n<\/body><\/p>\n","protected":false},"excerpt":{"rendered":"<p>Santo Domingo, RD, 28 de julio.- La directora ejecutiva de la Comisi\u00f3n Presidencial para el Desarrollo del Mercado Hipotecario y Fideicomiso, Lena Ciccone, inform\u00f3 hoy que cinco mil viviendas del proyecto habitacional Ciudad Juan Bosch ya est\u00e1n vendidas. Adem\u00e1s, otras 2,500 viviendas est\u00e1n en proceso de construcci\u00f3n, de las cuales 1,000 han sido terminadas. Miles [&hellip;]<\/p>\n","protected":false},"author":3,"featured_media":0,"comment_status":"open","ping_status":"open","sticky":false,"template":"","format":"standard","meta":{"footnotes":""},"categories":[20],"tags":[],"class_list":["post-217867","post","type-post","status-publish","format-standard","hentry","category-dominicana-hoy"],"_links":{"self":[{"href":"https:\/\/diariodominicano.com\/index.php?rest_route=\/wp\/v2\/posts\/217867","targetHints":{"allow":["GET"]}}],"collection":[{"href":"https:\/\/diariodominicano.com\/index.php?rest_route=\/wp\/v2\/posts"}],"about":[{"href":"https:\/\/diariodominicano.com\/index.php?rest_route=\/wp\/v2\/types\/post"}],"author":[{"embeddable":true,"href":"https:\/\/diariodominicano.com\/index.php?rest_route=\/wp\/v2\/users\/3"}],"replies":[{"embeddable":true,"href":"https:\/\/diariodominicano.com\/index.php?rest_route=%2Fwp%2Fv2%2Fcomments&post=217867"}],"version-history":[{"count":0,"href":"https:\/\/diariodominicano.com\/index.php?rest_route=\/wp\/v2\/posts\/217867\/revisions"}],"wp:attachment":[{"href":"https:\/\/diariodominicano.com\/index.php?rest_route=%2Fwp%2Fv2%2Fmedia&parent=217867"}],"wp:term":[{"taxonomy":"category","embeddable":true,"href":"https:\/\/diariodominicano.com\/index.php?rest_route=%2Fwp%2Fv2%2Fcategories&post=217867"},{"taxonomy":"post_tag","embeddable":true,"href":"https:\/\/diariodominicano.com\/index.php?rest_route=%2Fwp%2Fv2%2Ftags&post=217867"}],"curies":[{"name":"wp","href":"https:\/\/api.w.org\/{rel}","templated":true}]}}