{"id":217866,"date":"2016-07-28T22:00:08","date_gmt":"2016-07-28T22:00:08","guid":{"rendered":"http:\/\/diariodominicano.ddns.net\/?p=217866"},"modified":"2016-07-28T22:00:08","modified_gmt":"2016-07-28T22:00:08","slug":"la-transformacion-digital-de-la-republica-dominicana-un-esfuerzo-publico-privado-academico","status":"publish","type":"post","link":"https:\/\/diariodominicano.com\/?p=217866","title":{"rendered":"La Transformaci\u00f3n Digital de la Rep\u00fablica Dominicana: un esfuerzo p\u00fablico-privado-acad\u00e9mico"},"content":{"rendered":"<p><body><\/p>\n<p><img decoding=\"async\" src=\"img3\/DSC_0145.jpg\" \/><br \/><img decoding=\"async\" src=\"img3\/DSC_0127.jpg\" \/><br \/><img decoding=\"async\" src=\"img3\/DSC_0071 (1).JPG\" \/>  <\/p>\n<p><strong>La actividad  cont\u00f3 con la participaci\u00f3n especial de Diego Molano, Consultor del BID y Ex Ministro de tecnolog\u00edas de la informaci\u00f3n y las comunicaciones de Colombia<\/strong><\/p>\n<\/p>\n<p><strong> <\/strong><\/p>\n<p><strong>SANTO DOMINGO, 28 julio 2016.- <\/strong>La C\u00e1mara Americana de Comercio (AMCHAMDR) celebr\u00f3 un Seminario Coloquio organizado por su Comit\u00e9 TIC con el tema: \u00abLa Transformaci\u00f3n Digital de la Rep\u00fablica Dominicana: un esfuerzo p\u00fablico-privado-acad\u00e9mico\u00bb, en el Hotel Sheraton. <\/p>\n<p>Las palabras de bienvenida fueron pronunciadas por David Fern\u00e1ndez, Vicepresidente de la C\u00e1mara Americana de Comercio, quien explic\u00f3 que para lograr la transformaci\u00f3n digital de nuestro pa\u00eds es requerido unir los esfuerzos primero del sector p\u00fablico como ente encargado de promover la construcci\u00f3n de las estructuras necesarias y el desarrollo de pol\u00edticas p\u00fablicas para la digitalizaci\u00f3n, el sector privado que invierta y tenga una mentalidad abierta a crear y a usar productos y servicios innovadores basados en internet. Y en tercer lugar, pero no menos importante, las entidades acad\u00e9micas que formen el talento humano capaz de innovar y estar a la altura del mundo globalizado, agreg\u00f3.<\/p>\n<\/p>\n<p> \u00abEstamos conscientes de las necesidades que tenemos como pa\u00eds para lograr el desarrollo digital que queremos, es necesario unificar la voluntad de todos para llevarlo a cabo y montar a Rep\u00fablica Dominicana en el tren de la econom\u00eda digital.  Sabemos de los esfuerzos que se est\u00e1n haciendo desde el gobierno dominicano para lograrlo y muestra de ello es el proyecto de Rep\u00fablica Digital, un programa que persigue ofrecer oportunidades de educaci\u00f3n, generaci\u00f3n de empleo, facilitar el conocimiento, entre otros. Este ser\u00eda un paso importante para la transformaci\u00f3n que necesitamos\u00bb, destac\u00f3. <\/p>\n<\/p>\n<p>Las palabras de bienvenida y contextualizaci\u00f3n estuvieron a cargo de Maria Waleska \u00c1lvarez,  Presidente  del Comit\u00e9 TIC de la C\u00e1mara Americana de Comercio para dar paso al inicio de las ponencias. La primera fue \u00abLa Era de la Econom\u00eda Digital. El caso Colombia\u00bb, a cargo Diego Molano, Consultor del BID y Ex Ministro de TIC de Colombia. Luego se inici\u00f3 el primer panel: \u00abEl Impacto de la Educaci\u00f3n en la Transformaci\u00f3n Digital de los pa\u00edses\u00bb, moderado por Juan Luis Lozada, Vicepresidente del Comit\u00e9 TIC y que cont\u00f3 con la participaci\u00f3n como panelistas de la Dra. Ligia Amada Melo, Ministra de Educaci\u00f3n Superior, Ciencia y Tecnolog\u00eda (MESCYT), Dr. Rolando Guzman, Rector del Instituto Tecnol\u00f3gico Santo Domingo (INTEC), Fauntly Garrido, Director Ejecutivo del Colegio Bilingue New Horizons y Jose M\u00e1rmol, Presidente de Acci\u00f3n Empresarial por la Educaci\u00f3n (EDUCA).<\/p>\n<\/p>\n<p>La segunda conferencia titulada \u00abRep\u00fablica Digital\u00bb, estuvo a cargo de Zoraima Cuello, Viceministra de la Presidencia. El segundo panel: \u00abEconom\u00eda Digital. Retos y Oportunidades para RD\u00bb estuvo moderado por Mirna Eusebio, miembro del Comit\u00e9 TIC y participaron los panelistas invitados Jorge Iv\u00e1n Ram\u00edrez, Consultor Internacional,Manuel Tavares S\u00e1nchez, Presidente de ONEMAX, Ignacio M\u00e9ndez, Viceministro de la Peque\u00f1a y Mediana Empresa y Rosario Sang, Presidente de la C\u00e1maraDominicana TIC.<\/p>\n<\/p>\n<p>Concluy\u00f3 con un coloquio, con la participaci\u00f3n de todos los expositores, moderado por Mirna Eusebio, miembro del Comit\u00e9 TIC. Las puntualizaciones de conclusi\u00f3n estuvieron a cargo de Mar\u00eda Waleska \u00c1lvarez, Presidente Ejecutivo de Nap del Caribe y Presidenta del Comit\u00e9 TIC de AMCHAMDR.<\/p>\n<\/p>\n<p><strong>David Fern\u00e1ndez, Vicepresidente de la C\u00e1mara Americana de Comercio <\/strong><\/p>\n<p><strong>Muy buenos d\u00edas:<\/strong><\/p>\n<\/p>\n<p>En AMCHAMDR hemos entendido que nuestro pa\u00eds debe dar los pasos adecuados para lograr la transformaci\u00f3n digital, y esto solo ser\u00e1 posible con el trabajo concatenado de todos. Por esta raz\u00f3n, aportando nuestro granito de arena, hemos ideado este foro para presentar proyectos y discutir ideas que nos permitan trazar un plan de trabajo para lograrlo. Nuestro compromiso es ofrecer foros p\u00fablicos y espacios neutrales en el que se puedan debatir ideas que  nos permitan acercarnos al pa\u00eds desarrollado que so\u00f1amos. <\/p>\n<\/p>\n<p>En la edici\u00f3n Mayo-Junio de nuestra revista el tema central fue \u00abEconom\u00eda Digital una realidad Imparable\u00bb, este reportaje hac\u00eda referencia a que vivimos una econom\u00eda global del conocimiento, en que los pa\u00edses que m\u00e1s se desarrollan ?y que logran mayor fortalecimiento institucional, crecimiento econ\u00f3mico sostenido y mayor equidad e inclusi\u00f3n social? son las que producen j\u00f3venes emprendedores e innovaciones tecnol\u00f3gicas.<\/p>\n<\/p>\n<p>Desde hace varios a\u00f1os se vienen desarrollando conceptos como el de sociedad de la informaci\u00f3n y el conocimiento y se ha planteado que las Tecnolog\u00edas de la Informaci\u00f3n y Comunicaciones (TICs) juegan un papel estelar en el proceso de transformaci\u00f3n de los modelos econ\u00f3micos y sociales de nuestras sociedades. Por eso cuando hablamos de nueva econom\u00eda, en muchos casos se habla de econom\u00eda digital o cuarta revoluci\u00f3n industrial.<\/p>\n<\/p>\n<\/p>\n<p>Asimismo el reportaje se\u00f1ala que cuando se piensa en econom\u00eda digital no se puede desconocer las profundas transformaciones que hemos iniciado y que son parte esencial del modelo que hoy vivimos, donde de aproximadamente ocho billones de la poblaci\u00f3n mundial m\u00e1s de un 40% son usuarios activos de internet; considerando que la edad promedio del mundo es 25 a\u00f1os; que la inflaci\u00f3n sube todo de precio menos la tecnolog\u00eda; que los dispositivos m\u00f3viles est\u00e1n reemplazando al resto; que cada vez ser\u00e1n m\u00e1s dispositivos conectados a internet&#8230; (Internet de \u00abTodo\u00bb), unos 80 billones de dispositivos conectados, 10 de ellos por hogar, 500 de promedio por Km2; el dinero se vuelve completamente digital, infinitamente transferible y libre, todo est\u00e1 conectado con todo ?el Internet de las cosas? esto impacta directamente todas las industrias, las locomotoras econ\u00f3micas de nuestros pa\u00edses, \u00bfCu\u00e1les son los efectos? Evolucionar o morir.<\/p>\n<\/p>\n<p>Para lograr la transformaci\u00f3n digital de nuestro pa\u00eds es requerido unir los esfuerzos primero del sector p\u00fablico como ente encargado de promover la construcci\u00f3n de las estructuras necesarias y el desarrollo de pol\u00edticas p\u00fablicas para la digitalizaci\u00f3n, el sector privado que invierta y tenga una mentalidad abierta a crear y a usar productos y servicios innovadores basados  en internet. Y en tercer lugar, pero no menos importante, las entidades acad\u00e9micas que formen el talento humano capaz de innovar y estar a la altura del mundo globalizado.   <\/p>\n<\/p>\n<p>Estamos conscientes de las necesidades que tenemos como pa\u00eds para lograr el desarrollo digital que queremos, es necesario unificar la voluntad de todos para llevarlo a cabo y montar a Republica Dominicana en el tren de la econom\u00eda digital.  Sabemos de los esfuerzos que se est\u00e1n haciendo desde el gobierno dominicano para lograrlo y muestra de ello es el proyecto de Republica Digital, un programa que persigue ofrecer oportunidades de educaci\u00f3n, generaci\u00f3n de empleo, facilitar el conocimiento, entre otros. Este ser\u00eda un paso importante para la transformaci\u00f3n que necesitamos. <\/p>\n<\/p>\n<p>Gracias a todos los que se han involucrado para la celebraci\u00f3n de este seminario, y a todos ustedes por acompa\u00f1arnos.<\/p>\n<\/p>\n<\/p>\n<h6> 2016-07-28 22:00:08 <\/h6>\n<p><!--\n<link rel=\"stylesheet\" href=\"css\/bootstrap.min.css\">\n\n\n<ul class=\"pagination\">\n\t    \n\t\n\n<li >\n\t<a href='?page_no=12344'>Previous<\/a>\n\t<\/li>\n\n\n       \n    \n\n<li><a href='?page_no=1'>1<\/a><\/li>\n\n\n\n<li><a href='?page_no=2'>2<\/a><\/li>\n\n\n\n<li><a>...<\/a><\/li>\n\n\n\n<li><a href='?page_no=12343'>12343<\/a><\/li>\n\n\n\n<li><a href='?page_no=12344'>12344<\/a><\/li>\n\n\n\n<li class='active'><a>12345<\/a><\/li>\n\n\n\n<li><a href='?page_no=12346'>12346<\/a><\/li>\n\n\n\n<li><a href='?page_no=12347'>12347<\/a><\/li>\n\n\n\n<li><a>...<\/a><\/li>\n\n\n\n<li><a href='?page_no=56169'>56169<\/a><\/li>\n\n\n\n<li><a href='?page_no=56170'>56170<\/a><\/li>\n\n    \n\t\n\n<li >\n\t<a href='?page_no=12346'>Next<\/a>\n\t<\/li>\n\n\n    \n\n<li><a href='?page_no=56170'>Last &rsaquo;&rsaquo;<\/a><\/li>\n\n<\/ul>\n\n\n--><br \/>\n<\/body><\/p>\n","protected":false},"excerpt":{"rendered":"<p>La actividad cont\u00f3 con la participaci\u00f3n especial de Diego Molano, Consultor del BID y Ex Ministro de tecnolog\u00edas de la informaci\u00f3n y las comunicaciones de Colombia SANTO DOMINGO, 28 julio 2016.- La C\u00e1mara Americana de Comercio (AMCHAMDR) celebr\u00f3 un Seminario Coloquio organizado por su Comit\u00e9 TIC con el tema: \u00abLa Transformaci\u00f3n Digital de la Rep\u00fablica [&hellip;]<\/p>\n","protected":false},"author":3,"featured_media":0,"comment_status":"open","ping_status":"open","sticky":false,"template":"","format":"standard","meta":{"footnotes":""},"categories":[20],"tags":[],"class_list":["post-217866","post","type-post","status-publish","format-standard","hentry","category-dominicana-hoy"],"_links":{"self":[{"href":"https:\/\/diariodominicano.com\/index.php?rest_route=\/wp\/v2\/posts\/217866","targetHints":{"allow":["GET"]}}],"collection":[{"href":"https:\/\/diariodominicano.com\/index.php?rest_route=\/wp\/v2\/posts"}],"about":[{"href":"https:\/\/diariodominicano.com\/index.php?rest_route=\/wp\/v2\/types\/post"}],"author":[{"embeddable":true,"href":"https:\/\/diariodominicano.com\/index.php?rest_route=\/wp\/v2\/users\/3"}],"replies":[{"embeddable":true,"href":"https:\/\/diariodominicano.com\/index.php?rest_route=%2Fwp%2Fv2%2Fcomments&post=217866"}],"version-history":[{"count":0,"href":"https:\/\/diariodominicano.com\/index.php?rest_route=\/wp\/v2\/posts\/217866\/revisions"}],"wp:attachment":[{"href":"https:\/\/diariodominicano.com\/index.php?rest_route=%2Fwp%2Fv2%2Fmedia&parent=217866"}],"wp:term":[{"taxonomy":"category","embeddable":true,"href":"https:\/\/diariodominicano.com\/index.php?rest_route=%2Fwp%2Fv2%2Fcategories&post=217866"},{"taxonomy":"post_tag","embeddable":true,"href":"https:\/\/diariodominicano.com\/index.php?rest_route=%2Fwp%2Fv2%2Ftags&post=217866"}],"curies":[{"name":"wp","href":"https:\/\/api.w.org\/{rel}","templated":true}]}}