{"id":217865,"date":"2016-07-28T22:48:45","date_gmt":"2016-07-28T22:48:45","guid":{"rendered":"http:\/\/diariodominicano.ddns.net\/?p=217865"},"modified":"2016-07-28T22:48:45","modified_gmt":"2016-07-28T22:48:45","slug":"inaugura-un-liceo-y-una-estancia-infantil-en-boca-chica","status":"publish","type":"post","link":"https:\/\/diariodominicano.com\/?p=217865","title":{"rendered":"Inaugura un Liceo  y una Estancia Infantil en Boca Chica"},"content":{"rendered":"<p><body><\/p>\n<p><img decoding=\"async\" src=\"img3\/ACM_4784 (1).JPG\" \/><br \/><img decoding=\"async\" src=\"img3\/ACM_4607.JPG\" \/><br \/><img decoding=\"async\" src=\"img3\/ACM_4566.JPG\" \/>  <\/p>\n<p><strong>En el discurso que pronunci\u00f3 en el acto, el Ministro de Educaci\u00f3n,  Carlos Amarante Baret, destac\u00f3 el alcance de la  Revoluci\u00f3n Educativa que impulsa el  Gobierno de Danilo Medina y su impacto en el desarrollo integral de la familia dominicana.<\/strong><\/p>\n<\/p>\n<p><strong>BOCA CHICA, RD, 28 de Julio de 2016.-<\/strong> El presidente Danilo Medina inaugur\u00f3 este jueves el  Liceo Juan Pablo Duarte y  una Estancia Infantil a las comunidades Monte Rey y  Brisas del Norte, del municipio Boca Chica, en la provincia Santo Domingo.<\/p>\n<p>La nueva infraestructura escolar cuenta con 28 aulas con capacidad para  875 estudiantes que ser\u00e1n incorporados de inmediato a la Jornada Escolar  Extendida. Para su construcci\u00f3n, el Ministerio de Educaci\u00f3n invirti\u00f3 63 millones 327 mil 144 pesos con 8 centavos.<\/p>\n<p>En el discurso que pronunci\u00f3 en el acto, el Ministro de Educaci\u00f3n,  Carlos Amarante Baret, destac\u00f3 el alcance de la  Revoluci\u00f3n Educativa que impulsa el  Gobierno de Danilo Medina y su impacto en el desarrollo integral de la familia dominicana.<\/p>\n<p>Dijo que en los pr\u00f3ximos cuatro a\u00f1os de gobierno de Medina, la educaci\u00f3n se seguir\u00e1 desarrollando y consolidando, porque \u00abahora s\u00f3lo falta abonar lo que ya se ha sembrado\u00bb. Afirm\u00f3 que la consolidaci\u00f3n de los logros educativos se traduce en fortalecer lo ya aprendido, y en los pr\u00f3ximos cuatro a\u00f1os el pa\u00eds comenzar\u00e1 a tener los primeros egresados de los nuevos curr\u00edculos y pensum, as\u00ed como una mejor formaci\u00f3n y capacitaci\u00f3n de los profesores y profesoras.<\/p>\n<p>\u00abDe lo que estamos hablando es de mejorar la calidad de nuestros directores, de que podamos certificar como buenos maestros a nuestros profesores, de lo que estamos hablando es de ense\u00f1ar un segundo idioma para que nuestros estudiantes, al salir del bachillerato, puedan hablar y entender el ingl\u00e9s como segundo idioma\u00bb.<\/p>\n<p>\u00abDe lo que estamos hablando es de que a partir del pr\u00f3ximo a\u00f1o nuestro presidente va a desarrollar un programa para dotar de una herramienta a nuestros profesores y estudiantes para ense\u00f1ar a nuestros alumnos y alumnas con mayor eficiencia. Se trata del programa Rep\u00fablica Digital, para que nuestros profesores y estudiantes posean una computadora\u00bb.<\/p>\n<p>Dijo que como hombre de palabra, el presidente Medina cumpli\u00f3 con la entrega del cuatro por ciento para la educaci\u00f3n, que permite que se hagan edificaciones como esta para nuestros estudiantes, que se construyan estancias infantiles, escuelas laborales.<\/p>\n<p>\u00abEse cuatro por ciento ha permitido que el n\u00famero de estudiantes sean ingresados a la Jornada Escolar Extendida, y al iniciar el pr\u00f3ximo a\u00f1o escolar tendremos 934 mil estudiantes en Jornada Extendida\u00bb, plante\u00f3.<\/p>\n<p>Agreg\u00f3 que el cuatro por ciento tambi\u00e9n ha permitido mejorar las condiciones de vida y de dignificaci\u00f3n de los docentes, al punto de que los profesores y profesoras son de los profesionales mejor pagados del pa\u00eds.<\/p>\n<p>Resalt\u00f3 que hoy d\u00eda un profesor o profesora del nivel B\u00e1sico devenga un salario de 43 mil pesos y uno de Media 51 mil pesos mensuales.<\/p>\n<p><strong>Amarante Baret expres\u00f3 que por disposici\u00f3n de Medina, el Ministerio de Educaci\u00f3n ha distribuido gratuitamente entre estudiantes de las escuelas p\u00fablicas m\u00e1s de 30 millones de libros, cientos de miles de mochilas, uniformes, zapatos y todos los d\u00edas un mill\u00f3n 700 mil estudiantes reciben el desayuno, la comida y una merienda. \u00abEsos son logros tangibles del presidente Medina, y todo eso se ha logrado con el cuatro por ciento\u00bb.<\/strong><\/p>\n<p>Inform\u00f3 que se han destinado cientos de miles de millones de pesos a la educaci\u00f3n, porque el presidente cree que s\u00f3lo a trav\u00e9s de la educaci\u00f3n de calidad se puede cambiar la vida de las personas de manera decidida e irreversible, dando igualdad de oportunidades.<\/p>\n<p>En el acto tambi\u00e9n habl\u00f3 el Director de la Oficina de Ingenieros Supervisores del Estado, Francisco Pag\u00e1n, quien revel\u00f3 que el presidente Medina ha invertido en el municipio Santo Domingo Este la suma de 7,875 millones de pesos en 114 escuelas y 28 estancias infantiles, con un total de 2,699 aulas.<\/p>\n<p>Indic\u00f3 que en Boca Chica y La Caleta, la inversi\u00f3n estatal asciende a mil 400 millones de pesos, un centro de diagn\u00f3stico y atenci\u00f3n primaria y en proceso de ejecuci\u00f3n otros cinco con una inversi\u00f3n de 520 millones de pesos, incluyendo equipamiento, reparaci\u00f3n y ampliaci\u00f3n de cuatro hospitales, con un monto de 187 millones de pesos.<\/p>\n<p>El director del liceo Juan Pablo Duarte, Tirso Encarnaci\u00f3n Jim\u00e9nez, declar\u00f3 que con las nuevas instalaciones la pobreza no ser\u00e1 obst\u00e1culo ni un pretexto para que la juventud del sector no se eduque. Agradeci\u00f3 al presidente Medina por el apoyo que le ha brindado a la comunidad.<\/p>\n<p>De su lado, el estudiante Luis Eduardo B\u00e1ez Moner\u00f3, quien dio las gracias a nombre de sus compa\u00f1eros, dijo que debido a la atenci\u00f3n que el presidente Danilo Medina ha prestado a la educaci\u00f3n dominicana, en el pa\u00eds se puede hablar de un antes y un despu\u00e9s en el sistema educativo nacional.<\/p>\n<p>\u00abGracias por haber puesto sus ojos y velar por la educaci\u00f3n y el futuro de nuestro pa\u00eds, con lo que ya es una realidad la Revoluci\u00f3n Educativa\u00bb, indic\u00f3.<\/p>\n<p>El  Liceo Juan Pablo Duarte posee laboratorios de ciencias y de inform\u00e1tica, biblioteca, aulas especiales, cancha, comedor y \u00e1rea administrativa equipada. Antes, los estudiantes de Media del barrio Monterrey ten\u00edan que desplazarse hasta el sector Los Coquitos, con grave peligro para sus vidas porque ten\u00edan que cruzar la peligrosa Autopista Las Am\u00e9ricas.<\/p>\n<p>Las clases les eran impartidas en ocho aulas prestadas por la direcci\u00f3n de la escuela Elvira de Mendoza, en Andr\u00e9s, espacio que les resultaba insuficiente.<\/p>\n<p>Estancia Infantil <\/p>\n<p>M\u00e1s de mil 600 familias y 226 ni\u00f1os de cero a cinco a\u00f1os ser\u00e1n beneficiadas con la Estancia Infantil  Brisas del Norte, en el sector del mismo nombre, en el municipio Boca Chica. Fue construida  con una  inversi\u00f3n de 35 millones, 609 mil 241 pesos con 72 centavos. <\/p>\n<p>La bendici\u00f3n de las  obras estuvo  bajo la responsabilidad del sacerdote Jos\u00e9 Antonio L\u00f3pez, de la parroquia de  Boca Chica. Las palabras de bienvenida  en la inauguraci\u00f3n del centro educativo las pronunci\u00f3  su director, licenciado Tirso Encarnaci\u00f3n Jim\u00e9nez, mientras en la entrega de la estancia correspondi\u00f3  a la directora del Instituto Nacional de Atenci\u00f3n Integral  a  la Primera Infancia ,  licenciada Alexandra Santelises.<\/p>\n<p>En la mesa directiva acompa\u00f1aron al presidente Medina y al Ministro de Educaci\u00f3n, el Ministro Administrativo de la Presidencia, licenciado Jos\u00e9 Ram\u00f3n Peralta; el ingeniero Francisco Pag\u00e1n, director de la Oficina de  Ingenieros Supervisores de Obras del Estado; Juan  Fr\u00edas, gobernador de la provincia  Santo Domingo, y la  senadora de la provincia, Cristina Lizardo.<\/p>\n<p>Tambi\u00e9n los diputados Hugo Fortuna, Eduardo Hidalgo, Alfredo Mart\u00ednez, Isabel de la Cruz, Luis Enrique Beato, Adalgisa Pujols, el s\u00edndico Daniel Ozuna  y la Directora Regional de Educaci\u00f3n , Sobeyda S\u00e1nchez <\/p>\n<p>Estad\u00edsticas <\/p>\n<p><strong>La provincia Santo Domingo cuenta con 811 escuelas p\u00fablicas y 424,316 estudiantes, de los cuales 53 est\u00e1n en el municipio Boca Chica, con 32,930  alumnos.<\/strong><\/p>\n<p>Esta demarcaci\u00f3n tiene 217 centros de Jornada Escolar Extendida y 138,097  estudiantes bajo \u00e9sta modalidad. De estos centros, 20 est\u00e1n en Boca Chica,  con una matr\u00edcula de 12,084 estudiantes.<\/p>\n<h6> 2016-07-28 22:48:45 <\/h6>\n<p><!--\n<link rel=\"stylesheet\" href=\"css\/bootstrap.min.css\">\n\n\n<ul class=\"pagination\">\n\t    \n\t\n\n<li >\n\t<a href='?page_no=12343'>Previous<\/a>\n\t<\/li>\n\n\n       \n    \n\n<li><a href='?page_no=1'>1<\/a><\/li>\n\n\n\n<li><a href='?page_no=2'>2<\/a><\/li>\n\n\n\n<li><a>...<\/a><\/li>\n\n\n\n<li><a href='?page_no=12342'>12342<\/a><\/li>\n\n\n\n<li><a href='?page_no=12343'>12343<\/a><\/li>\n\n\n\n<li class='active'><a>12344<\/a><\/li>\n\n\n\n<li><a href='?page_no=12345'>12345<\/a><\/li>\n\n\n\n<li><a href='?page_no=12346'>12346<\/a><\/li>\n\n\n\n<li><a>...<\/a><\/li>\n\n\n\n<li><a href='?page_no=56169'>56169<\/a><\/li>\n\n\n\n<li><a href='?page_no=56170'>56170<\/a><\/li>\n\n    \n\t\n\n<li >\n\t<a href='?page_no=12345'>Next<\/a>\n\t<\/li>\n\n\n    \n\n<li><a href='?page_no=56170'>Last &rsaquo;&rsaquo;<\/a><\/li>\n\n<\/ul>\n\n\n--><br \/>\n<\/body><\/p>\n","protected":false},"excerpt":{"rendered":"<p>En el discurso que pronunci\u00f3 en el acto, el Ministro de Educaci\u00f3n, Carlos Amarante Baret, destac\u00f3 el alcance de la Revoluci\u00f3n Educativa que impulsa el Gobierno de Danilo Medina y su impacto en el desarrollo integral de la familia dominicana. BOCA CHICA, RD, 28 de Julio de 2016.- El presidente Danilo Medina inaugur\u00f3 este jueves [&hellip;]<\/p>\n","protected":false},"author":3,"featured_media":0,"comment_status":"open","ping_status":"open","sticky":false,"template":"","format":"standard","meta":{"footnotes":""},"categories":[20],"tags":[],"class_list":["post-217865","post","type-post","status-publish","format-standard","hentry","category-dominicana-hoy"],"_links":{"self":[{"href":"https:\/\/diariodominicano.com\/index.php?rest_route=\/wp\/v2\/posts\/217865","targetHints":{"allow":["GET"]}}],"collection":[{"href":"https:\/\/diariodominicano.com\/index.php?rest_route=\/wp\/v2\/posts"}],"about":[{"href":"https:\/\/diariodominicano.com\/index.php?rest_route=\/wp\/v2\/types\/post"}],"author":[{"embeddable":true,"href":"https:\/\/diariodominicano.com\/index.php?rest_route=\/wp\/v2\/users\/3"}],"replies":[{"embeddable":true,"href":"https:\/\/diariodominicano.com\/index.php?rest_route=%2Fwp%2Fv2%2Fcomments&post=217865"}],"version-history":[{"count":0,"href":"https:\/\/diariodominicano.com\/index.php?rest_route=\/wp\/v2\/posts\/217865\/revisions"}],"wp:attachment":[{"href":"https:\/\/diariodominicano.com\/index.php?rest_route=%2Fwp%2Fv2%2Fmedia&parent=217865"}],"wp:term":[{"taxonomy":"category","embeddable":true,"href":"https:\/\/diariodominicano.com\/index.php?rest_route=%2Fwp%2Fv2%2Fcategories&post=217865"},{"taxonomy":"post_tag","embeddable":true,"href":"https:\/\/diariodominicano.com\/index.php?rest_route=%2Fwp%2Fv2%2Ftags&post=217865"}],"curies":[{"name":"wp","href":"https:\/\/api.w.org\/{rel}","templated":true}]}}