{"id":217864,"date":"2016-07-29T09:56:19","date_gmt":"2016-07-29T09:56:19","guid":{"rendered":"http:\/\/diariodominicano.ddns.net\/?p=217864"},"modified":"2016-07-29T09:56:19","modified_gmt":"2016-07-29T09:56:19","slug":"enmp-y-usaid-concluyen-jornada-taller-sobre-prueba-pericial","status":"publish","type":"post","link":"https:\/\/diariodominicano.com\/?p=217864","title":{"rendered":"ENMP y USAID concluyen jornada taller sobre prueba pericial"},"content":{"rendered":"<p><body><\/p>\n<p><img decoding=\"async\" src=\"img3\/usaiministerio29-7.jpg\" \/>  <\/p>\n<p><span class=\"text1noticias\">Santo Domingo, R. D., 29 de julio.- La Escuela Nacional del Ministerio P\u00fablico (ENMP) y la Agencia de los Estados Unidos para el Desarrollo Internacional (USAID), concluyeron la segunda jornada del  Taller \u00abEstrategia para la producci\u00f3n y refutaci\u00f3n de la Prueba Pericial en el sistema Penal  Dominicano\u00bb dirigido a Fiscales, M\u00e9dicos Forenses y Analistas forenses.<\/span><\/p>\n<p><span class=\"text1noticias\"> <\/span><\/p>\n<p><span class=\"text1noticias\">El objetivo de esta formaci\u00f3n es que los participantes adquieran conocimientos, desarrollen habilidades y destrezas para la gesti\u00f3n eficaz de la prueba pericial de cargo y la refutaci\u00f3n efectiva de la prueba pericial de descargo.<\/span><\/p>\n<p><span class=\"text1noticias\"> <\/span><\/p>\n<p><span class=\"text1noticias\">Entre las competencias desarrolladas en los participantes se encuentra la de facilitar la labor de las investigaciones cient\u00edfico-t\u00e9cnicas, a trav\u00e9s de la compensaci\u00f3n de las garant\u00edas de los derechos y principios constitucionales del Sistema Acusatorio. Lo que redundar\u00e1 en una mayor efectividad de la investigaci\u00f3n, y en particular en el Ministerio P\u00fablico, podr\u00e1 contar con elementos de prueba m\u00e1s s\u00f3lidos para mantener la acusaci\u00f3n. Persigue adem\u00e1s, que los participantes asuman su rol funcional sobre la base de la comunicaci\u00f3n efectiva, la planificaci\u00f3n estrat\u00e9gica de casos y la intervenci\u00f3n judicial conjunta y articulada, para el cumplimiento de los objetivos institucionales de aplicaci\u00f3n efectiva de la ley penal. <\/span><\/p>\n<p><span class=\"text1noticias\"> <\/span><\/p>\n<p><span class=\"text1noticias\">Dentro de los temas que se abordaron, est\u00e1n; Aplicaci\u00f3n de L\u00ednea de Base o Conducta de Entrada; Fundamentos Constitucionales y Principios Rectores del Sistema Penal Acusatorio; Reglas de Legalidad y de Admisibilidad de la en el Sistema Penal Acusatorio; Revisi\u00f3n de la Cadena de Custodia; Producci\u00f3n de la Prueba Pericial e incorporaci\u00f3n de Evidencia Demostrativa en Juicio Oral, entro otros.    <\/span><\/p>\n<p><span class=\"text1noticias\"> <\/span><\/p>\n<p><span class=\"text1noticias\">La docencia fue impartida por; Ana Montes Calder\u00f3n, consultora internacional colombiana, con m\u00e1s de 20 a\u00f1os de experiencia en temas de modernizaci\u00f3n, fortalecimiento, gesti\u00f3n y administraci\u00f3n de sistemas judiciales, dise\u00f1o y ejecuci\u00f3n de pol\u00edticas p\u00fablicas del Sector de Justicia  y desarrollo normativo, y Fernando Jim\u00e9nez Montes, abogado y consultor internacional colombiano, especialista en Ciencias Penales y Criminol\u00f3gicas y en T\u00e9cnicas de Investigaci\u00f3n Criminal. Cuenta con estudios internacionales en Investigaci\u00f3n Criminal y Litigaci\u00f3n Oral en Inglaterra (National Training Center), Italia (Universidad de Florencia) y Estados Unidos (Universidad de Nuevo M\u00e9xico<\/span>). <\/p>\n<h6> 2016-07-29 09:56:19 <\/h6>\n<p><!--\n<link rel=\"stylesheet\" href=\"css\/bootstrap.min.css\">\n\n\n<ul class=\"pagination\">\n\t    \n\t\n\n<li >\n\t<a href='?page_no=12342'>Previous<\/a>\n\t<\/li>\n\n\n       \n    \n\n<li><a href='?page_no=1'>1<\/a><\/li>\n\n\n\n<li><a href='?page_no=2'>2<\/a><\/li>\n\n\n\n<li><a>...<\/a><\/li>\n\n\n\n<li><a href='?page_no=12341'>12341<\/a><\/li>\n\n\n\n<li><a href='?page_no=12342'>12342<\/a><\/li>\n\n\n\n<li class='active'><a>12343<\/a><\/li>\n\n\n\n<li><a href='?page_no=12344'>12344<\/a><\/li>\n\n\n\n<li><a href='?page_no=12345'>12345<\/a><\/li>\n\n\n\n<li><a>...<\/a><\/li>\n\n\n\n<li><a href='?page_no=56169'>56169<\/a><\/li>\n\n\n\n<li><a href='?page_no=56170'>56170<\/a><\/li>\n\n    \n\t\n\n<li >\n\t<a href='?page_no=12344'>Next<\/a>\n\t<\/li>\n\n\n    \n\n<li><a href='?page_no=56170'>Last &rsaquo;&rsaquo;<\/a><\/li>\n\n<\/ul>\n\n\n--><br \/>\n<\/body><\/p>\n","protected":false},"excerpt":{"rendered":"<p>Santo Domingo, R. D., 29 de julio.- La Escuela Nacional del Ministerio P\u00fablico (ENMP) y la Agencia de los Estados Unidos para el Desarrollo Internacional (USAID), concluyeron la segunda jornada del Taller \u00abEstrategia para la producci\u00f3n y refutaci\u00f3n de la Prueba Pericial en el sistema Penal Dominicano\u00bb dirigido a Fiscales, M\u00e9dicos Forenses y Analistas forenses. [&hellip;]<\/p>\n","protected":false},"author":3,"featured_media":0,"comment_status":"open","ping_status":"open","sticky":false,"template":"","format":"standard","meta":{"footnotes":""},"categories":[20],"tags":[],"class_list":["post-217864","post","type-post","status-publish","format-standard","hentry","category-dominicana-hoy"],"_links":{"self":[{"href":"https:\/\/diariodominicano.com\/index.php?rest_route=\/wp\/v2\/posts\/217864","targetHints":{"allow":["GET"]}}],"collection":[{"href":"https:\/\/diariodominicano.com\/index.php?rest_route=\/wp\/v2\/posts"}],"about":[{"href":"https:\/\/diariodominicano.com\/index.php?rest_route=\/wp\/v2\/types\/post"}],"author":[{"embeddable":true,"href":"https:\/\/diariodominicano.com\/index.php?rest_route=\/wp\/v2\/users\/3"}],"replies":[{"embeddable":true,"href":"https:\/\/diariodominicano.com\/index.php?rest_route=%2Fwp%2Fv2%2Fcomments&post=217864"}],"version-history":[{"count":0,"href":"https:\/\/diariodominicano.com\/index.php?rest_route=\/wp\/v2\/posts\/217864\/revisions"}],"wp:attachment":[{"href":"https:\/\/diariodominicano.com\/index.php?rest_route=%2Fwp%2Fv2%2Fmedia&parent=217864"}],"wp:term":[{"taxonomy":"category","embeddable":true,"href":"https:\/\/diariodominicano.com\/index.php?rest_route=%2Fwp%2Fv2%2Fcategories&post=217864"},{"taxonomy":"post_tag","embeddable":true,"href":"https:\/\/diariodominicano.com\/index.php?rest_route=%2Fwp%2Fv2%2Ftags&post=217864"}],"curies":[{"name":"wp","href":"https:\/\/api.w.org\/{rel}","templated":true}]}}