{"id":217863,"date":"2016-07-29T10:47:34","date_gmt":"2016-07-29T10:47:34","guid":{"rendered":"http:\/\/diariodominicano.ddns.net\/?p=217863"},"modified":"2016-07-29T10:47:34","modified_gmt":"2016-07-29T10:47:34","slug":"realizaran-jornada-educativa-para-cuidadores-de-personas-con-parkinson","status":"publish","type":"post","link":"https:\/\/diariodominicano.com\/?p=217863","title":{"rendered":"Realizar\u00e1n jornada educativa para cuidadores de personas con Parkinson"},"content":{"rendered":"<p><body><\/p>\n<p><img decoding=\"async\" src=\"img3\/parlinson29-7.jpg\" \/>  <\/p>\n<p><span class=\"text1noticias\">Santo Domingo, R. D., 29 de julio.- La Fundaci\u00f3n Dominicana  Contra el Mal de Parkinson llevar\u00e1 a cabo la segunda jornada nacional dirigida a cuidadores de personas que viven con esta enfermedad este el s\u00e1bado 30 de julio, en el Sal\u00f3n Parroquial de los Prados, de 9 a 3 de la tarde.<\/span><\/p>\n<p><span class=\"text1noticias\"> <\/span><\/p>\n<p><span class=\"text1noticias\">Diferentes profesionales sanitarios  estar\u00e1n disertando sobre c\u00f3mo cuidar y cuidarse, al un\u00edsono con la corriente mundial de \u00abcuidar a los que cuidan\u00bb, en un taller interactivo  gratuito al p\u00fablico en el que se compartir\u00e1n  las experiencias con los concurrentes y se les brindar\u00e1 herramientas para poder  asumir mejor el rol de cuidador<\/span><\/p>\n<p><span class=\"text1noticias\"> <\/span><\/p>\n<p><span class=\"text1noticias\">La doctora Marcia Castillo, quien funge como directora m\u00e9dica de FUNDOCONEDEP explic\u00f3 que es necesario el abordaje integral de esta enfermedad tomando en cuenta que para llevar calidad de vida a los pacientes tambi\u00e9n debe tomarse en cuenta el bienestar de los que le cuidan.<\/span><\/p>\n<p><span class=\"text1noticias\"> <\/span><\/p>\n<p><span class=\"text1noticias\">Como parte del programa, los doctores Oliver Cabrera y Hamlet Montero estar\u00e1n abordando los temas de la identificaci\u00f3n de los s\u00edntomas no motores del Parkinson y c\u00f3mo sobrellevar los aspectos neurosiqui\u00e1tricos del paciente avanzado, respectivamente.<\/span><\/p>\n<p><span class=\"text1noticias\"> <\/span><\/p>\n<p><span class=\"text1noticias\">Tambi\u00e9n el s\u00edndrome del cuidador (burnout), a cargo de la psic\u00f3loga Elba Rodr\u00edguez y los cuidados directos del paciente terminal, a cargo de la doctora Rosa S\u00e1nchez.<\/span><\/p>\n<p><span class=\"text1noticias\"> <\/span><\/p>\n<p><span class=\"text1noticias\">Otros temas que abarca esta jornada patrocinada por los laboratorios laboratorios  Merz, Rowe, Roemmers  y Feltrex, es la habilitaci\u00f3n de la arquitectura dom\u00e9stica, la rehabilitaci\u00f3n y reeducaci\u00f3n domiciliaria, aspectos sobre la nutrici\u00f3n adecuada para los pacientes con Parkinson y actividades l\u00fadicas y recreativas para ellos.<\/span><\/p>\n<p><span class=\"text1noticias\"> <\/span><\/p>\n<p><span class=\"text1noticias\">Aunque se desconoce la cantidad de pacientes que viven con el Mal de Parkinson en el pa\u00eds, se sabe que la enfermedad afecta entre 15 y 20 personas por cada 100 mil habitantes. Aunque lo m\u00e1s frecuente es que lo padezcan personas mayores de 60 a\u00f1os, tambi\u00e9n puede presentarse en adultos j\u00f3venes. Los medicamentos son muy costosos y no est\u00e1n cubiertos por el r\u00e9gimen de seguridad social.<\/span><\/p>\n<p><span class=\"text1noticias\"> <\/span><\/p>\n<p><span class=\"text1noticias\">FUNDOCONEDEP fue creada hace tres a\u00f1os, y desde entonces desarrolla proyectos espec\u00edficos relacionados a la informaci\u00f3n, la rehabilitaci\u00f3n, el soporte psicoafectivo, la gesti\u00f3n de medicamentos y espacios de socializaci\u00f3n y diversi\u00f3n para los afectados por la enfermedad y sus f<\/span>amilias.<\/p>\n<h6> 2016-07-29 10:47:34 <\/h6>\n<p><!--\n<link rel=\"stylesheet\" href=\"css\/bootstrap.min.css\">\n\n\n<ul class=\"pagination\">\n\t    \n\t\n\n<li >\n\t<a href='?page_no=12341'>Previous<\/a>\n\t<\/li>\n\n\n       \n    \n\n<li><a href='?page_no=1'>1<\/a><\/li>\n\n\n\n<li><a href='?page_no=2'>2<\/a><\/li>\n\n\n\n<li><a>...<\/a><\/li>\n\n\n\n<li><a href='?page_no=12340'>12340<\/a><\/li>\n\n\n\n<li><a href='?page_no=12341'>12341<\/a><\/li>\n\n\n\n<li class='active'><a>12342<\/a><\/li>\n\n\n\n<li><a href='?page_no=12343'>12343<\/a><\/li>\n\n\n\n<li><a href='?page_no=12344'>12344<\/a><\/li>\n\n\n\n<li><a>...<\/a><\/li>\n\n\n\n<li><a href='?page_no=56169'>56169<\/a><\/li>\n\n\n\n<li><a href='?page_no=56170'>56170<\/a><\/li>\n\n    \n\t\n\n<li >\n\t<a href='?page_no=12343'>Next<\/a>\n\t<\/li>\n\n\n    \n\n<li><a href='?page_no=56170'>Last &rsaquo;&rsaquo;<\/a><\/li>\n\n<\/ul>\n\n\n--><br \/>\n<\/body><\/p>\n","protected":false},"excerpt":{"rendered":"<p>Santo Domingo, R. D., 29 de julio.- La Fundaci\u00f3n Dominicana Contra el Mal de Parkinson llevar\u00e1 a cabo la segunda jornada nacional dirigida a cuidadores de personas que viven con esta enfermedad este el s\u00e1bado 30 de julio, en el Sal\u00f3n Parroquial de los Prados, de 9 a 3 de la tarde. Diferentes profesionales sanitarios [&hellip;]<\/p>\n","protected":false},"author":3,"featured_media":0,"comment_status":"open","ping_status":"open","sticky":false,"template":"","format":"standard","meta":{"footnotes":""},"categories":[20],"tags":[],"class_list":["post-217863","post","type-post","status-publish","format-standard","hentry","category-dominicana-hoy"],"_links":{"self":[{"href":"https:\/\/diariodominicano.com\/index.php?rest_route=\/wp\/v2\/posts\/217863","targetHints":{"allow":["GET"]}}],"collection":[{"href":"https:\/\/diariodominicano.com\/index.php?rest_route=\/wp\/v2\/posts"}],"about":[{"href":"https:\/\/diariodominicano.com\/index.php?rest_route=\/wp\/v2\/types\/post"}],"author":[{"embeddable":true,"href":"https:\/\/diariodominicano.com\/index.php?rest_route=\/wp\/v2\/users\/3"}],"replies":[{"embeddable":true,"href":"https:\/\/diariodominicano.com\/index.php?rest_route=%2Fwp%2Fv2%2Fcomments&post=217863"}],"version-history":[{"count":0,"href":"https:\/\/diariodominicano.com\/index.php?rest_route=\/wp\/v2\/posts\/217863\/revisions"}],"wp:attachment":[{"href":"https:\/\/diariodominicano.com\/index.php?rest_route=%2Fwp%2Fv2%2Fmedia&parent=217863"}],"wp:term":[{"taxonomy":"category","embeddable":true,"href":"https:\/\/diariodominicano.com\/index.php?rest_route=%2Fwp%2Fv2%2Fcategories&post=217863"},{"taxonomy":"post_tag","embeddable":true,"href":"https:\/\/diariodominicano.com\/index.php?rest_route=%2Fwp%2Fv2%2Ftags&post=217863"}],"curies":[{"name":"wp","href":"https:\/\/api.w.org\/{rel}","templated":true}]}}