{"id":217862,"date":"2016-07-29T12:45:43","date_gmt":"2016-07-29T12:45:43","guid":{"rendered":"http:\/\/diariodominicano.ddns.net\/?p=217862"},"modified":"2016-07-29T12:45:43","modified_gmt":"2016-07-29T12:45:43","slug":"onamet-monitorea-zonas-de-aguaceros-podrian-convertirse-en-tormentas","status":"publish","type":"post","link":"https:\/\/diariodominicano.com\/?p=217862","title":{"rendered":"Onamet monitorea zonas de aguaceros podr\u00edan convertirse en tormentas"},"content":{"rendered":"<p><body><\/p>\n<p><img decoding=\"async\" src=\"img3\/huracanes29.png\" \/>  <\/p>\n<p>Santo Domingo, R. D., 29 de julio.- El Centro Nacional de Huracanes, de los Estados Unidos (conocido por su siglas en ingl\u00e9s) NHC en su bolet\u00edn de este viernes report\u00f3 dos fen\u00f3menos atmosf\u00e9ricos localizados en el oc\u00e9ano Atl\u00e1ntico que tienen probabilidades de convertirse en cicl\u00f3n la pr\u00f3xima semana. <\/p>\n<\/p>\n<p>Se trata de una onda tropical localizada a unas 1200 millas al este de las Islas de Sotavento que  se mueve r\u00e1pidamente hacia el oeste a alrededor de 25 millas por hora.<\/p>\n<\/p>\n<p>Aunque el reporte del  NHC indica que la actividad de aguaceros asociada al sistema esta pobremente organizada, y dado al su r\u00e1pido movimiento cualquier desarrollo pudiendo afectar con aguaceros y vientos en r\u00e1fagas las islas de Barlovento y el este del Mar Caribe el fin de semana.<\/p>\n<\/p>\n<p>La otra actividad de aguaceros asociada con una onda tropical y un sistema de baja presi\u00f3n centrado a unas cientos de millas al sur-sureste de las Islas de Cabo Verde ha mejorado su organizaci\u00f3n desde ayer, con una probabilidad de convertirse en tormenta en un 50 por ciento.<\/p>\n<\/p>\n<p>La Oficina Nacional de Meteorolog\u00eda (Onamet) inform\u00f3 que monitorea la evoluci\u00f3n de \u00e9stas dos \u00e1reas de aguaceros asociadas a ondas tropicales que por el momento no representan peligro para la Rep\u00fablica Dominicana.<\/p>\n<\/p>\n<p>Mientras, se\u00f1ala que las condiciones del tiempo en el pa\u00eds estar\u00e1n bajo los efectos de una vaguada en altura sobre la porci\u00f3n oriental, que estar\u00e1 aportando humedad e inestabilidad para que se produzcan aguaceros con tronadas, sobre todo en horas de la tarde y noche.<\/p>\n<\/p>\n<p>Las provincias afectadas por las lluvias ser\u00edan Monse\u00f1or Nouel, S\u00e1nchez Ram\u00edrez, El\u00edas Pi\u00f1a, Dajab\u00f3n, Santiago Rodr\u00edguez, Monte Plata, San Pedro de Macor\u00eds, La Romana, Hato Mayor, El Seibo, San Crist\u00f3bal y el Gran Santo Domingo.<\/p>\n<\/p>\n<p>Para este s\u00e1bado se pronostica una disminuci\u00f3n de la actividad de aguaceros debido a que la vaguada se mover\u00e1 hacia el oeste, mientras continuar\u00e1n registr\u00e1ndose altas temperaturas. <\/p>\n<h6> 2016-07-29 12:45:43 <\/h6>\n<p><!--\n<link rel=\"stylesheet\" href=\"css\/bootstrap.min.css\">\n\n\n<ul class=\"pagination\">\n\t    \n\t\n\n<li >\n\t<a href='?page_no=12340'>Previous<\/a>\n\t<\/li>\n\n\n       \n    \n\n<li><a href='?page_no=1'>1<\/a><\/li>\n\n\n\n<li><a href='?page_no=2'>2<\/a><\/li>\n\n\n\n<li><a>...<\/a><\/li>\n\n\n\n<li><a href='?page_no=12339'>12339<\/a><\/li>\n\n\n\n<li><a href='?page_no=12340'>12340<\/a><\/li>\n\n\n\n<li class='active'><a>12341<\/a><\/li>\n\n\n\n<li><a href='?page_no=12342'>12342<\/a><\/li>\n\n\n\n<li><a href='?page_no=12343'>12343<\/a><\/li>\n\n\n\n<li><a>...<\/a><\/li>\n\n\n\n<li><a href='?page_no=56169'>56169<\/a><\/li>\n\n\n\n<li><a href='?page_no=56170'>56170<\/a><\/li>\n\n    \n\t\n\n<li >\n\t<a href='?page_no=12342'>Next<\/a>\n\t<\/li>\n\n\n    \n\n<li><a href='?page_no=56170'>Last &rsaquo;&rsaquo;<\/a><\/li>\n\n<\/ul>\n\n\n--><br \/>\n<\/body><\/p>\n","protected":false},"excerpt":{"rendered":"<p>Santo Domingo, R. D., 29 de julio.- El Centro Nacional de Huracanes, de los Estados Unidos (conocido por su siglas en ingl\u00e9s) NHC en su bolet\u00edn de este viernes report\u00f3 dos fen\u00f3menos atmosf\u00e9ricos localizados en el oc\u00e9ano Atl\u00e1ntico que tienen probabilidades de convertirse en cicl\u00f3n la pr\u00f3xima semana. Se trata de una onda tropical localizada [&hellip;]<\/p>\n","protected":false},"author":3,"featured_media":0,"comment_status":"open","ping_status":"open","sticky":false,"template":"","format":"standard","meta":{"footnotes":""},"categories":[20],"tags":[],"class_list":["post-217862","post","type-post","status-publish","format-standard","hentry","category-dominicana-hoy"],"_links":{"self":[{"href":"https:\/\/diariodominicano.com\/index.php?rest_route=\/wp\/v2\/posts\/217862","targetHints":{"allow":["GET"]}}],"collection":[{"href":"https:\/\/diariodominicano.com\/index.php?rest_route=\/wp\/v2\/posts"}],"about":[{"href":"https:\/\/diariodominicano.com\/index.php?rest_route=\/wp\/v2\/types\/post"}],"author":[{"embeddable":true,"href":"https:\/\/diariodominicano.com\/index.php?rest_route=\/wp\/v2\/users\/3"}],"replies":[{"embeddable":true,"href":"https:\/\/diariodominicano.com\/index.php?rest_route=%2Fwp%2Fv2%2Fcomments&post=217862"}],"version-history":[{"count":0,"href":"https:\/\/diariodominicano.com\/index.php?rest_route=\/wp\/v2\/posts\/217862\/revisions"}],"wp:attachment":[{"href":"https:\/\/diariodominicano.com\/index.php?rest_route=%2Fwp%2Fv2%2Fmedia&parent=217862"}],"wp:term":[{"taxonomy":"category","embeddable":true,"href":"https:\/\/diariodominicano.com\/index.php?rest_route=%2Fwp%2Fv2%2Fcategories&post=217862"},{"taxonomy":"post_tag","embeddable":true,"href":"https:\/\/diariodominicano.com\/index.php?rest_route=%2Fwp%2Fv2%2Ftags&post=217862"}],"curies":[{"name":"wp","href":"https:\/\/api.w.org\/{rel}","templated":true}]}}