{"id":217861,"date":"2016-07-29T13:56:09","date_gmt":"2016-07-29T13:56:09","guid":{"rendered":"http:\/\/diariodominicano.ddns.net\/?p=217861"},"modified":"2016-07-29T13:56:09","modified_gmt":"2016-07-29T13:56:09","slug":"inician-construccion-de-planta-procesadora-de-cana-esmeralda","status":"publish","type":"post","link":"https:\/\/diariodominicano.com\/?p=217861","title":{"rendered":"Inician construcci\u00f3n de planta procesadora de ca\u00f1a \u00abesmeralda\u00bb"},"content":{"rendered":"<p><body><\/p>\n<p><img decoding=\"async\" src=\"img3\/187cb401-3695-4a93-a6db-5c9a98888d0a.jpg\" \/>  <\/p>\n<p><span class=\"text1noticias\">Monte Plata, RD., 29 de julio.-  El director ejecutivo del Consejo Estatal del Az\u00facar (CEA), Jos\u00e9 Joaqu\u00edn Dom\u00ednguez Pe\u00f1a dej\u00f3 iniciados los trabajos de construcci\u00f3n de la Planta Procesadora de Ca\u00f1a Esmeralda en la comunidad de Chirino, Monte Plata, que se realizar\u00e1n con una inversi\u00f3n de 475 millones de pesos  (US$9,310.000.00.).<\/span><\/p>\n<\/p>\n<p><span class=\"text1noticias\">La planta f\u00edsica de la Procesadora de ca\u00f1a Esmeralda ser\u00e1 construida  por disposici\u00f3n del Presidente Danilo Medina, con recursos transferidos del Fondo Patrimonial de Las Empresas Reformadas (FONPER), mientras que el Consejo Estatal del Az\u00facar  tendr\u00e1 a su cargo la responsabilidad del desarrollo del  proyecto y la puesta en producci\u00f3n de 16 mil tareas de ca\u00f1a con una inversi\u00f3n de RD$72,000,000.00.<\/span><\/p>\n<\/p>\n<p><span class=\"text1noticias\">Dom\u00ednguez Pe\u00f1a indic\u00f3 que La obra es el resultado del proyecto para el relanzamiento de la producci\u00f3n de ca\u00f1a en el pa\u00eds  que ejecuta el gobierno a trav\u00e9s del CEA. La Planta para la producci\u00f3n de az\u00facar de Panela, energ\u00eda el\u00e9ctrica y mieles ricas tendr\u00e1 una producci\u00f3n de molienda de 500 toneladas de ca\u00f1a por d\u00eda, as\u00ed como  una capacidad instalada de producci\u00f3n de 25 toneladas de panela diaria.<\/span><\/p>\n<\/p>\n<p><span class=\"text1noticias\">Mientras que el Presidente de la Federaci\u00f3n de Colonos Azucareros Juli\u00e1n Peralta manifest\u00f3 la satisfacci\u00f3n del sector ca\u00f1ero por el inicio de esta obra que permitir\u00e1 el resurgimiento de la producci\u00f3n de ca\u00f1a para beneficio de cientos de peque\u00f1os productores.<\/span><\/p>\n<p><span class=\"text1noticias\">\t<\/span><\/p>\n<p><span class=\"text1noticias\">El director del Fondo Patrimonial de las Empresas Reformadas (FONPER) Fernando Rosa,  destac\u00f3 que los recursos para la construcci\u00f3n de la planta  est\u00e1n ya disponibles, as\u00ed como los que se utilizar\u00e1n para la instalaci\u00f3n de la procesadora de ca\u00f1a en San Jos\u00e9 de Los Llanos.<\/span><\/p>\n<\/p>\n<p><span class=\"text1noticias\">El cura p\u00e1rroco de la comunidad de Chirino, Ren\u00e9 Mondes\u00ed, bendijo el inicio de la obra que dijo ser\u00e1  de gran beneficio para la comunidad y productores de la zona.<\/span><\/p>\n<\/p>\n<p><span class=\"text1noticias\">El Proyecto \u00a8El Nuevo Sabor de la Ca\u00f1a\u00a8, forma parte  de las acciones propuestas dentro del convenio interinstitucional entre El Consejo Estatal del Az\u00facar (CEA), La Oficina de Gesti\u00f3n Senatorial de Monte Plata, La Federaci\u00f3n Dominicana de Colonos Azucareros (FEDOCA-ADELMOPLA), y La Asociaci\u00f3n de Ca\u00f1icultores de Monte Plata (ACAMOPLATA) para desarrollar la producci\u00f3n de ca\u00f1a de az\u00facar, e incluye adem\u00e1s la construcci\u00f3n de una procesadora de Ca\u00f1a en el Municipio San Jos\u00e9 de los Llanos de San Pedro de Macor\u00eds.<\/span><\/p>\n<p><span class=\"text1noticias\">El director del CEA,  al dar el primer palazo para dejar iniciado los trabajos de construcci\u00f3n de la Procesadora Esmeralda, destac\u00f3 la importancia de la obra para los productores  de ca\u00f1a de la Provincia Monte Plata y zonas aleda\u00f1as. Resalt\u00f3 que \u00abm\u00e1s de 300 productores de ca\u00f1a quedar\u00e1n insertados al sistema productivo agr\u00edcola,  lo que repercutir\u00e1  en  beneficio de  cientos de familias de la zona\u00bb.<\/span><\/p>\n<p><span class=\"text1noticias\">\u00abUn ingenio que adem\u00e1s de az\u00facar de mieles ricas va a producir energ\u00eda el\u00e9ctrica\u00bb, destac\u00f3 Dominguez Pe\u00f1a que se\u00f1alo que la meta es lograr la  siembra de 40 mil tareas de ca\u00f1a.<\/span><\/p>\n<p><span class=\"text1noticias\">El proyecto incluir\u00e1 tambi\u00e9n  la instalaci\u00f3n de viveros especializados para la investigaci\u00f3n y mejoras de las variedades de ca\u00f1a existentes para  cultivos, con una inversi\u00f3n de  RD$12,000.000.00.<\/span><\/p>\n<\/p>\n<p><span class=\"text1noticias\">Como parte del proyecto,  desde el  pasado a\u00f1o 2015, el Consejo Estatal del Az\u00facar, inici\u00f3 el  financiamiento y asesor\u00eda a ca\u00f1icultores de comunidades de Monte Plata para la siembra de  16 mil tareas de ca\u00f1a de az\u00facar.  Con la iniciativa se benefician unos 200 productores de 32 comunidades de la Provincia Monte Plata, entre las que se encuentran  Yabacoa, Las Mercedes,  Cruz Verde, La Altagracia, Chucho Salas, Pueblo Nuevo, Chirino,  Bayaguana.<\/span><\/p>\n<p><span class=\"text1noticias\">Tambi\u00e9n 105 productores de Santo Domingo Este, que abarca las  comunidades del Municipio de Guerra entre los que se encuentran Mojarra, Cabreto, Cruce Cabreto, Bella Vista, Cruce de la Pluma-Guerra, Cruce de Ram\u00f3n Coco. Las Barias, La Batata, <\/span><\/p>\n<p><span class=\"text1noticias\">La Pi\u00f1a, Bani, El Toro, El Mamey, Tierra Blanca y en el Distrito Municipal de Hato Viejo. <\/span><\/p>\n<\/p>\n<p><span class=\"text1noticias\">Con el levantamiento de la nueva planta procesadora de ca\u00f1a, el Presidente Danilo Medina da respuesta a la solicitud de los productores agr\u00edcolas hecha en visita sorpresa a la comunidad de Chirino,  de la provincia  Monte Plata. <\/span><\/p>\n<\/p>\n<p><span class=\"text1noticias\">Pr\u00f3ximamente se estar\u00e1 tambi\u00e9n dando inicio a la Procesadora de Ca\u00f1a de San Jos\u00e9 de los Llanos con una inversi\u00f3n tambi\u00e9n de cerca de 10 millones de d\u00f3lares y que permitir\u00e1 poner en producci\u00f3n 32 tareas de ca\u00f1a de az\u00facar en el Este del pa\u00eds.<\/span><\/p>\n<h6> 2016-07-29 13:56:09 <\/h6>\n<p><!--\n<link rel=\"stylesheet\" href=\"css\/bootstrap.min.css\">\n\n\n<ul class=\"pagination\">\n\t    \n\t\n\n<li >\n\t<a href='?page_no=12339'>Previous<\/a>\n\t<\/li>\n\n\n       \n    \n\n<li><a href='?page_no=1'>1<\/a><\/li>\n\n\n\n<li><a href='?page_no=2'>2<\/a><\/li>\n\n\n\n<li><a>...<\/a><\/li>\n\n\n\n<li><a href='?page_no=12338'>12338<\/a><\/li>\n\n\n\n<li><a href='?page_no=12339'>12339<\/a><\/li>\n\n\n\n<li class='active'><a>12340<\/a><\/li>\n\n\n\n<li><a href='?page_no=12341'>12341<\/a><\/li>\n\n\n\n<li><a href='?page_no=12342'>12342<\/a><\/li>\n\n\n\n<li><a>...<\/a><\/li>\n\n\n\n<li><a href='?page_no=56169'>56169<\/a><\/li>\n\n\n\n<li><a href='?page_no=56170'>56170<\/a><\/li>\n\n    \n\t\n\n<li >\n\t<a href='?page_no=12341'>Next<\/a>\n\t<\/li>\n\n\n    \n\n<li><a href='?page_no=56170'>Last &rsaquo;&rsaquo;<\/a><\/li>\n\n<\/ul>\n\n\n--><br \/>\n<\/body><\/p>\n","protected":false},"excerpt":{"rendered":"<p>Monte Plata, RD., 29 de julio.- El director ejecutivo del Consejo Estatal del Az\u00facar (CEA), Jos\u00e9 Joaqu\u00edn Dom\u00ednguez Pe\u00f1a dej\u00f3 iniciados los trabajos de construcci\u00f3n de la Planta Procesadora de Ca\u00f1a Esmeralda en la comunidad de Chirino, Monte Plata, que se realizar\u00e1n con una inversi\u00f3n de 475 millones de pesos (US$9,310.000.00.). La planta f\u00edsica de [&hellip;]<\/p>\n","protected":false},"author":3,"featured_media":0,"comment_status":"open","ping_status":"open","sticky":false,"template":"","format":"standard","meta":{"footnotes":""},"categories":[20],"tags":[],"class_list":["post-217861","post","type-post","status-publish","format-standard","hentry","category-dominicana-hoy"],"_links":{"self":[{"href":"https:\/\/diariodominicano.com\/index.php?rest_route=\/wp\/v2\/posts\/217861","targetHints":{"allow":["GET"]}}],"collection":[{"href":"https:\/\/diariodominicano.com\/index.php?rest_route=\/wp\/v2\/posts"}],"about":[{"href":"https:\/\/diariodominicano.com\/index.php?rest_route=\/wp\/v2\/types\/post"}],"author":[{"embeddable":true,"href":"https:\/\/diariodominicano.com\/index.php?rest_route=\/wp\/v2\/users\/3"}],"replies":[{"embeddable":true,"href":"https:\/\/diariodominicano.com\/index.php?rest_route=%2Fwp%2Fv2%2Fcomments&post=217861"}],"version-history":[{"count":0,"href":"https:\/\/diariodominicano.com\/index.php?rest_route=\/wp\/v2\/posts\/217861\/revisions"}],"wp:attachment":[{"href":"https:\/\/diariodominicano.com\/index.php?rest_route=%2Fwp%2Fv2%2Fmedia&parent=217861"}],"wp:term":[{"taxonomy":"category","embeddable":true,"href":"https:\/\/diariodominicano.com\/index.php?rest_route=%2Fwp%2Fv2%2Fcategories&post=217861"},{"taxonomy":"post_tag","embeddable":true,"href":"https:\/\/diariodominicano.com\/index.php?rest_route=%2Fwp%2Fv2%2Ftags&post=217861"}],"curies":[{"name":"wp","href":"https:\/\/api.w.org\/{rel}","templated":true}]}}