{"id":217859,"date":"2016-07-29T14:06:03","date_gmt":"2016-07-29T14:06:03","guid":{"rendered":"http:\/\/diariodominicano.ddns.net\/?p=217859"},"modified":"2016-07-29T14:06:03","modified_gmt":"2016-07-29T14:06:03","slug":"afirma-no-existe-ley-de-referendo-para-consultar-al-pueblo-sobre-el-aborto","status":"publish","type":"post","link":"https:\/\/diariodominicano.com\/?p=217859","title":{"rendered":"Afirma no existe ley de referendo para consultar al pueblo sobre el aborto"},"content":{"rendered":"<p><body><\/p>\n<p><img decoding=\"async\" src=\"img3\/f0d304ec-c37b-4fb7-bb3b-6bf2534b05b9.jpg\" \/>  <\/p>\n<p><strong>Santo Domingo, R.D., 29 de julio.<\/strong>&#8211; El Diputado Carlos Gabriel Garc\u00eda dijo que los sectores y personalidades que promueven la realizaci\u00f3n de un Referendo para que el pueblo dominicano se exprese sobre el tema del aborto desconocen que esa consulta es imposible de realizar por el momento porque no existe una ley que la regule como ordena la Constituci\u00f3n de la Republica.<\/p>\n<p> Destac\u00f3 que el art\u00edculo 210 de la Constituci\u00f3n que establece la figura del Referendo se\u00f1ala que las consultas populares mediante referendo estar\u00e1n reguladas por una ley que determinar\u00e1 todo lo relativo a su celebraci\u00f3n.<\/p>\n<\/p>\n<p>Record\u00f3 que hace un a\u00f1o que someti\u00f3 un proyecto de ley para regular las consultas populares mediante referendos, pero no ha sido aprobado todav\u00eda por el Congreso Nacional.<\/p>\n<\/p>\n<p>Se\u00f1al\u00f3 que quienes se han inclinado por la realizaci\u00f3n de un referendo para saber la opini\u00f3n del pueblo dominicano sobe el aborto se han confundido con el  Referendo aprobatorio que figura en el art\u00edculo 272 de la Constituci\u00f3n.<\/p>\n<\/p>\n<p>Manifest\u00f3 que el Referendo aprobatorio se refiere que cuando una reforma constitucional verse sobre derechos, garant\u00edas fundamentales y deberes, el  ordenamiento territorial y municipal, el r\u00e9gimen de la nacionalidad, ciudadan\u00eda y extranjer\u00eda, el r\u00e9gimen de la moneda, y sobre los procedimientos de reforma instituidos en la Constituci\u00f3n requerir\u00e1 la ratificaci\u00f3n de la mayor\u00eda de los ciudadanos y ciudadanas con derecho electoral. <\/p>\n<h6> 2016-07-29 14:06:03 <\/h6>\n<p><!--\n<link rel=\"stylesheet\" href=\"css\/bootstrap.min.css\">\n\n\n<ul class=\"pagination\">\n\t    \n\t\n\n<li >\n\t<a href='?page_no=12338'>Previous<\/a>\n\t<\/li>\n\n\n       \n    \n\n<li><a href='?page_no=1'>1<\/a><\/li>\n\n\n\n<li><a href='?page_no=2'>2<\/a><\/li>\n\n\n\n<li><a>...<\/a><\/li>\n\n\n\n<li><a href='?page_no=12337'>12337<\/a><\/li>\n\n\n\n<li><a href='?page_no=12338'>12338<\/a><\/li>\n\n\n\n<li class='active'><a>12339<\/a><\/li>\n\n\n\n<li><a href='?page_no=12340'>12340<\/a><\/li>\n\n\n\n<li><a href='?page_no=12341'>12341<\/a><\/li>\n\n\n\n<li><a>...<\/a><\/li>\n\n\n\n<li><a href='?page_no=56169'>56169<\/a><\/li>\n\n\n\n<li><a href='?page_no=56170'>56170<\/a><\/li>\n\n    \n\t\n\n<li >\n\t<a href='?page_no=12340'>Next<\/a>\n\t<\/li>\n\n\n    \n\n<li><a href='?page_no=56170'>Last &rsaquo;&rsaquo;<\/a><\/li>\n\n<\/ul>\n\n\n--><br \/>\n<\/body><\/p>\n","protected":false},"excerpt":{"rendered":"<p>Santo Domingo, R.D., 29 de julio.&#8211; El Diputado Carlos Gabriel Garc\u00eda dijo que los sectores y personalidades que promueven la realizaci\u00f3n de un Referendo para que el pueblo dominicano se exprese sobre el tema del aborto desconocen que esa consulta es imposible de realizar por el momento porque no existe una ley que la regule [&hellip;]<\/p>\n","protected":false},"author":3,"featured_media":0,"comment_status":"open","ping_status":"open","sticky":false,"template":"","format":"standard","meta":{"footnotes":""},"categories":[20],"tags":[],"class_list":["post-217859","post","type-post","status-publish","format-standard","hentry","category-dominicana-hoy"],"_links":{"self":[{"href":"https:\/\/diariodominicano.com\/index.php?rest_route=\/wp\/v2\/posts\/217859","targetHints":{"allow":["GET"]}}],"collection":[{"href":"https:\/\/diariodominicano.com\/index.php?rest_route=\/wp\/v2\/posts"}],"about":[{"href":"https:\/\/diariodominicano.com\/index.php?rest_route=\/wp\/v2\/types\/post"}],"author":[{"embeddable":true,"href":"https:\/\/diariodominicano.com\/index.php?rest_route=\/wp\/v2\/users\/3"}],"replies":[{"embeddable":true,"href":"https:\/\/diariodominicano.com\/index.php?rest_route=%2Fwp%2Fv2%2Fcomments&post=217859"}],"version-history":[{"count":0,"href":"https:\/\/diariodominicano.com\/index.php?rest_route=\/wp\/v2\/posts\/217859\/revisions"}],"wp:attachment":[{"href":"https:\/\/diariodominicano.com\/index.php?rest_route=%2Fwp%2Fv2%2Fmedia&parent=217859"}],"wp:term":[{"taxonomy":"category","embeddable":true,"href":"https:\/\/diariodominicano.com\/index.php?rest_route=%2Fwp%2Fv2%2Fcategories&post=217859"},{"taxonomy":"post_tag","embeddable":true,"href":"https:\/\/diariodominicano.com\/index.php?rest_route=%2Fwp%2Fv2%2Ftags&post=217859"}],"curies":[{"name":"wp","href":"https:\/\/api.w.org\/{rel}","templated":true}]}}