{"id":217858,"date":"2016-07-29T14:26:43","date_gmt":"2016-07-29T14:26:43","guid":{"rendered":"http:\/\/diariodominicano.ddns.net\/?p=217858"},"modified":"2016-07-29T14:26:43","modified_gmt":"2016-07-29T14:26:43","slug":"mp-realiza-taller-sobre-los-derechos-de-las-personas","status":"publish","type":"post","link":"https:\/\/diariodominicano.com\/?p=217858","title":{"rendered":"MP realiza taller sobre los derechos de las personas"},"content":{"rendered":"<p><body><\/p>\n<p><img decoding=\"async\" src=\"img3\/4b27ca11-1bb7-49d6-9f63-a02cfe093997.jpg\" \/>  <\/p>\n<p><strong><span class=\"text1noticias\">Santo Domingo, R.D., 29 de julio.- <\/span><\/strong><span class=\"text1noticias\">La Escuela Nacional del Ministerio P\u00fablico (ENMP) realiz\u00f3 un taller sobre los derechos de las personas y sus relaciones con la administraci\u00f3n p\u00fablica y el procedimiento administrativo, con el prop\u00f3sito de fortalecer los conocimientos y habilidades  de los miembros del Ministerio P\u00fablico.<\/span><\/p>\n<p><span class=\"text1noticias\"> <\/span><\/p>\n<p><span class=\"text1noticias\">Este taller forma parte del Programa de Capacitaci\u00f3n Especializada que desarrolla la ENMP, que procura capacitar a los estudiantes en el conocimiento, interpretaci\u00f3n y aplicaci\u00f3n de las reglas y los principios que rigen al procedimiento administrativo, as\u00ed como desarrollar los conocimientos concretos y necesarios para entender los efectos y consecuencias que sobre la actividad administrativa tiene el procedimiento formal de la Administraci\u00f3n.<\/span><\/p>\n<p><span class=\"text1noticias\"> <\/span><\/p>\n<p><span class=\"text1noticias\">Entre los temas abordados se encuentran: \u00abEl Procedimiento Administrativo y sus Principios\u00bb, \u00abFases y Normas Comunes del Procedimiento Administrativo\u00bb, \u00abActividades Administrativas\u00bb, \u00abRevisi\u00f3n de los Actos Administrativos\u00bb y \u00abProcedimientos Administrativos Especiales\u00bb.<\/span><\/p>\n<p><span class=\"text1noticias\"> <\/span><\/p>\n<p><span class=\"text1noticias\">La docencia  estuvo a cargo de Juan Manuel Guerrero, abogado y catedr\u00e1tico universitario, quien ha ejercido como Juez y Fiscal, actualmente es miembro del Consejo Acad\u00e9mico de la ENMP; y David Betances, procurador general de Corte de Apelaci\u00f3n en el Tribunal Superior Administrativo;. Manuel Ferm\u00edn Cabral, abogado y profesor universitario, M\u00e1ster en Derecho Administrativo por la Universidad de Salamanca, Espa\u00f1a., y Gilbert M. De La Cruz \u00c1lvarez, abogado, M\u00e1ster en Derecho Administrativo por la Universidad de Salamanca, Espa\u00f1a.<\/span><\/p>\n<h6> 2016-07-29 14:26:43 <\/h6>\n<p><!--\n<link rel=\"stylesheet\" href=\"css\/bootstrap.min.css\">\n\n\n<ul class=\"pagination\">\n\t    \n\t\n\n<li >\n\t<a href='?page_no=12337'>Previous<\/a>\n\t<\/li>\n\n\n       \n    \n\n<li><a href='?page_no=1'>1<\/a><\/li>\n\n\n\n<li><a href='?page_no=2'>2<\/a><\/li>\n\n\n\n<li><a>...<\/a><\/li>\n\n\n\n<li><a href='?page_no=12336'>12336<\/a><\/li>\n\n\n\n<li><a href='?page_no=12337'>12337<\/a><\/li>\n\n\n\n<li class='active'><a>12338<\/a><\/li>\n\n\n\n<li><a href='?page_no=12339'>12339<\/a><\/li>\n\n\n\n<li><a href='?page_no=12340'>12340<\/a><\/li>\n\n\n\n<li><a>...<\/a><\/li>\n\n\n\n<li><a href='?page_no=56169'>56169<\/a><\/li>\n\n\n\n<li><a href='?page_no=56170'>56170<\/a><\/li>\n\n    \n\t\n\n<li >\n\t<a href='?page_no=12339'>Next<\/a>\n\t<\/li>\n\n\n    \n\n<li><a href='?page_no=56170'>Last &rsaquo;&rsaquo;<\/a><\/li>\n\n<\/ul>\n\n\n--><br \/>\n<\/body><\/p>\n","protected":false},"excerpt":{"rendered":"<p>Santo Domingo, R.D., 29 de julio.- La Escuela Nacional del Ministerio P\u00fablico (ENMP) realiz\u00f3 un taller sobre los derechos de las personas y sus relaciones con la administraci\u00f3n p\u00fablica y el procedimiento administrativo, con el prop\u00f3sito de fortalecer los conocimientos y habilidades de los miembros del Ministerio P\u00fablico. Este taller forma parte del Programa de [&hellip;]<\/p>\n","protected":false},"author":3,"featured_media":0,"comment_status":"open","ping_status":"open","sticky":false,"template":"","format":"standard","meta":{"footnotes":""},"categories":[20],"tags":[],"class_list":["post-217858","post","type-post","status-publish","format-standard","hentry","category-dominicana-hoy"],"_links":{"self":[{"href":"https:\/\/diariodominicano.com\/index.php?rest_route=\/wp\/v2\/posts\/217858","targetHints":{"allow":["GET"]}}],"collection":[{"href":"https:\/\/diariodominicano.com\/index.php?rest_route=\/wp\/v2\/posts"}],"about":[{"href":"https:\/\/diariodominicano.com\/index.php?rest_route=\/wp\/v2\/types\/post"}],"author":[{"embeddable":true,"href":"https:\/\/diariodominicano.com\/index.php?rest_route=\/wp\/v2\/users\/3"}],"replies":[{"embeddable":true,"href":"https:\/\/diariodominicano.com\/index.php?rest_route=%2Fwp%2Fv2%2Fcomments&post=217858"}],"version-history":[{"count":0,"href":"https:\/\/diariodominicano.com\/index.php?rest_route=\/wp\/v2\/posts\/217858\/revisions"}],"wp:attachment":[{"href":"https:\/\/diariodominicano.com\/index.php?rest_route=%2Fwp%2Fv2%2Fmedia&parent=217858"}],"wp:term":[{"taxonomy":"category","embeddable":true,"href":"https:\/\/diariodominicano.com\/index.php?rest_route=%2Fwp%2Fv2%2Fcategories&post=217858"},{"taxonomy":"post_tag","embeddable":true,"href":"https:\/\/diariodominicano.com\/index.php?rest_route=%2Fwp%2Fv2%2Ftags&post=217858"}],"curies":[{"name":"wp","href":"https:\/\/api.w.org\/{rel}","templated":true}]}}