{"id":217854,"date":"2016-07-29T15:24:43","date_gmt":"2016-07-29T15:24:43","guid":{"rendered":"http:\/\/diariodominicano.ddns.net\/?p=217854"},"modified":"2016-07-29T15:24:43","modified_gmt":"2016-07-29T15:24:43","slug":"gerente-general-de-edesur-se-reune-con-autoridades-de-san-cristobal","status":"publish","type":"post","link":"https:\/\/diariodominicano.com\/?p=217854","title":{"rendered":"Gerente General de EDESUR se re\u00fane con autoridades de San Crist\u00f3bal"},"content":{"rendered":"<p><body><\/p>\n<p><img decoding=\"async\" src=\"img3\/37a5adbb-8e4e-4c37-8a13-9ed7c53e4edd.jpg\" \/>  <\/p>\n<p><span class=\"text1noticias\">San Crist\u00f3bal, R.D., 29 de julio.-El administrador de EDESUR, Radham\u00e9s Del Carmen, encabez\u00f3 una reuni\u00f3n con funcionarios del sector el\u00e9ctrico y autoridades provinciales, donde pas\u00f3 revista a la situaci\u00f3n del suministro energ\u00e9tico en esta zona, tras destacar que la empresa realiza inversiones en m\u00faltiples proyectos de rehabilitaci\u00f3n de redes en varios municipios de esta provincia.<\/span><\/p>\n<p><span class=\"text1noticias\"> <\/span><\/p>\n<p><span class=\"text1noticias\">Del Carmen dijo que en la reuni\u00f3n se trat\u00f3 de una agenda que abarca coordinar con las autoridades provinciales el trabajar en conjunto para completar la tarea que EDESUR tiene pendiente en San Crist\u00f3bal, as\u00ed como el hecho de que los clientes cumplan con los compromisos de pago.<\/span><\/p>\n<p><span class=\"text1noticias\"> <\/span><\/p>\n<p><span class=\"text1noticias\">\u00abHablamos de c\u00f3mo andan los circuitos, la calidad del servicio, el tema de c\u00f3mo andan las p\u00e9rdidas y el comportamiento de pago de los clientes, de manera que hicimos una agenda que abarca planes de trabajo y coordinar una serie de acciones que se deben implementar para mejorar la calidad del suministro el\u00e9ctrico en esta zona\u00bb, sentenci\u00f3 el administrador de EDESUR.<\/span><\/p>\n<p><span class=\"text1noticias\"> <\/span><\/p>\n<p><span class=\"text1noticias\"> Entre los proyectos que ejecuta EDESUR en este sector est\u00e1n la rehabilitaci\u00f3n de redes de los circuitos MVIE 103 en este municipio y GRBO  103 de Haina, que abarcan m\u00e1s de una veintena de comunidades y sectores, donde al t\u00e9rmino de los trabajos estos circuitos entrar\u00e1n al programa 24 horas de electricidad.<\/span><\/p>\n<p><span class=\"text1noticias\"> <\/span><\/p>\n<p><span class=\"text1noticias\">De su lado el senador Tommy Gal\u00e1n  consider\u00f3 que el tema el\u00e9ctrico es un tema de alto impacto social, por lo que con la reuni\u00f3n se conoci\u00f3 un diagn\u00f3stico general de la situaci\u00f3n del servicio en esta provincia.<\/span><\/p>\n<p><span class=\"text1noticias\"> <\/span><\/p>\n<p><span class=\"text1noticias\">\u00abEntendemos que sobre esa base se est\u00e1n haciendo grandes esfuerzos y naturalmente siempre es importante saber y conocer de la mano de las autoridades del sector el\u00e9ctrico lo que se est\u00e1 haciendo, lo que nos da garant\u00edas que los trabajos que se realizan est\u00e1n bien dirigidos\u00bb, precis\u00f3 Gal\u00e1n.<\/span><\/p>\n<p><span class=\"text1noticias\"> <\/span><\/p>\n<p><span class=\"text1noticias\">El gobernador Julio C\u00e9sar D\u00edaz se mostr\u00f3 esperanzado en que lo anunciado por EDESUR traiga soluciones inmediatas a la poblaci\u00f3n, por lo que agradeci\u00f3 la reuni\u00f3n realizada en la oficina de la gobernaci\u00f3n provincial.<\/span><\/p>\n<p><span class=\"text1noticias\"> <\/span><\/p>\n<p><span class=\"text1noticias\">Mientras que el administrador de EGEHID, Demetrio Lluberes, indic\u00f3 que siempre est\u00e1 dispuesto a colaborar con sus acciones en los proyectos que contribuyan al desarrollo del tema el\u00e9ctrico para bien de los residentes en esta provincia.<\/span><\/p>\n<h6> 2016-07-29 15:24:43 <\/h6>\n<p><!--\n<link rel=\"stylesheet\" href=\"css\/bootstrap.min.css\">\n\n\n<ul class=\"pagination\">\n\t    \n\t\n\n<li >\n\t<a href='?page_no=12333'>Previous<\/a>\n\t<\/li>\n\n\n       \n    \n\n<li><a href='?page_no=1'>1<\/a><\/li>\n\n\n\n<li><a href='?page_no=2'>2<\/a><\/li>\n\n\n\n<li><a>...<\/a><\/li>\n\n\n\n<li><a href='?page_no=12332'>12332<\/a><\/li>\n\n\n\n<li><a href='?page_no=12333'>12333<\/a><\/li>\n\n\n\n<li class='active'><a>12334<\/a><\/li>\n\n\n\n<li><a href='?page_no=12335'>12335<\/a><\/li>\n\n\n\n<li><a href='?page_no=12336'>12336<\/a><\/li>\n\n\n\n<li><a>...<\/a><\/li>\n\n\n\n<li><a href='?page_no=56169'>56169<\/a><\/li>\n\n\n\n<li><a href='?page_no=56170'>56170<\/a><\/li>\n\n    \n\t\n\n<li >\n\t<a href='?page_no=12335'>Next<\/a>\n\t<\/li>\n\n\n    \n\n<li><a href='?page_no=56170'>Last &rsaquo;&rsaquo;<\/a><\/li>\n\n<\/ul>\n\n\n--><br \/>\n<\/body><\/p>\n","protected":false},"excerpt":{"rendered":"<p>San Crist\u00f3bal, R.D., 29 de julio.-El administrador de EDESUR, Radham\u00e9s Del Carmen, encabez\u00f3 una reuni\u00f3n con funcionarios del sector el\u00e9ctrico y autoridades provinciales, donde pas\u00f3 revista a la situaci\u00f3n del suministro energ\u00e9tico en esta zona, tras destacar que la empresa realiza inversiones en m\u00faltiples proyectos de rehabilitaci\u00f3n de redes en varios municipios de esta provincia. [&hellip;]<\/p>\n","protected":false},"author":3,"featured_media":0,"comment_status":"open","ping_status":"open","sticky":false,"template":"","format":"standard","meta":{"footnotes":""},"categories":[20],"tags":[],"class_list":["post-217854","post","type-post","status-publish","format-standard","hentry","category-dominicana-hoy"],"_links":{"self":[{"href":"https:\/\/diariodominicano.com\/index.php?rest_route=\/wp\/v2\/posts\/217854","targetHints":{"allow":["GET"]}}],"collection":[{"href":"https:\/\/diariodominicano.com\/index.php?rest_route=\/wp\/v2\/posts"}],"about":[{"href":"https:\/\/diariodominicano.com\/index.php?rest_route=\/wp\/v2\/types\/post"}],"author":[{"embeddable":true,"href":"https:\/\/diariodominicano.com\/index.php?rest_route=\/wp\/v2\/users\/3"}],"replies":[{"embeddable":true,"href":"https:\/\/diariodominicano.com\/index.php?rest_route=%2Fwp%2Fv2%2Fcomments&post=217854"}],"version-history":[{"count":0,"href":"https:\/\/diariodominicano.com\/index.php?rest_route=\/wp\/v2\/posts\/217854\/revisions"}],"wp:attachment":[{"href":"https:\/\/diariodominicano.com\/index.php?rest_route=%2Fwp%2Fv2%2Fmedia&parent=217854"}],"wp:term":[{"taxonomy":"category","embeddable":true,"href":"https:\/\/diariodominicano.com\/index.php?rest_route=%2Fwp%2Fv2%2Fcategories&post=217854"},{"taxonomy":"post_tag","embeddable":true,"href":"https:\/\/diariodominicano.com\/index.php?rest_route=%2Fwp%2Fv2%2Ftags&post=217854"}],"curies":[{"name":"wp","href":"https:\/\/api.w.org\/{rel}","templated":true}]}}